{"id":169681,"date":"2025-06-12T02:07:10","date_gmt":"2025-06-12T02:07:10","guid":{"rendered":"https:\/\/www.europesays.com\/fr\/169681\/"},"modified":"2025-06-12T02:07:10","modified_gmt":"2025-06-12T02:07:10","slug":"atlantic-airways-renforce-sa-liaison-paris-iles-feroe-actualite-aeronautique","status":"publish","type":"post","link":"https:\/\/www.europesays.com\/fr\/169681\/","title":{"rendered":"Atlantic Airways renforce sa liaison Paris\u2013\u00celes F\u00e9ro\u00e9 &#8211; Actualit\u00e9 a\u00e9ronautique"},"content":{"rendered":"<p class=\"subtitle\">Article publi\u00e9 le 11 juin 2025 par David Dagouret<\/p>\n<p>Atlantic Airways passe \u00e0 3 vols par semaine depuis Paris-CDG vers les \u00eeles F\u00e9ro\u00e9.<br \/>\n\u00a0<\/p>\n<p>Depuis le 16 avril 2025, Atlantic Airways, la compagnie nationale des \u00celes F\u00e9ro\u00e9, assure une liaison directe entre Paris-Charles de Gaulle et l\u2019a\u00e9roport de V\u00e1gar, seul a\u00e9roport international de l\u2019archipel nordique. Initialement propos\u00e9e \u00e0 raison de deux fr\u00e9quences hebdomadaires, les lundis et vendredis, cette ligne conna\u00eet d\u00e8s le 28 mai 2025 une mont\u00e9e en puissance avec l\u2019ajout d\u2019un troisi\u00e8me vol le mercredi.<\/p>\n<p>Cette augmentation de capacit\u00e9 r\u00e9pond \u00e0 une demande croissante, tant du c\u00f4t\u00e9 des voyageurs f\u00e9ringiens souhaitant rejoindre la France, que des touristes fran\u00e7ais attir\u00e9s par les paysages spectaculaires des F\u00e9ro\u00e9. Accessible en \u00e0 peine 3h15 de vol, l\u2019archipel gagne ainsi en connectivit\u00e9 tout en offrant une nouvelle option aux amateurs de destinations nature.<\/p>\n<p>La liaison est op\u00e9r\u00e9e en Airbus A320neo, configur\u00e9 en classe unique, et permet \u00e9galement des correspondances fluides via Paris-CDG vers d&rsquo;autres destinations europ\u00e9ennes et internationales.<\/p>\n<p>Ce renforcement de l\u2019offre s\u2019inscrit dans la strat\u00e9gie de d\u00e9veloppement d\u2019Atlantic Airways, qui multiplie ces derni\u00e8res ann\u00e9es les ouvertures vers le continent europ\u00e9en, tout en consolidant son positionnement sur le march\u00e9 du transport a\u00e9rien insulaire.<\/p>\n<p>Horaires des vols directs (heure locale) :\u00a0<\/p>\n<p>Le lundi :\u00a0\u00a0<\/p>\n<ul class=\"puces\">\n<li>D\u00e9part de Paris (CDG) \u00e0 13:35 &#8211; Arriv\u00e9e \u00e0 V\u00e1gar (FAE) \u00e0 15:15<\/li>\n<li>D\u00e9part de V\u00e1gar (FAE) \u00e0 09h00 &#8211; Arriv\u00e9e \u00e0 Paris (CDG) \u00e0 12h35\u00a0\u00a0<\/li>\n<\/ul>\n<p>Les mercredis depuis du 28 mai 2025 : \u202f\u00a0<\/p>\n<ul class=\"puces\">\n<li>D\u00e9part de Paris (CDG) \u00e0 17:20 &#8211; Arriv\u00e9e \u00e0 V\u00e1gar (FAE) \u00e0 19:00\u00a0\u00a0<\/li>\n<li> D\u00e9part de V\u00e1gar (FAE) \u00e0 12h45 &#8211; Arriv\u00e9e \u00e0 Paris (CDG) \u00e0 16h20 \u202f\u00a0<\/li>\n<\/ul>\n<p>Vendredi :\u00a0\u00a0<\/p>\n<ul class=\"puces\">\n<li>D\u00e9part de Paris (CDG) \u00e0 16h50 &#8211; Arriv\u00e9e \u00e0 V\u00e1gar (FAE) \u00e0 18h30\u00a0\u00a0<\/li>\n<li>D\u00e9part de V\u00e1gar (FAE) \u00e0 12h15 &#8211; Arriv\u00e9e \u00e0 Paris (CDG) \u00e0 15h50\u00a0\u00a0<\/li>\n<\/ul>\n<p>Les vols sont op\u00e9r\u00e9s en code-share avec Air France-KLM, assurant des connexions optimales depuis la France enti\u00e8re. Atlantic Airways propose \u00e9galement un service quotidien toute l\u2019ann\u00e9e via Copenhague, en partenariat avec Air France.\u00a0<\/p>\n<p><img loading=\"lazy\" decoding=\"async\" src=\"https:\/\/www.europesays.com\/fr\/wp-content\/uploads\/2025\/06\/6368.jpg\" alt=\"Atlantic\" width=\"600\" height=\"376\" style=\"border:0px solid;\" \/><\/p>\n<p>  Sur le m\u00eame sujet<\/p>\n","protected":false},"excerpt":{"rendered":"Article publi\u00e9 le 11 juin 2025 par David Dagouret Atlantic Airways passe \u00e0 3 vols par semaine depuis&hellip;\n","protected":false},"author":2,"featured_media":169682,"comment_status":"","ping_status":"","sticky":false,"template":"","format":"standard","meta":{"footnotes":""},"categories":[1888],"tags":[1111,1928,47,11,1927,296,30397,30398,7182,13796,17318,30399,9919,11821,341,1777,674,30400,5556,1011,27,30401,30402,1031,12,1926,626,1925,25],"class_list":{"0":"post-169681","1":"post","2":"type-post","3":"status-publish","4":"format-standard","5":"has-post-thumbnail","7":"category-paris","8":"tag-actu","9":"tag-actu-paris","10":"tag-actualite","11":"tag-actualites","12":"tag-actualites-paris","13":"tag-aeronautique","14":"tag-aeroweb","15":"tag-aeroweb-fr-net","16":"tag-aviation","17":"tag-avions","18":"tag-compagnies-aeriennes","19":"tag-constructeurs-aeronautiques","20":"tag-cv","21":"tag-dossiers","22":"tag-emploi","23":"tag-eu","24":"tag-europe","25":"tag-fiches-techniques","26":"tag-forum","27":"tag-fr","28":"tag-france","29":"tag-histoire-de-laeronautique","30":"tag-histoire-de-laviation","31":"tag-magazine","32":"tag-news","33":"tag-news-paris","34":"tag-paris","35":"tag-paris-news","36":"tag-republique-francaise"},"share_on_mastodon":{"url":"https:\/\/pubeurope.com\/@fr\/114667955381859674","error":""},"_links":{"self":[{"href":"https:\/\/www.europesays.com\/fr\/wp-json\/wp\/v2\/posts\/169681","targetHints":{"allow":["GET"]}}],"collection":[{"href":"https:\/\/www.europesays.com\/fr\/wp-json\/wp\/v2\/posts"}],"about":[{"href":"https:\/\/www.europesays.com\/fr\/wp-json\/wp\/v2\/types\/post"}],"author":[{"embeddable":true,"href":"https:\/\/www.europesays.com\/fr\/wp-json\/wp\/v2\/users\/2"}],"replies":[{"embeddable":true,"href":"https:\/\/www.europesays.com\/fr\/wp-json\/wp\/v2\/comments?post=169681"}],"version-history":[{"count":0,"href":"https:\/\/www.europesays.com\/fr\/wp-json\/wp\/v2\/posts\/169681\/revisions"}],"wp:featuredmedia":[{"embeddable":true,"href":"https:\/\/www.europesays.com\/fr\/wp-json\/wp\/v2\/media\/169682"}],"wp:attachment":[{"href":"https:\/\/www.europesays.com\/fr\/wp-json\/wp\/v2\/media?parent=169681"}],"wp:term":[{"taxonomy":"category","embeddable":true,"href":"https:\/\/www.europesays.com\/fr\/wp-json\/wp\/v2\/categories?post=169681"},{"taxonomy":"post_tag","embeddable":true,"href":"https:\/\/www.europesays.com\/fr\/wp-json\/wp\/v2\/tags?post=169681"}],"curies":[{"name":"wp","href":"https:\/\/api.w.org\/{rel}","templated":true}]}}