{"id":169685,"date":"2025-06-12T02:09:20","date_gmt":"2025-06-12T02:09:20","guid":{"rendered":"https:\/\/www.europesays.com\/fr\/169685\/"},"modified":"2025-06-12T02:09:20","modified_gmt":"2025-06-12T02:09:20","slug":"la-filiere-mode-reagit-au-vote-de-la-loi-contre-la-fast-fashion","status":"publish","type":"post","link":"https:\/\/www.europesays.com\/fr\/169685\/","title":{"rendered":"La fili\u00e8re mode r\u00e9agit au vote de la loi contre la fast-fashion"},"content":{"rendered":"<p class=\"article-content col-md-8 offset-md-1\">\n                                Alors que la loi visant \u00e0 r\u00e9duire l&rsquo;impact environnemental de l&rsquo;industrie textile, plus connue sous le nom de loi anti-fast fashion, doit d\u00e9sormais passer en commission mixte paritaire (CMP) \u00e0 l\u2019automne, les r\u00e9actions se sont multipli\u00e9es <a href=\"https:\/\/fr.fashionnetwork.com\/news\/Loi-anti-fast-fashion-le-senat-adopte-un-texte-ciblant-principalement-shein,1739215.html\" rel=\"nofollow noopener\" target=\"_blank\">depuis son vote le 10 juin par les s\u00e9nateurs<\/a>. Si plusieurs f\u00e9d\u00e9rations saluent une \u00e9tape importante, voire une victoire, d\u2019autres demeurent inqui\u00e8tes de certains \u00e9cueils du texte.<img decoding=\"async\" class=\"news-image\" style=\"width:100%;\" src=\"https:\/\/www.europesays.com\/fr\/wp-content\/uploads\/2025\/06\/79c1.jpg\" alt=\"\" loading=\"lazy\"\/> Shutterstock\u201cC\u2019est une victoire historique dans notre combat commun contre les mastodontes comme <a class=\"fnwAddLinks\" href=\"https:\/\/ma.fashionnetwork.com\/tags-shein\" title=\"Shein\" rel=\"nofollow noopener\" target=\"_blank\">Shein<\/a>\u201d, pour Yann Rivoallan, pr\u00e9sident de la F\u00e9d\u00e9ration fran\u00e7aise du pr\u00eat-\u00e0-porter f\u00e9minin (<a class=\"fnwAddLinks\" href=\"https:\/\/ma.fashionnetwork.com\/tags-ffpapf\" title=\"FFPAPF\" rel=\"nofollow noopener\" target=\"_blank\">FFPAPF<\/a>).\n                            <\/p>\n<p>\n                                Tous droits de reproduction et de repr\u00e9sentation r\u00e9serv\u00e9s.<br \/>\u00a9 2025 FashionNetwork.com\n                            <\/p>\n","protected":false},"excerpt":{"rendered":"Alors que la loi visant \u00e0 r\u00e9duire l&rsquo;impact environnemental de l&rsquo;industrie textile, plus connue sous le nom de&hellip;\n","protected":false},"author":2,"featured_media":169686,"comment_status":"","ping_status":"","sticky":false,"template":"","format":"standard","meta":{"footnotes":""},"categories":[1888],"tags":[11,6299,2424,537,2423,1073,1777,674,23139,2417,5948,2418,1011,27,30404,2425,5549,985,12,2298,626,6298,17697,2426,2427,25,2421,1104,2422,30403],"class_list":{"0":"post-169685","1":"post","2":"type-post","3":"status-publish","4":"format-standard","5":"has-post-thumbnail","7":"category-paris","8":"tag-actualites","9":"tag-alliance-du-commerce","10":"tag-beaute","11":"tag-contact","12":"tag-cosmetiques","13":"tag-emmanuel-macron","14":"tag-eu","15":"tag-europe","16":"tag-fashion-revolution","17":"tag-federation-francaise-du-pret-a-porter-feminin","18":"tag-federation-nationale-de-lhabillement","19":"tag-ffpapf","20":"tag-fr","21":"tag-france","22":"tag-kiabi","23":"tag-luxe","24":"tag-max","25":"tag-mode","26":"tag-news","27":"tag-parfum","28":"tag-paris","29":"tag-pierre-francois-le-louet","30":"tag-primark","31":"tag-professionnel","32":"tag-professionnels","33":"tag-republique-francaise","34":"tag-reseau","35":"tag-shein","36":"tag-textile","37":"tag-zara"},"share_on_mastodon":{"url":"https:\/\/pubeurope.com\/@fr\/114667963296315090","error":""},"_links":{"self":[{"href":"https:\/\/www.europesays.com\/fr\/wp-json\/wp\/v2\/posts\/169685","targetHints":{"allow":["GET"]}}],"collection":[{"href":"https:\/\/www.europesays.com\/fr\/wp-json\/wp\/v2\/posts"}],"about":[{"href":"https:\/\/www.europesays.com\/fr\/wp-json\/wp\/v2\/types\/post"}],"author":[{"embeddable":true,"href":"https:\/\/www.europesays.com\/fr\/wp-json\/wp\/v2\/users\/2"}],"replies":[{"embeddable":true,"href":"https:\/\/www.europesays.com\/fr\/wp-json\/wp\/v2\/comments?post=169685"}],"version-history":[{"count":0,"href":"https:\/\/www.europesays.com\/fr\/wp-json\/wp\/v2\/posts\/169685\/revisions"}],"wp:featuredmedia":[{"embeddable":true,"href":"https:\/\/www.europesays.com\/fr\/wp-json\/wp\/v2\/media\/169686"}],"wp:attachment":[{"href":"https:\/\/www.europesays.com\/fr\/wp-json\/wp\/v2\/media?parent=169685"}],"wp:term":[{"taxonomy":"category","embeddable":true,"href":"https:\/\/www.europesays.com\/fr\/wp-json\/wp\/v2\/categories?post=169685"},{"taxonomy":"post_tag","embeddable":true,"href":"https:\/\/www.europesays.com\/fr\/wp-json\/wp\/v2\/tags?post=169685"}],"curies":[{"name":"wp","href":"https:\/\/api.w.org\/{rel}","templated":true}]}}