{"id":169699,"date":"2025-06-12T02:16:12","date_gmt":"2025-06-12T02:16:12","guid":{"rendered":"https:\/\/www.europesays.com\/fr\/169699\/"},"modified":"2025-06-12T02:16:12","modified_gmt":"2025-06-12T02:16:12","slug":"que-peut-faire-la-france-avec-ou-sans-leurope","status":"publish","type":"post","link":"https:\/\/www.europesays.com\/fr\/169699\/","title":{"rendered":"que peut faire la France avec ou sans l&rsquo;Europe ?"},"content":{"rendered":"<p class=\"article-p mdl\">Emmanuel Macron persiste et signe. M\u00eame si aucun \u00e9l\u00e9ment n&rsquo;a filtr\u00e9 \u00e0 ce stade sur les raisons qui ont pouss\u00e9 un adolescent de 14 ans \u00e0 poignarder mortellement une surveillante mardi 10 juin \u00e0 Nogent (Haute-Marne), le pr\u00e9sident de la R\u00e9publique a mis en cause la responsabilit\u00e9 des r\u00e9seaux sociaux et martel\u00e9\u00a0<a class=\"link\" href=\"https:\/\/www.rtl.fr\/actu\/politique\/surveillante-tuee-emmanuel-macron-promet-d-interdire-les-reseaux-sociaux-aux-moins-de-15-ans-si-l-ue-ne-le-fait-pas-7900514259\" title=\"Surveillante tu\u00e9e : Emmanuel Macron promet d&#039;&quot;interdire les r\u00e9seaux sociaux aux moins de 15 ans&quot; si l&#039;UE ne le fait pas\" target=\"_blank\" rel=\"noopener\">sa volont\u00e9 de les interdire aux moins de 15 ans<\/a>. \u00ab\u00a0Je nous donne quelques mois pour arriver \u00e0 faire la mobilisation europ\u00e9enne. Sinon, je n\u00e9gocierai avec les Europ\u00e9ens pour que nous, on commence \u00e0 le faire en France. On ne peut pas attendre\u00a0\u00bb, a-t-il d\u00e9clar\u00e9.\u00a0<\/p>\n<p class=\"article-p mdl\">Le chef de l&rsquo;\u00c9tat avait d\u00e9j\u00e0 affich\u00e9 cette ambition lors d&rsquo;une \u00e9mission sur TF1 le 13 mai, d\u00e9plorant alors \u00ab\u00a0une crise d&rsquo;autorit\u00e9\u00a0\u00bb et \u00ab\u00a0une jeunesse percut\u00e9e par les r\u00e9seaux sociaux\u00a0\u00bb. Quelques jours plus t\u00f4t, la ministre d\u00e9l\u00e9gu\u00e9e au Num\u00e9rique,\u00a0<a class=\"link\" href=\"https:\/\/www.rtl.fr\/actu\/sciences-tech\/pas-de-reseaux-sociaux-avant-15-ans-la-france-agira-seule-si-pas-d-accord-europeen-a-la-rentree-7900503581\" title=\"Pas de r\u00e9seaux sociaux avant 15 ans : la France agira seule si pas d&#039;accord europ\u00e9en \u00e0 la rentr\u00e9e\" target=\"_blank\" rel=\"noopener\">Clara Chappaz, avait mis la pression sur ses partenaires europ\u00e9ens<\/a>\u00a0en affirmant que la France se donnait \u00ab\u00a0trois mois\u00a0\u00bb pour les mobiliser sur ce sujet, faute de quoi Paris fera cavalier seul. Emmanuel Macron avait d\u00e9j\u00e0 plaid\u00e9, en juin 2024, en faveur d&rsquo;une interdiction des r\u00e9seaux sociaux aux moins de 15 ans, et d&rsquo;une interdiction du smartphone avant 11 ans, sur la base des pr\u00e9conisations d&rsquo;une commission d&rsquo;experts nomm\u00e9e par ses soins pour faire \u00e9merger des solutions \u00e0 la probl\u00e9matique du rapport des jeunes aux \u00e9crans.<\/p>\n<p class=\"article-p mdl\">Le contr\u00f4le de l&rsquo;\u00e2ge des mineurs qui se connectent sur les r\u00e9seaux sociaux est\u00a0<a class=\"link\" href=\"https:\/\/www.rtl.fr\/actu\/sciences-tech\/majorite-numerique-a-15-ans-pourquoi-la-mise-en-place-de-la-mesure-defendue-par-macron-s-annonce-difficile-en-europe-7900379346\" title=\"Majorit\u00e9 num\u00e9rique \u00e0 15 ans : pourquoi la mise en place de la mesure d\u00e9fendue par Macron s&#039;annonce difficile en Europe\" target=\"_blank\" rel=\"noopener\">un projet port\u00e9 depuis des ann\u00e9es au niveau national<\/a>. Mais la r\u00e9forme s&rsquo;est heurt\u00e9e pour l&rsquo;instant \u00e0 des probl\u00e8mes de compatibilit\u00e9 technique et r\u00e9glementaire.\u00a0<a class=\"link\" href=\"https:\/\/www.rtl.fr\/actu\/sciences-tech\/la-majorite-numerique-definitivement-adoptee-au-parlement-ce-qui-va-changer-sur-les-reseaux-sociaux-7900279238\" title=\"La &quot;majorit\u00e9 num\u00e9rique&quot; d\u00e9finitivement adopt\u00e9e au Parlement : ce qui va changer sur les r\u00e9seaux sociaux\" target=\"_blank\" rel=\"noopener\">Une loi sur la majorit\u00e9 num\u00e9rique a \u00e9t\u00e9 adopt\u00e9e \u00e0 l&rsquo;\u00e9t\u00e9 2023<\/a>. Elle exige une autorisation parentale pour l\u2019acc\u00e8s des moins de 15 ans aux r\u00e9seaux sociaux, conform\u00e9ment au RGPD de 2018, mais elle n\u2019est jamais entr\u00e9e en application, faute de certitude sur sa conformit\u00e9 au droit europ\u00e9en. Le pr\u00e9sident de la R\u00e9publique avait lui-m\u00eame admis en mai dernier que la v\u00e9rification d&rsquo;\u00e2ge \u00e0 l&rsquo;inscription sur les r\u00e9seaux sociaux est une comp\u00e9tence europ\u00e9enne. \u00ab\u00a0Il faudrait que derri\u00e8re, on engage en parall\u00e8le un combat europ\u00e9en, mais je pense qu&rsquo;il faut le faire, c&rsquo;est une de mes priorit\u00e9s\u00a0\u00bb, avait-il lanc\u00e9.<\/p>\n<p>            La marge d&rsquo;action de la France est limit\u00e9e au niveau national<\/p>\n<p class=\"article-p mdl\">Le texte de r\u00e9f\u00e9rence en Europe en mati\u00e8re de r\u00e9gulation des plateformes num\u00e9riques est\u00a0<a class=\"link\" href=\"https:\/\/www.rtl.fr\/actu\/sciences-tech\/facebook-amazon-tiktok-que-va-changer-le-dsa-la-nouvelle-arme-de-l-europe-face-aux-geants-du-web-7900290690\" title=\"Facebook, Amazon, TikTok... Que va changer le DSA, la nouvelle arme de l&#039;Europe face aux g\u00e9ants du Web ?\" target=\"_blank\" rel=\"noopener\">le Digital Services Act (DSA)<\/a>, entr\u00e9 en vigueur fin 2024. S\u2019il impose la mod\u00e9ration des contenus illicites, il demeure \u00e9vasif sur la question de l\u2019\u00e2ge des utilisateurs. Les plateformes ont l\u2019obligation de prot\u00e9ger les mineurs, mais aucun dispositif technique de v\u00e9rification d\u2019\u00e2ge n\u2019est exig\u00e9. Face \u00e0 ce flou, Paris et plusieurs capitales europ\u00e9ennes plaident pour des mesures plus contraignantes.<\/p>\n<p class=\"article-p mdl\">Le DSA, comme les autres l\u00e9gislations europ\u00e9ennes, verrouille la marge d&rsquo;action nationale. \u00ab\u00a0Les \u00c9tats ne peuvent pas imposer eux-m\u00eames des moyens techniques. L&rsquo;Europe fixe de grands objectifs puis les acteurs d\u00e9terminent les moyens. L&rsquo;intervention des autorit\u00e9s peut se faire uniquement a posteriori, pour v\u00e9rifier que ces moyens sont proportionn\u00e9s par rapport au but. Mais elles ne peuvent pas fixer elles-m\u00eames le type de moyens \u00e0 adopter. C&rsquo;est ce qui fait que les pouvoirs publics se retrouvent un peu coinc\u00e9s sur des questions techniques comme le contr\u00f4le de l&rsquo;\u00e2ge\u00a0\u00bb, observe aupr\u00e8s de RTL Thibault Douville, agr\u00e9g\u00e9 de droit priv\u00e9 et directeur du Master droit du num\u00e9rique \u00e0 l&rsquo;Universit\u00e9 de Caen Normandie.<\/p>\n<p class=\"article-p mdl\">Toute obligation technique d\u00e9cid\u00e9e au niveau national pourra \u00eatre attaqu\u00e9e par les acteurs concern\u00e9s, qui ne sont pas \u00e9tablis en France et rel\u00e8vent du droit europ\u00e9en. C&rsquo;est notamment pour cette raison que\u00a0<a class=\"link\" href=\"https:\/\/www.rtl.fr\/actu\/sciences-tech\/youporn-et-pornhub-bloques-comment-fonctionnent-les-nouveaux-outils-de-verification-de-l-age-des-internautes-7900513147\" title=\"YouPorn et Pornhub bloqu\u00e9s : comment fonctionnent les nouveaux outils de v\u00e9rification de l&#039;\u00e2ge des internautes ?\" target=\"_blank\" rel=\"noopener\">la r\u00e9gulation des sites pornographiques n&rsquo;est pas encore totalement appliqu\u00e9e en France<\/a>. \u00ab\u00a0En l&rsquo;\u00e9tat du droit de l&rsquo;Union, il para\u00eet tr\u00e8s difficile que la France puisse intervenir seule. \u00c0 mon sens, elle n&rsquo;en a pas la comp\u00e9tence. Mais l&rsquo;ex\u00e9cutif n&rsquo;ignore pas la l\u00e9gislation. Les d\u00e9clarations de l&rsquo;ex\u00e9cutif rel\u00e8vent surtout d&rsquo;une strat\u00e9gie de pression politique visant \u00e0 acc\u00e9l\u00e9rer l&rsquo;agenda et faire bouger les lignes au niveau de la Commission europ\u00e9enne\u00a0\u00bb, estime Thibault Douville.<\/p>\n<p>            Paris veut pousser Bruxelles \u00e0 aller plus loin d\u00e8s cet \u00e9t\u00e9<\/p>\n<p class=\"article-p mdl\">L&rsquo;annonce d&rsquo;Emmanuel Macron intervient alors que la Commission europ\u00e9enne pr\u00e9pare des lignes directrices pour aider les plateformes \u00e0 respecter les obligations \u00e9tablies par le DSA. Elles doivent \u00eatre publi\u00e9es durant l&rsquo;\u00e9t\u00e9 apr\u00e8s une consultation publique. En parall\u00e8le, la Commission europ\u00e9enne va commencer \u00e0 exp\u00e9rimenter une application de v\u00e9rification de l&rsquo;\u00e2ge en juillet prochain\u00a0<a class=\"link\" href=\"https:\/\/www.rtl.fr\/actu\/sciences-tech\/demain-nous-aurons-un-portefeuille-numerique-quel-est-ce-projet-evoque-par-bruno-retailleau-7900492300\" target=\"_blank\" rel=\"noopener\">en pr\u00e9vision de l&rsquo;entr\u00e9e en vigueur d&rsquo;un Digital Wallet europ\u00e9en \u00e0 l&rsquo;horizon 2026-2027<\/a>, un portefeuille num\u00e9rique con\u00e7u pour stocker, afficher et v\u00e9rifier les informations d\u2019identification des citoyens europ\u00e9ens.<\/p>\n<p class=\"article-p mdl\">La France et plusieurs pays de l&rsquo;Union europ\u00e9enne souhaitent que l&rsquo;application lanc\u00e9e cet \u00e9t\u00e9 aille plus loin et prenne en charge les m\u00e9canismes de contr\u00f4le parental, permette la v\u00e9rification de l&rsquo;\u00e2ge et limite l&rsquo;utilisation de certaines applications pour les mineurs. Sur X, la ministre fran\u00e7aise d\u00e9l\u00e9gu\u00e9e au Num\u00e9rique, Clara Chappaz, a rappel\u00e9 mercredi que sept pays (la France, la Gr\u00e8ce, le Danemark, l\u2019Espagne, l\u2019Italie, Chypre et la Slov\u00e9nie) se sont engag\u00e9s en faveur d\u2019une telle exigence. Mais cette orientation est loin de faire consensus au sein des Vingt-Sept.<\/p>\n<p>    La r\u00e9daction vous recommande<\/p>\n<p class=\"s-newsletter__title\">\n                L\u2019actualit\u00e9 par la r\u00e9daction de RTL dans votre bo\u00eete mail.\n            <\/p>\n<p class=\"s-newsletter__subtitle\">\n                Gr\u00e2ce \u00e0 votre compte RTL abonnez-vous \u00e0 la newsletter RTL info pour suivre toute l&rsquo;actualit\u00e9 au quotidien\n            <\/p>\n<p>\n                                    Lire la suite\n                                <\/p>\n","protected":false},"excerpt":{"rendered":"Emmanuel Macron persiste et signe. M\u00eame si aucun \u00e9l\u00e9ment n&rsquo;a filtr\u00e9 \u00e0 ce stade sur les raisons qui&hellip;\n","protected":false},"author":2,"featured_media":169700,"comment_status":"","ping_status":"","sticky":false,"template":"","format":"standard","meta":{"footnotes":""},"categories":[1586],"tags":[11,10777,1777,674,107,1011,27,418,12,25,938],"class_list":{"0":"post-169699","1":"post","2":"type-post","3":"status-publish","4":"format-standard","5":"has-post-thumbnail","7":"category-europe","8":"tag-actualites","9":"tag-enfance","10":"tag-eu","11":"tag-europe","12":"tag-fil-info","13":"tag-fr","14":"tag-france","15":"tag-gouvernement","16":"tag-news","17":"tag-republique-francaise","18":"tag-reseaux-sociaux"},"share_on_mastodon":{"url":"https:\/\/pubeurope.com\/@fr\/114667990960546293","error":""},"_links":{"self":[{"href":"https:\/\/www.europesays.com\/fr\/wp-json\/wp\/v2\/posts\/169699","targetHints":{"allow":["GET"]}}],"collection":[{"href":"https:\/\/www.europesays.com\/fr\/wp-json\/wp\/v2\/posts"}],"about":[{"href":"https:\/\/www.europesays.com\/fr\/wp-json\/wp\/v2\/types\/post"}],"author":[{"embeddable":true,"href":"https:\/\/www.europesays.com\/fr\/wp-json\/wp\/v2\/users\/2"}],"replies":[{"embeddable":true,"href":"https:\/\/www.europesays.com\/fr\/wp-json\/wp\/v2\/comments?post=169699"}],"version-history":[{"count":0,"href":"https:\/\/www.europesays.com\/fr\/wp-json\/wp\/v2\/posts\/169699\/revisions"}],"wp:featuredmedia":[{"embeddable":true,"href":"https:\/\/www.europesays.com\/fr\/wp-json\/wp\/v2\/media\/169700"}],"wp:attachment":[{"href":"https:\/\/www.europesays.com\/fr\/wp-json\/wp\/v2\/media?parent=169699"}],"wp:term":[{"taxonomy":"category","embeddable":true,"href":"https:\/\/www.europesays.com\/fr\/wp-json\/wp\/v2\/categories?post=169699"},{"taxonomy":"post_tag","embeddable":true,"href":"https:\/\/www.europesays.com\/fr\/wp-json\/wp\/v2\/tags?post=169699"}],"curies":[{"name":"wp","href":"https:\/\/api.w.org\/{rel}","templated":true}]}}