{"id":169726,"date":"2025-06-12T02:33:37","date_gmt":"2025-06-12T02:33:37","guid":{"rendered":"https:\/\/www.europesays.com\/fr\/169726\/"},"modified":"2025-06-12T02:33:37","modified_gmt":"2025-06-12T02:33:37","slug":"emma-est-conduite-durgence-a-lhopital-fabrice-a-quitte-le-pays-le-resume-de-lepisode-1662-du-jeudi-12-juin-2025","status":"publish","type":"post","link":"https:\/\/www.europesays.com\/fr\/169726\/","title":{"rendered":"Emma est conduite d&rsquo;urgence \u00e0 l&rsquo;h\u00f4pital, Fabrice a quitt\u00e9 le pays&#8230; Le r\u00e9sum\u00e9 de l&rsquo;\u00e9pisode 1662 du jeudi 12 juin 2025"},"content":{"rendered":"<p>Dans Un si grand soleil jeudi 12 juin 2025, C\u00e9cile est furieuse de d\u00e9couvrir que Fabrice a fui et travers\u00e9 la fronti\u00e8re espagnole. Aux Sauvages, une altercation explose entre Emma et Cl\u00e9mence.<\/p>\n<p>Jeudi 12 juin 2025 dans <b>Un si grand soleil<\/b>, dont deux anciennes <a href=\"https:\/\/www.programme-tv.net\/news\/people\/379196-un-si-grand-soleil-deux-acteurs-emblematiques-de-la-serie-officialisent-leur-couple\/\" data-api-deeplink=\"teleloisirs:\/\/news\/379196\" target=\"_blank\" rel=\"noopener\">stars ont officialis\u00e9 leur idylle<\/a> et dans lequel <a href=\"https:\/\/www.programme-tv.net\/news\/series-tv\/380190-un-si-grand-soleil-un-personnage-principal-devoile-son-tout-nouveau-look-ce-soir-et-c-est-tres-reussi-photo\/\" data-api-deeplink=\"teleloisirs:\/\/news\/380190\" target=\"_blank\" rel=\"noopener\">un personnage a chang\u00e9 de look<\/a>&#8230; Le matin, C\u00e9cile et Florent ont un nouvel \u00e9change tendu \u00e0 propos de l&rsquo;affaire du meurtre d&rsquo;Iris et du fait que Fabrice ait pris la fuite. Aux Sauvages, Emma se blesse gri\u00e8vement \u00e0 la main apr\u00e8s une prise de bec avec Cl\u00e9mence.<\/p>\n<p>Un si grand soleil en avance : La cavale de Fabrice s\u00e8me le trouble<\/p>\n<p>Florent n\u2019a toujours pas de nouvelles de Fabrice. Au cabinet BGL, Johanna d\u00e9couvre que Florent re\u00e7oit r\u00e9guli\u00e8rement des messages haineux li\u00e9s \u00e0 l\u2019affaire. Yves, fou de rage apr\u00e8s la fuite de Fabrice, arrive \u00e0 la galerie d&rsquo;Alix (<a href=\"https:\/\/www.programme-tv.net\/news\/series-tv\/275940-un-si-grand-soleil-france-2-qui-est-nadia-fossier-alias-alix-dardel-lamie-de-laetitia-shirley-bousquet\/\" data-api-deeplink=\"teleloisirs:\/\/news\/275940\" target=\"_blank\" rel=\"noopener\">Nadia Fossier<\/a>) pour lui annoncer la mauvaise nouvelle. C\u00e9cile, de son c\u00f4t\u00e9, apprend gr\u00e2ce \u00e0 la police que Fabrice a franchi la fronti\u00e8re espagnole. Pour elle, plus de doute : il a fui la justice car il est coupable. Achille se confie \u00e0 Charlotte sur les tensions entre Florent et C\u00e9cile. Plus tard, m\u00eame Achille commence \u00e0 se poser des questions sur Fabrice. Florent tente de lui expliquer les fondements de la pr\u00e9somption d\u2019innocence.<\/p>\n<p>                        Un si grand soleil en avance : Cl\u00e9mence songe \u00e0 quitter Montpellier<\/p>\n<p>Le matin, Elisabeth demande \u00e0 Alain des nouvelles de l&rsquo;int\u00e9gration de Cl\u00e9mence \u00e0 l&rsquo;h\u00f4pital. Il lui r\u00e9pond que cela va de mal en pis. Dans un flashback, on d\u00e9couvre que c&rsquo;est Elisabeth qui a organis\u00e9 la fuite de l&rsquo;information du harc\u00e8lement concernant Cl\u00e9mence. A l&rsquo;h\u00f4pital, la directrice  informe la m\u00e9decin que David ne sera pas sanctionn\u00e9 pour l&rsquo;insulte qu&rsquo;il a prof\u00e9r\u00e9e envers elle. Cl\u00e9mence est en col\u00e8re et envisage de quitter l&rsquo;h\u00f4pital. Aux Sauvages, Cl\u00e9mence exprime son ras-le-bol \u00e0 Flore et \u00e9voque son possible d\u00e9part de Montpellier. En entendant la chirurgienne se plaindre de son int\u00e9gration difficile \u00e0 l\u2019h\u00f4pital, Emma ne peut s\u2019emp\u00eacher de r\u00e9agir vivement, l\u2019accusant d\u2019harceler ses coll\u00e8gues. Cl\u00e9mence est choqu\u00e9e et s&rsquo;en va.<\/p>\n<p>Un si grand soleil en avance : Emma est conduite d&rsquo;urgence \u00e0 l&rsquo;h\u00f4pital<\/p>\n<p>Victor reproche \u00e0 Emma son attitude, alors qu&rsquo;elle est en train de couper du pain et elle finit par se blesser gravement \u00e0 la main. Flore va chercher sa m\u00e8re qui, malgr\u00e9 son diff\u00e9rend avec Emma, prend imm\u00e9diatement les choses en main. Face \u00e0 l\u2019urgence, elle alerte un chirurgien sp\u00e9cialis\u00e9 et accompagne Emma \u00e0 l\u2019h\u00f4pital, redoutant qu\u2019elle perde l\u2019usage de son pouce et de son index. Tendue, Emma peut compter sur Cl\u00e9mence, qui reste \u00e0 ses c\u00f4t\u00e9s pour l&rsquo;intervention.<\/p>\n","protected":false},"excerpt":{"rendered":"Dans Un si grand soleil jeudi 12 juin 2025, C\u00e9cile est furieuse de d\u00e9couvrir que Fabrice a fui&hellip;\n","protected":false},"author":2,"featured_media":169727,"comment_status":"","ping_status":"","sticky":false,"template":"","format":"standard","meta":{"footnotes":""},"categories":[1356],"tags":[244,58,59,1011,27,876,252,1364,9766,26118,26117],"class_list":{"0":"post-169726","1":"post","2":"type-post","3":"status-publish","4":"format-standard","5":"has-post-thumbnail","7":"category-television","8":"tag-commentaire","9":"tag-divertissement","10":"tag-entertainment","11":"tag-fr","12":"tag-france","13":"tag-france-3","14":"tag-television","15":"tag-tv","16":"tag-un-si-grand-soleil","17":"tag-un-si-grand-soleil-ru00e9sumu00e9","18":"tag-un-si-grand-soleil-ru00e9sumu00e9-en-avance"},"share_on_mastodon":{"url":"https:\/\/pubeurope.com\/@fr\/114668057763835574","error":""},"_links":{"self":[{"href":"https:\/\/www.europesays.com\/fr\/wp-json\/wp\/v2\/posts\/169726","targetHints":{"allow":["GET"]}}],"collection":[{"href":"https:\/\/www.europesays.com\/fr\/wp-json\/wp\/v2\/posts"}],"about":[{"href":"https:\/\/www.europesays.com\/fr\/wp-json\/wp\/v2\/types\/post"}],"author":[{"embeddable":true,"href":"https:\/\/www.europesays.com\/fr\/wp-json\/wp\/v2\/users\/2"}],"replies":[{"embeddable":true,"href":"https:\/\/www.europesays.com\/fr\/wp-json\/wp\/v2\/comments?post=169726"}],"version-history":[{"count":0,"href":"https:\/\/www.europesays.com\/fr\/wp-json\/wp\/v2\/posts\/169726\/revisions"}],"wp:featuredmedia":[{"embeddable":true,"href":"https:\/\/www.europesays.com\/fr\/wp-json\/wp\/v2\/media\/169727"}],"wp:attachment":[{"href":"https:\/\/www.europesays.com\/fr\/wp-json\/wp\/v2\/media?parent=169726"}],"wp:term":[{"taxonomy":"category","embeddable":true,"href":"https:\/\/www.europesays.com\/fr\/wp-json\/wp\/v2\/categories?post=169726"},{"taxonomy":"post_tag","embeddable":true,"href":"https:\/\/www.europesays.com\/fr\/wp-json\/wp\/v2\/tags?post=169726"}],"curies":[{"name":"wp","href":"https:\/\/api.w.org\/{rel}","templated":true}]}}