{"id":169730,"date":"2025-06-12T02:35:50","date_gmt":"2025-06-12T02:35:50","guid":{"rendered":"https:\/\/www.europesays.com\/fr\/169730\/"},"modified":"2025-06-12T02:35:50","modified_gmt":"2025-06-12T02:35:50","slug":"tence-un-cine-debat-suivi-dune-degustation-de-tapas-vendredi","status":"publish","type":"post","link":"https:\/\/www.europesays.com\/fr\/169730\/","title":{"rendered":"Tence : un cin\u00e9-d\u00e9bat suivi d&rsquo;une d\u00e9gustation de tapas vendredi"},"content":{"rendered":"<p>\t\t\t\t\t\t\t\t\t\t\t\t\t\t\t\t\t\t\t\t\t\t\t\t\t\t\t\t\t\t\t\t\t\t\t\t\t\t\t\t\t\t\t\t\t\t<img decoding=\"async\" src=\"https:\/\/www.europesays.com\/fr\/wp-content\/uploads\/2025\/06\/rural2025-4.gif\" alt=\"Tence Rural Master juin 2025\"\/><\/p>\n<p><strong>En collaboration avec le comit\u00e9 de jumelage, au cin\u00e9ma de Tence, sera projet\u00e9 vendredi 13 juin \u00e0 21 heures \u00ab\u00a0La Llorona de\u00a0Jayro Bustamante\u00a0\u00bb.<\/strong><\/p>\n<p>D\u00e9j\u00e0 23 ans que Tence est jumel\u00e9 avec Garrucha en Espagne (Andalousie) et que les animations en lien avec ce jumelage sont foisonnantes.<strong> <\/strong><\/p>\n<p>Le r\u00e9alisateur \u00e9voque ses terreurs d&rsquo;enfance li\u00e9es \u00e0 la guerre civile qui a ravag\u00e9 le Guatemala. Il rend visible un g\u00e9nocide effac\u00e9 de l&rsquo;histoire officielle de son pays. Cette soir\u00e9e, en pr\u00e9sence d&rsquo;\u00c9velyne Jacquet, est ouverte \u00e0 tous, aux tarifs habituels.<\/p>\n<p>Elle sera suivie d&rsquo;une d\u00e9gustation de tapas offerte par les membres du comit\u00e9 de jumelage.<\/p>\n<p>Ce thriller fantastique annonce la semaine nomm\u00e9e \u00ab\u00a0El pasaje del Terror\u00a0\u00bb (le passage de la Terreur), qui pimentera l&rsquo;\u00e9t\u00e9 sur le Haut-Lignon du 1er au 7 ao\u00fbt.\u00a0<\/p>\n","protected":false},"excerpt":{"rendered":"En collaboration avec le comit\u00e9 de jumelage, au cin\u00e9ma de Tence, sera projet\u00e9 vendredi 13 juin \u00e0 21&hellip;\n","protected":false},"author":2,"featured_media":169731,"comment_status":"","ping_status":"","sticky":false,"template":"","format":"standard","meta":{"footnotes":""},"categories":[1354],"tags":[2281,58,59,2282,1346,1011,27,2280,2284,2285,2283,1360],"class_list":{"0":"post-169730","1":"post","2":"type-post","3":"status-publish","4":"format-standard","5":"has-post-thumbnail","7":"category-films","8":"tag-actualite-43","9":"tag-divertissement","10":"tag-entertainment","11":"tag-faits-divers-auvergne","12":"tag-films","13":"tag-fr","14":"tag-france","15":"tag-information-haute-loire","16":"tag-infos-43","17":"tag-journal-haute-loire","18":"tag-la-commere-43","19":"tag-movies"},"share_on_mastodon":{"url":"https:\/\/pubeurope.com\/@fr\/114668069390141617","error":""},"_links":{"self":[{"href":"https:\/\/www.europesays.com\/fr\/wp-json\/wp\/v2\/posts\/169730","targetHints":{"allow":["GET"]}}],"collection":[{"href":"https:\/\/www.europesays.com\/fr\/wp-json\/wp\/v2\/posts"}],"about":[{"href":"https:\/\/www.europesays.com\/fr\/wp-json\/wp\/v2\/types\/post"}],"author":[{"embeddable":true,"href":"https:\/\/www.europesays.com\/fr\/wp-json\/wp\/v2\/users\/2"}],"replies":[{"embeddable":true,"href":"https:\/\/www.europesays.com\/fr\/wp-json\/wp\/v2\/comments?post=169730"}],"version-history":[{"count":0,"href":"https:\/\/www.europesays.com\/fr\/wp-json\/wp\/v2\/posts\/169730\/revisions"}],"wp:featuredmedia":[{"embeddable":true,"href":"https:\/\/www.europesays.com\/fr\/wp-json\/wp\/v2\/media\/169731"}],"wp:attachment":[{"href":"https:\/\/www.europesays.com\/fr\/wp-json\/wp\/v2\/media?parent=169730"}],"wp:term":[{"taxonomy":"category","embeddable":true,"href":"https:\/\/www.europesays.com\/fr\/wp-json\/wp\/v2\/categories?post=169730"},{"taxonomy":"post_tag","embeddable":true,"href":"https:\/\/www.europesays.com\/fr\/wp-json\/wp\/v2\/tags?post=169730"}],"curies":[{"name":"wp","href":"https:\/\/api.w.org\/{rel}","templated":true}]}}