{"id":169739,"date":"2025-06-12T02:41:09","date_gmt":"2025-06-12T02:41:09","guid":{"rendered":"https:\/\/www.europesays.com\/fr\/169739\/"},"modified":"2025-06-12T02:41:09","modified_gmt":"2025-06-12T02:41:09","slug":"teheran-menace-de-cibler-les-bases-americaines-au-moyen-orient-en-cas-de-conflit","status":"publish","type":"post","link":"https:\/\/www.europesays.com\/fr\/169739\/","title":{"rendered":"T\u00e9h\u00e9ran menace de cibler les bases am\u00e9ricaines au Moyen-Orient en cas de conflit"},"content":{"rendered":"<p>En r\u00e9action, les \u00c9tats-Unis vont r\u00e9duire les effectifs de leur ambassade \u00e0 Bagdad pour des raisons de s\u00e9curit\u00e9.<\/p>\n<p class=\"fig-paragraph\">L&rsquo;Iran a averti mercredi qu&rsquo;il ciblerait les bases militaires am\u00e9ricaines au Moyen-Orient en cas de conflit avec les \u00c9tats-Unis, dont le pr\u00e9sident, Donald Trump, dit se sentir \u00abmoins confiant\u00bb de parvenir \u00e0 un accord avec T\u00e9h\u00e9ran pour encadrer son programme nucl\u00e9aire. En cas d&rsquo;\u00e9chec des n\u00e9gociations, si \u00abun conflit nous est impos\u00e9, l&rsquo;autre camp subira assur\u00e9ment plus de pertes que nous\u00bb, a d\u00e9clar\u00e9 le ministre iranien de la D\u00e9fense, Aziz Nasirzadeh. \u00abLeurs bases sont \u00e0 notre port\u00e9e\u00bb et \u00ables \u00c9tats-Unis devront quitter la r\u00e9gion\u00bb, a-t-il ajout\u00e9.<\/p>\n<p class=\"fig-paragraph\">Selon le site Internet de la cha\u00eene am\u00e9ricaine CBS, des responsables am\u00e9ricains ont \u00e9t\u00e9 inform\u00e9s qu\u2019Isra\u00ebl est d\u2019ores et d\u00e9j\u00e0 pr\u00eat \u00e0 lancer une op\u00e9ration contre l\u2019Iran.<\/p>\n<p class=\"fig-paragraph\">Les \u00c9tats-Unis disposent de nombreuses bases militaires \u00e0 proximit\u00e9 de l\u2019Iran, la plus importante \u00e9tant situ\u00e9e au Qatar, o\u00f9 se trouve le si\u00e8ge du commandement central de l\u2019arm\u00e9e am\u00e9ricaine au Moyen-Orient (Centcom). Donald Trump a confirm\u00e9 mercredi soir depuis le Kennedy Center \u00e0 Washington le d\u00e9placement de membres du personnel am\u00e9ricain dans la r\u00e9gion \u00abparce que cela pourrait \u00eatre un endroit dangereux\u00bb dans les jours \u00e0 venir. \u00abNous verrons bien ce qui va se passer\u00bb, a-t-il d\u00e9clar\u00e9 \u00e0 des journalistes. Il a \u00e9galement r\u00e9affirm\u00e9 que les \u00c9tats-Unis ne voulaient pas que l\u2019Iran d\u00e9veloppe une arme nucl\u00e9aire\u00a0: \u00abNous n\u2019allons pas permettre cela\u00bb, a-t-il d\u00e9clar\u00e9.<\/p>\n<p class=\"fig-paragraph\">Auparavant, des responsables am\u00e9ricains avaient indiqu\u00e9 que les \u00c9tats-Unis r\u00e9duisaient les effectifs de leur ambassade en Irak pour des raisons de s\u00e9curit\u00e9. Selon le Washington Post, le secr\u00e9taire \u00e0 la D\u00e9fense Pete Hegseth aurait autoris\u00e9 le \u00abd\u00e9part volontaire\u00bb des membres des familles de militaires des installations am\u00e9ricaines \u00e0 travers le Moyen-Orient.<\/p>\n<blockquote class=\"fig-quote&#10;    \">\n<p class=\"fig-quote__text\">Ils sont en train d\u2019\u00eatre d\u00e9plac\u00e9s parce que cela pourrait \u00eatre un endroit dangereux.\u00a0\u00bb<\/p>\n<p>            Donald Trump\n    <\/p><\/blockquote>\n<p class=\"fig-paragraph\">L&rsquo;agence de s\u00e9curit\u00e9 maritime UKMTO, g\u00e9r\u00e9e par la marine britannique, a publi\u00e9 une note d&rsquo;information alertant sur \u00abla mont\u00e9e des tensions\u00bb au Moyen-Orient, susceptible d&rsquo;entra\u00eener \u00abune escalade des activit\u00e9s militaires avec un impact direct sur les marins\u00bb.<\/p>\n<p class=\"fig-paragraph\">L&rsquo;Iran et les \u00c9tats-Unis, autrefois proches alli\u00e9s mais \u00e0 couteaux tir\u00e9s depuis quatre d\u00e9cennies, ont tenu depuis avril cinq cycles de pourparlers sur le nucl\u00e9aire sous m\u00e9diation du sultanat d&rsquo;Oman. De nouvelles discussions sont pr\u00e9vues dimanche, selon l&rsquo;Iran. Selon le journaliste Barak Ravid, du m\u00e9dia Axios, l\u2019envoy\u00e9 de la Maison-Blanche, Steve Witkoff, va rencontrer le ministre iranien des Affaires \u00e9trang\u00e8res Abbas Araghchi dimanche \u00e0 Mascate pour discuter de la r\u00e9ponse iranienne \u00e0 la r\u00e9cente proposition am\u00e9ricaine. \u00abJe suis beaucoup moins confiant (qu&rsquo;auparavant) de parvenir \u00e0 un accord\u00bb, avec l&rsquo;Iran, a d\u00e9clar\u00e9 Donald Trump dans un podcast du New York Post, enregistr\u00e9 lundi et diffus\u00e9 mercredi.<\/p>\n<p>\u00abSans morts, ce serait tellement mieux\u00bb<\/p>\n<p class=\"fig-paragraph\">\u00abIls semblent tergiverser\u00bb, a soulign\u00e9 le pr\u00e9sident am\u00e9ricain, qui a plusieurs fois menac\u00e9 de s&rsquo;en prendre militairement \u00e0 l&rsquo;Iran en cas d&rsquo;\u00e9chec de la diplomatie. \u00abCe serait mieux de le faire sans guerre. Sans morts, ce serait tellement mieux\u00bb, a mis en avant Donald Trump, ajoutant ne \u00abpas voir le m\u00eame enthousiasme\u00bb chez les Iraniens \u00abpour conclure un accord\u00bb.<\/p>\n<p class=\"fig-paragraph\">Les deux pays tentent de s&rsquo;entendre sur un potentiel texte qui emp\u00eacherait l&rsquo;Iran de se doter de l&rsquo;arme atomique &#8211; une ambition que T\u00e9h\u00e9ran se d\u00e9fend farouchement de nourrir &#8211; en \u00e9change d&rsquo;une lev\u00e9e des sanctions qui paralysent son \u00e9conomie. Les discussions butent notamment sur la question de l&rsquo;enrichissement d&rsquo;uranium. Les \u00c9tats-Unis exigent que l&rsquo;Iran y renonce totalement, tandis que T\u00e9h\u00e9ran consid\u00e8re cette demande comme non n\u00e9gociable, arguant qu&rsquo;elle est contraire au Trait\u00e9 de non-prolif\u00e9ration nucl\u00e9aire (TNP) dont il est signataire.<\/p>\n<p class=\"fig-paragraph\">Selon l&rsquo;Agence internationale de l&rsquo;\u00e9nergie atomique (AIEA), l&rsquo;Iran est le seul \u00c9tat non dot\u00e9 d&rsquo;armes nucl\u00e9aires\u00a0<a href=\"http:\/\/www.lefigaro.fr\/flash-actu\/nous-n-autoriserons-aucun-enrichissement-d-uranium-par-l-iran-assure-trump-20250603\" target=\"_blank\" data-fig-type=\"NewsFlash\" rel=\"noopener\" data-gtm-custom-categorie=\"navigation\" data-gtm-custom-action=\"crossclick\" data-gtm-custom-label=\"Contextuel\" data-gtm-event=\"customEventSPE\" data-fig-domain=\"LEFIGARO\">\u00e0 enrichir de l&rsquo;uranium<\/a>\u00a0\u00e0 un niveau \u00e9lev\u00e9 (60%), bien au-del\u00e0 de la limite de 3,67% fix\u00e9e par l&rsquo;accord multilat\u00e9ral sur le nucl\u00e9aire conclu avec l&rsquo;Iran en 2015, mais dont les \u00c9tats-Unis se sont retir\u00e9s. Pour fabriquer une bombe atomique, l&rsquo;enrichissement doit \u00eatre pouss\u00e9 jusqu&rsquo;\u00e0 90%, d&rsquo;apr\u00e8s\u00a0<a href=\"http:\/\/www.lefigaro.fr\/international\/l-iran-considere-l-arme-nucleaire-comme-inacceptable-dit-son-chef-de-la-diplomatie-20250531\" target=\"_blank\" data-fig-type=\"NewsFlash\" rel=\"noopener\" data-gtm-custom-categorie=\"navigation\" data-gtm-custom-action=\"crossclick\" data-gtm-custom-label=\"Contextuel\" data-gtm-event=\"customEventSPE\" data-fig-domain=\"LEFIGARO\">l&rsquo;AIEA<\/a>, gendarme onusien du nucl\u00e9aire.<\/p>\n<p>Un accord sur le nucl\u00e9aire iranien de plus en plus improbable<\/p>\n<p class=\"fig-paragraph\">L&rsquo;Iran a re\u00e7u des \u00c9tats-Unis une proposition d&rsquo;accord dont les \u00e9l\u00e9ments n&rsquo;ont pas convaincu le pouvoir iranien. Le guide supr\u00eame iranien, l&rsquo;ayatollah Ali Khamenei, ultime d\u00e9cideur sur les dossiers strat\u00e9giques, a qualifi\u00e9 cette offre de \u00ab100% contraire\u00bb aux int\u00e9r\u00eats de son pays. Le texte am\u00e9ricain, qui n&rsquo;a pas \u00e9t\u00e9 rendu public, ne mentionne pas la question de la lev\u00e9e des sanctions, dont T\u00e9h\u00e9ran fait une priorit\u00e9, selon le pr\u00e9sident du Parlement iranien, Mohammad-Bagher Ghalibaf.<\/p>\n<p class=\"fig-paragraph\">L&rsquo;Iran a indiqu\u00e9 lundi qu&rsquo;il soumettrait dans les prochains jours sa propre proposition aux \u00c9tats-Unis, au moment o\u00f9 l&rsquo;AIEA tient cette semaine \u00e0 Vienne une importante r\u00e9union trimestrielle qui passera notamment en revue les activit\u00e9s nucl\u00e9aires iraniennes. Trois sources diplomatiques ont indiqu\u00e9 \u00e0 l&rsquo;AFP que les Europ\u00e9ens et les \u00c9tats-Unis avaient soumis mardi une r\u00e9solution pour condamner \u00able non-respect\u00bb par l&rsquo;Iran de ses obligations dans ce domaine.<\/p>\n<p class=\"fig-paragraph\">En cas d&rsquo;adoption, lors d&rsquo;un vote pr\u00e9vu tard mercredi au Conseil des gouverneurs de l&rsquo;AIEA, cette r\u00e9solution donnerait des arguments \u00e0 ces pays pour d\u00e9clencher un m\u00e9canisme permettant de r\u00e9tablir des sanctions onusiennes contre l&rsquo;Iran, une clause pr\u00e9vue dans l&rsquo;accord sur le nucl\u00e9aire de 2015. L&rsquo;Iran a menac\u00e9 de r\u00e9duire sa coop\u00e9ration avec l&rsquo;AIEA si une telle r\u00e9solution \u00e9tait adopt\u00e9e.<\/p>\n<p class=\"fig-paragraph\">Le pacte de 2015 avait \u00e9t\u00e9 conclu entre l&rsquo;Iran et les cinq membres permanents du Conseil de s\u00e9curit\u00e9 de l&rsquo;ONU (Chine, \u00c9tats-Unis, France, Royaume-Uni, Russie) plus l&rsquo;Allemagne. Mais en 2018, Donald Trump en avait retir\u00e9 unilat\u00e9ralement son pays et r\u00e9tabli des sanctions am\u00e9ricaines contre l&rsquo;Iran. En repr\u00e9sailles, T\u00e9h\u00e9ran a dans la foul\u00e9e fait monter en puissance son programme nucl\u00e9aire.<\/p>\n","protected":false},"excerpt":{"rendered":"En r\u00e9action, les \u00c9tats-Unis vont r\u00e9duire les effectifs de leur ambassade \u00e0 Bagdad pour des raisons de s\u00e9curit\u00e9.&hellip;\n","protected":false},"author":2,"featured_media":169740,"comment_status":"","ping_status":"","sticky":false,"template":"","format":"standard","meta":{"footnotes":""},"categories":[5],"tags":[259,11,260,73,1011,27,14,3019,261,12,3020,262,28],"class_list":{"0":"post-169739","1":"post","2":"type-post","3":"status-publish","4":"format-standard","5":"has-post-thumbnail","7":"category-international","8":"tag-actualite-internationale","9":"tag-actualites","10":"tag-affaires-etrangeres","11":"tag-etats-unis","12":"tag-fr","13":"tag-france","14":"tag-international","15":"tag-iran","16":"tag-ministere-des-affaires-etrangeres","17":"tag-news","18":"tag-nucleaire-iranien","19":"tag-politique-etrangere","20":"tag-world"},"share_on_mastodon":{"url":"https:\/\/pubeurope.com\/@fr\/114668089097087817","error":""},"_links":{"self":[{"href":"https:\/\/www.europesays.com\/fr\/wp-json\/wp\/v2\/posts\/169739","targetHints":{"allow":["GET"]}}],"collection":[{"href":"https:\/\/www.europesays.com\/fr\/wp-json\/wp\/v2\/posts"}],"about":[{"href":"https:\/\/www.europesays.com\/fr\/wp-json\/wp\/v2\/types\/post"}],"author":[{"embeddable":true,"href":"https:\/\/www.europesays.com\/fr\/wp-json\/wp\/v2\/users\/2"}],"replies":[{"embeddable":true,"href":"https:\/\/www.europesays.com\/fr\/wp-json\/wp\/v2\/comments?post=169739"}],"version-history":[{"count":0,"href":"https:\/\/www.europesays.com\/fr\/wp-json\/wp\/v2\/posts\/169739\/revisions"}],"wp:featuredmedia":[{"embeddable":true,"href":"https:\/\/www.europesays.com\/fr\/wp-json\/wp\/v2\/media\/169740"}],"wp:attachment":[{"href":"https:\/\/www.europesays.com\/fr\/wp-json\/wp\/v2\/media?parent=169739"}],"wp:term":[{"taxonomy":"category","embeddable":true,"href":"https:\/\/www.europesays.com\/fr\/wp-json\/wp\/v2\/categories?post=169739"},{"taxonomy":"post_tag","embeddable":true,"href":"https:\/\/www.europesays.com\/fr\/wp-json\/wp\/v2\/tags?post=169739"}],"curies":[{"name":"wp","href":"https:\/\/api.w.org\/{rel}","templated":true}]}}