{"id":169757,"date":"2025-06-12T02:56:57","date_gmt":"2025-06-12T02:56:57","guid":{"rendered":"https:\/\/www.europesays.com\/fr\/169757\/"},"modified":"2025-06-12T02:56:57","modified_gmt":"2025-06-12T02:56:57","slug":"a-quelle-heure-et-sur-quelle-chaine-regarder-le-match-dacces-au-top-14","status":"publish","type":"post","link":"https:\/\/www.europesays.com\/fr\/169757\/","title":{"rendered":"\u00e0 quelle heure et sur quelle cha\u00eene regarder le match d\u2019acc\u00e8s au Top 14"},"content":{"rendered":"<p>Ce samedi 14 juin, le FCG re\u00e7oit l\u2019USAP. En jeu, une place en Top 14 la saison prochaine.<\/p>\n<p class=\"fig-paragraph\">Qui de Grenoble, finaliste malheureux de Pro D2, ou de Perpignan, 13e de Top 1, \u00e9voluera en \u00e9lite la saison prochaine\u00a0? C\u2019est le terrible enjeu de l\u2019access-match qui se disputera ce samedi au stade des Alpes.<\/p>\n<p class=\"fig-paragraph\"><a href=\"http:\/\/www.lefigaro.fr\/sports\/rugby\/top-14\/pro-d2-les-grenoblois-maudits-vont-devoir-digerer-avant-le-barrage-20250607\" data-fig-type=\"NewsFlash\" data-gtm-custom-categorie=\"navigation\" data-gtm-custom-action=\"crossclick\" data-gtm-custom-label=\"Contextuel\" data-gtm-event=\"customEventSPE\" data-fig-domain=\"LEFIGARO\" target=\"_blank\" rel=\"noopener\">Les joueurs du FCG doivent se relever de l\u2019immense d\u00e9ception<\/a>\u00a0de la finale de Pro D2 \u2013 la troisi\u00e8me de suite \u2013 perdue samedi dernier face \u00e0 Montauban. \u00abTout le monde est tr\u00e8s malheureux, tr\u00e8s touch\u00e9\u00bb, avait reconnu l\u2019entra\u00eeneur du premier de la saison r\u00e9guli\u00e8re, Patrick Pezery. \u00abOn a perdu ce match et il y a des raisons mais on va remobiliser les mecs et faire ce qu\u2019il faut car il nous reste encore une option.\u00bb<\/p>\n<p>Les Catalans galvanis\u00e9s<\/p>\n<p class=\"fig-paragraph\">C\u00f4t\u00e9 catalan, galvanis\u00e9 par la victoire contre le Stade Toulousain lors de la 26e et derni\u00e8re journ\u00e9e de la saison r\u00e9guli\u00e8re de Top 14, l\u2019espoir est de mise. \u00abOn est d\u00e9j\u00e0 focus sur le match de Grenoble\u00bb, a ainsi pr\u00e9venu\u00a0<a href=\"http:\/\/www.lefigaro.fr\/sports\/rugby\/top-14\/top-14-on-est-deja-focus-sur-le-match-de-grenoble-assure-le-perpignanais-mathys-lotrian-20250608\" data-fig-type=\"NewsFlash\" data-gtm-custom-categorie=\"navigation\" data-gtm-custom-action=\"crossclick\" data-gtm-custom-label=\"Contextuel\" data-gtm-event=\"customEventSPE\" data-fig-domain=\"LEFIGARO\" target=\"_blank\" rel=\"noopener\">Mathys Lotrian, le talonneur de l\u2019USAP<\/a>, juste apr\u00e8s avoir battu les champions de France.<\/p>\n<p class=\"fig-paragraph\">Cette rencontre sous haute tension sera \u00e0 suivre \u00e0 partir de 18h ce samedi sur Canal + et sera \u00e9galement \u00e0 suivre en direct comment\u00e9 sur le site du Figaro.<\/p>\n","protected":false},"excerpt":{"rendered":"Ce samedi 14 juin, le FCG re\u00e7oit l\u2019USAP. En jeu, une place en Top 14 la saison prochaine.&hellip;\n","protected":false},"author":2,"featured_media":169758,"comment_status":"","ping_status":"","sticky":false,"template":"","format":"standard","meta":{"footnotes":""},"categories":[9566],"tags":[1111,11,2430,525,4590,1981,2313,814,1777,674,1011,27,2731,955,12,3464,4589,2311,25,1980,479,2259,478,2310,2312,14988],"class_list":{"0":"post-169757","1":"post","2":"type-post","3":"status-publish","4":"format-standard","5":"has-post-thumbnail","7":"category-grenoble","8":"tag-actu","9":"tag-actualites","10":"tag-auvergne-rhone-alpes","11":"tag-calendrier","12":"tag-championnat-france","13":"tag-classement","14":"tag-clermont","15":"tag-direct","16":"tag-eu","17":"tag-europe","18":"tag-fr","19":"tag-france","20":"tag-grenoble","21":"tag-match","22":"tag-news","23":"tag-perpignan","24":"tag-phase-finale","25":"tag-racing","26":"tag-republique-francaise","27":"tag-resultats","28":"tag-rugby","29":"tag-score","30":"tag-top-14","31":"tag-toulon","32":"tag-toulouse","33":"tag-usap"},"share_on_mastodon":{"url":"https:\/\/pubeurope.com\/@fr\/114668151933725312","error":""},"_links":{"self":[{"href":"https:\/\/www.europesays.com\/fr\/wp-json\/wp\/v2\/posts\/169757","targetHints":{"allow":["GET"]}}],"collection":[{"href":"https:\/\/www.europesays.com\/fr\/wp-json\/wp\/v2\/posts"}],"about":[{"href":"https:\/\/www.europesays.com\/fr\/wp-json\/wp\/v2\/types\/post"}],"author":[{"embeddable":true,"href":"https:\/\/www.europesays.com\/fr\/wp-json\/wp\/v2\/users\/2"}],"replies":[{"embeddable":true,"href":"https:\/\/www.europesays.com\/fr\/wp-json\/wp\/v2\/comments?post=169757"}],"version-history":[{"count":0,"href":"https:\/\/www.europesays.com\/fr\/wp-json\/wp\/v2\/posts\/169757\/revisions"}],"wp:featuredmedia":[{"embeddable":true,"href":"https:\/\/www.europesays.com\/fr\/wp-json\/wp\/v2\/media\/169758"}],"wp:attachment":[{"href":"https:\/\/www.europesays.com\/fr\/wp-json\/wp\/v2\/media?parent=169757"}],"wp:term":[{"taxonomy":"category","embeddable":true,"href":"https:\/\/www.europesays.com\/fr\/wp-json\/wp\/v2\/categories?post=169757"},{"taxonomy":"post_tag","embeddable":true,"href":"https:\/\/www.europesays.com\/fr\/wp-json\/wp\/v2\/tags?post=169757"}],"curies":[{"name":"wp","href":"https:\/\/api.w.org\/{rel}","templated":true}]}}