{"id":169759,"date":"2025-06-12T02:58:16","date_gmt":"2025-06-12T02:58:16","guid":{"rendered":"https:\/\/www.europesays.com\/fr\/169759\/"},"modified":"2025-06-12T02:58:16","modified_gmt":"2025-06-12T02:58:16","slug":"ce-nest-pas-rassurant-quatre-ecoles-rennaises-mobilisees-contre-des-fermetures-de","status":"publish","type":"post","link":"https:\/\/www.europesays.com\/fr\/169759\/","title":{"rendered":"\u00ab\u00a0Ce n\u2019est pas rassurant\u00a0\u00bb\u00a0: quatre \u00e9coles rennaises mobilis\u00e9es contre des fermetures de"},"content":{"rendered":"<p><strong>\u00ab\u00a0C\u2019est une petite \u00e9cole, pourquoi ils ferment une classe\u00a0?\u00a0\u00bb<\/strong> Devant l\u2019\u00e9cole Saint-Aubin place saint-Anne, mercredi 11\u00a0juin 2025 \u00e0 Rennes (Ille-et-Vilaine), des parents d\u2019\u00e9l\u00e8ves s\u2019interrogent. L\u2019\u00e9cole \u00e9l\u00e9mentaire fait partie\u00a0de celles pour lesquelles la carte scolaire pr\u00e9voit une fermeture de classe conditionnelle \u00e0 la rentr\u00e9e prochaine.<\/p>\n<p><strong>\u00ab\u00a0L\u2019\u00c9ducation nationale justifie cette fermeture de classe par\u00a0une baisse d\u2019effectif d\u2019environ 15\u00a0\u00e9l\u00e8ves\u00a0\u00bb, <\/strong>explique S\u00e9verine Artero, parent d\u2019\u00e9l\u00e8ves d\u00e9l\u00e9gu\u00e9e. <strong>Au lieu de\u00a0neuf\u00a0classes nous en aurons huit avec 28 \u00e0 32\u00a0\u00e9l\u00e8ves par classe.<\/strong> <strong>Pourtant nous avons notamment un dispositif d\u2019accueil de 12\u00a0\u00e9l\u00e8ves allophones qui ont une enseignante \u00e0 mi-temps d\u00e9di\u00e9e. Quand elle n\u2019est pas l\u00e0, ils sont r\u00e9partis dans les classes et viendront s\u2019ajouter \u00e0 un effectif d\u00e9j\u00e0 trop \u00e9lev\u00e9.\u00a0\u00bb<\/strong><\/p>\n<p><strong>Lire aussi\u00a0: <\/strong> <a href=\"https:\/\/fougeres.maville.com\/actu\/actudet_-avec-la-nouvelle-carte-scolaire-des-fermetures-de-classes-massives-en-ille-et-vilaine-_7-6694352_actu.Htm\" target=\"_self\" rel=\"noopener\">Avec la nouvelle carte scolaire, des fermetures de classes massives en Ille-et-Vilaine<\/a><\/p>\n<p>\u00ab\u00a0Les moyens sont r\u00e9partis en fonction des besoins\u00a0\u00bb<\/p>\n<p>Justine Le Corselet, parent d\u2019\u00e9l\u00e8ve \u00e0 <a href=\"https:\/\/rennes.maville.com\/actu\/actudet_--si-une-classe-ferme-il-y-aura-29-eleves-par-classe-mobilisation-a-l-ecole-moulin-du-comte-_7-6775328_actu.Htm\" target=\"_self\" rel=\"noopener\">l\u2019\u00e9cole \u00e9l\u00e9mentaire\u00a0Moulin du Comte<\/a> pr\u00e8s du club de football du Stade Rennais a fait le d\u00e9placement\u00a0\u00e0 l\u2019\u00e9cole Saint-Aubin.<\/p>\n<p>\u00ab<strong>\u00a0Les enseignants sont d\u00e9j\u00e0 fatigu\u00e9s, notamment \u00e0 cause du manque d\u2019accompagnement en termes d\u2019Accompagnant des \u00e9l\u00e8ves en situation de handicap (AESH) de onze\u00a0enfants. La fermeture d\u2019une classe, en augmentant le nombre d\u2019\u00e9l\u00e8ves par classe, accentuerait le probl\u00e8me. On nous dit qu\u2019aucune d\u00e9cision n\u2019est prise, qu\u2019une r\u00e9union a lieu \u00e0 la direction d\u00e9partementale acad\u00e9mique le 26\u00a0juin. Ce n\u2019est pas rassurant.\u00a0\u00bb<\/strong><\/p>\n<p><strong>\u00ab\u00a0S\u2019agissant des ouvertures et fermetures de classes, les moyens sont r\u00e9partis en fonction des besoins et des \u00e9volutions des effectifs \u00e0 l\u2019\u00e9chelle du d\u00e9partement\u00a0\u00bb, <\/strong>indique la direction d\u00e9partementale d\u2019acad\u00e9mie.<\/p>\n<p>\u00a0<\/p>\n","protected":false},"excerpt":{"rendered":"\u00ab\u00a0C\u2019est une petite \u00e9cole, pourquoi ils ferment une classe\u00a0?\u00a0\u00bb Devant l\u2019\u00e9cole Saint-Aubin place saint-Anne, mercredi 11\u00a0juin 2025 \u00e0&hellip;\n","protected":false},"author":2,"featured_media":169760,"comment_status":"","ping_status":"","sticky":false,"template":"","format":"standard","meta":{"footnotes":""},"categories":[2821],"tags":[1111,11,829,19406,4019,1777,674,20685,1011,27,30415,12,30413,30414,584,25,4937],"class_list":{"0":"post-169759","1":"post","2":"type-post","3":"status-publish","4":"format-standard","5":"has-post-thumbnail","7":"category-rennes","8":"tag-actu","9":"tag-actualites","10":"tag-bretagne","11":"tag-classe","12":"tag-ecoles","13":"tag-eu","14":"tag-europe","15":"tag-fermetures","16":"tag-fr","17":"tag-france","18":"tag-mobilisees","19":"tag-news","20":"tag-rassurant","21":"tag-rennaises","22":"tag-rennes","23":"tag-republique-francaise","24":"tag-saint-brieuc"},"share_on_mastodon":{"url":"https:\/\/pubeurope.com\/@fr\/114668155922193165","error":""},"_links":{"self":[{"href":"https:\/\/www.europesays.com\/fr\/wp-json\/wp\/v2\/posts\/169759","targetHints":{"allow":["GET"]}}],"collection":[{"href":"https:\/\/www.europesays.com\/fr\/wp-json\/wp\/v2\/posts"}],"about":[{"href":"https:\/\/www.europesays.com\/fr\/wp-json\/wp\/v2\/types\/post"}],"author":[{"embeddable":true,"href":"https:\/\/www.europesays.com\/fr\/wp-json\/wp\/v2\/users\/2"}],"replies":[{"embeddable":true,"href":"https:\/\/www.europesays.com\/fr\/wp-json\/wp\/v2\/comments?post=169759"}],"version-history":[{"count":0,"href":"https:\/\/www.europesays.com\/fr\/wp-json\/wp\/v2\/posts\/169759\/revisions"}],"wp:featuredmedia":[{"embeddable":true,"href":"https:\/\/www.europesays.com\/fr\/wp-json\/wp\/v2\/media\/169760"}],"wp:attachment":[{"href":"https:\/\/www.europesays.com\/fr\/wp-json\/wp\/v2\/media?parent=169759"}],"wp:term":[{"taxonomy":"category","embeddable":true,"href":"https:\/\/www.europesays.com\/fr\/wp-json\/wp\/v2\/categories?post=169759"},{"taxonomy":"post_tag","embeddable":true,"href":"https:\/\/www.europesays.com\/fr\/wp-json\/wp\/v2\/tags?post=169759"}],"curies":[{"name":"wp","href":"https:\/\/api.w.org\/{rel}","templated":true}]}}