{"id":169762,"date":"2025-06-12T03:00:26","date_gmt":"2025-06-12T03:00:26","guid":{"rendered":"https:\/\/www.europesays.com\/fr\/169762\/"},"modified":"2025-06-12T03:00:26","modified_gmt":"2025-06-12T03:00:26","slug":"furdenheim-rd1004-collision-en-chaine","status":"publish","type":"post","link":"https:\/\/www.europesays.com\/fr\/169762\/","title":{"rendered":"Furdenheim. RD1004 : collision en cha\u00eene"},"content":{"rendered":"<p>Trois v\u00e9hicules sont entr\u00e9s en collision \u00e0 la cha\u00eene, ce mercredi 11 juin peu avant 8h, sur la RD1004, dans le sens Wasselonne vers Strasbourg, \u00e0 hauteur de la commune de Furdenheim. Suite au choc, l\u2019un des automobilistes a \u00e9t\u00e9 bless\u00e9 et \u00e9vacu\u00e9 vers l\u2019h\u00f4pital. Les trois v\u00e9hicules ont \u00e9t\u00e9 d\u00e9pann\u00e9s.<\/p>\n<p>La Collectivit\u00e9 europ\u00e9enne d&rsquo;Alsace (CEA) a signal\u00e9 un autre accident survenu vers 7 h 50 \u00e0 hauteur de La Wantzenau sur l&rsquo;A35 Nord, dans le sens Lauterbourg-Strasbourg. Il impliquait un v\u00e9hicule l\u00e9ger et un poids lourd. Cet accident, qui a entra\u00een\u00e9 la neutralisation de la voie lente sur l&rsquo;autoroute, a occasionn\u00e9 d&rsquo;importants bouchons. Les gendarmes n&rsquo;ont pas souhait\u00e9 communiquer pour le moment sur cette collision. L&rsquo;accident \u00e9tait termin\u00e9 \u00e0 9 h 10 selon la CEA.<\/p>\n","protected":false},"excerpt":{"rendered":"Trois v\u00e9hicules sont entr\u00e9s en collision \u00e0 la cha\u00eene, ce mercredi 11 juin peu avant 8h, sur la&hellip;\n","protected":false},"author":2,"featured_media":169763,"comment_status":"","ping_status":"","sticky":false,"template":"","format":"standard","meta":{"footnotes":""},"categories":[2820],"tags":[119,1111,11,2880,1777,674,107,1011,27,30416,775,9440,12,25,640],"class_list":{"0":"post-169762","1":"post","2":"type-post","3":"status-publish","4":"format-standard","5":"has-post-thumbnail","7":"category-strasbourg","8":"tag-accident","9":"tag-actu","10":"tag-actualites","11":"tag-edition-strasbourg","12":"tag-eu","13":"tag-europe","14":"tag-fil-info","15":"tag-fr","16":"tag-france","17":"tag-furdenheim","18":"tag-grand-est","19":"tag-la-wantzenau","20":"tag-news","21":"tag-republique-francaise","22":"tag-strasbourg"},"share_on_mastodon":{"url":"https:\/\/pubeurope.com\/@fr\/114668163848218737","error":""},"_links":{"self":[{"href":"https:\/\/www.europesays.com\/fr\/wp-json\/wp\/v2\/posts\/169762","targetHints":{"allow":["GET"]}}],"collection":[{"href":"https:\/\/www.europesays.com\/fr\/wp-json\/wp\/v2\/posts"}],"about":[{"href":"https:\/\/www.europesays.com\/fr\/wp-json\/wp\/v2\/types\/post"}],"author":[{"embeddable":true,"href":"https:\/\/www.europesays.com\/fr\/wp-json\/wp\/v2\/users\/2"}],"replies":[{"embeddable":true,"href":"https:\/\/www.europesays.com\/fr\/wp-json\/wp\/v2\/comments?post=169762"}],"version-history":[{"count":0,"href":"https:\/\/www.europesays.com\/fr\/wp-json\/wp\/v2\/posts\/169762\/revisions"}],"wp:featuredmedia":[{"embeddable":true,"href":"https:\/\/www.europesays.com\/fr\/wp-json\/wp\/v2\/media\/169763"}],"wp:attachment":[{"href":"https:\/\/www.europesays.com\/fr\/wp-json\/wp\/v2\/media?parent=169762"}],"wp:term":[{"taxonomy":"category","embeddable":true,"href":"https:\/\/www.europesays.com\/fr\/wp-json\/wp\/v2\/categories?post=169762"},{"taxonomy":"post_tag","embeddable":true,"href":"https:\/\/www.europesays.com\/fr\/wp-json\/wp\/v2\/tags?post=169762"}],"curies":[{"name":"wp","href":"https:\/\/api.w.org\/{rel}","templated":true}]}}