{"id":169766,"date":"2025-06-12T03:02:10","date_gmt":"2025-06-12T03:02:10","guid":{"rendered":"https:\/\/www.europesays.com\/fr\/169766\/"},"modified":"2025-06-12T03:02:10","modified_gmt":"2025-06-12T03:02:10","slug":"nice-ces-piscines-sont-gratuites-pendant-trois-jours-voici-lesquelles","status":"publish","type":"post","link":"https:\/\/www.europesays.com\/fr\/169766\/","title":{"rendered":"Nice. Ces piscines sont gratuites pendant trois jours, voici lesquelles"},"content":{"rendered":"<p>            Par<br \/>\n        <strong><br \/>\n            <a href=\"https:\/\/actu.fr\/auteur\/redaction-nice\" title=\"Consulter tous les articles de R\u00e9daction Nice\" rel=\"nofollow noopener\" target=\"_blank\">R\u00e9daction Nice<\/a><br \/>\n        <\/strong><\/p>\n<p>        Publi\u00e9 le<\/p>\n<p>            11 juin 2025 \u00e0 7h18        <\/p>\n<p>La pr\u00e9vention pour \u00e9viter <a href=\"https:\/\/actu.fr\/tag\/accident\" rel=\"nofollow noopener\" target=\"_blank\">l\u2019accident<\/a>. Pendant trois jours, les piscines de <a href=\"https:\/\/actu.fr\/nice\/\" rel=\"nofollow noopener\" target=\"_blank\">Nice<\/a>, dans les <a href=\"https:\/\/actu.fr\/provence-alpes-cote-d-azur\/alpes-maritimes_06\" rel=\"nofollow noopener\" target=\"_blank\">Alpes-Maritimes<\/a>, organisent des<strong> ateliers pour sensibiliser \u00e0 la noyade<\/strong>, premi\u00e8re cause de mortalit\u00e9 par accident de la vie courante chez les moins de 25\u00a0ans. Apprentissage de la nage, mise en confiance dans l\u2019eau\u2026<\/p>\n<p class=\" wall-content\">L\u2019\u00e9v\u00e9nement \u00ab\u2009Tous \u00e0 l\u2019eau\u2009\u00bb, ouvert \u00e0 tous, se tiendra les mercredi\u00a011, samedi\u00a014 et dimanche 15\u00a0juin 2025.<\/p>\n<p>Un acc\u00e8s gratuit aux animations et aux piscines<\/p>\n<p class=\" wall-content\">\u00c0 quelques jours du d\u00e9but de l\u2019\u00e9t\u00e9, les piscines municipales de Saint-Roch, Saint-Augustin, Comte de Falicon, Jean M\u00e9decin, l\u2019Ariane et Saint-Fran\u00e7ois proposeront diff\u00e9rentes animations et un<strong> acc\u00e8s gratuit aux \u00e9tablissements<\/strong>.<\/p>\n<p class=\" wall-content\">Des ateliers de secourisme seront propos\u00e9s pour tous les \u00e2ges. Le programme d\u00e9taill\u00e9 est disponible<a href=\"https:\/\/www.nice.fr\/fr\/l-agenda\/tous-a-l-eau?type=events\" rel=\"nofollow noopener\" target=\"_blank\"> en ligne<\/a>. Pour participer \u00e0 cet \u00e9v\u00e9nement, contactez directement les lieux concern\u00e9s. Les num\u00e9ros de t\u00e9l\u00e9phone sont disponibles sur le <a href=\"https:\/\/www.google.com\/url?q=https:\/\/www.nice.fr\/fr\/les-sports\/les-piscines-publiques&amp;sa=D&amp;source=docs&amp;ust=1749554331700093&amp;usg=AOvVaw1E7QtJwWu9G_F93cj-RQ-A\" rel=\"nofollow noopener\" target=\"_blank\">site de la ville<\/a>.<\/p>\n<p>Plus de 140 noyades en 2024<\/p>\n<p class=\" wall-content\">L\u2019\u00e9t\u00e9 dernier, entre le 1er\u00a0juin et le 31\u00a0juillet 2024, <strong>142 noyades<\/strong> ont \u00e9t\u00e9 comptabilis\u00e9es en Provence-Alpes-C\u00f4te d\u2019Azur. Trente-quatre d\u2019entre elles ont \u00e9t\u00e9 suivies d\u2019un d\u00e9c\u00e8s. C\u2019est 13\u2009% de plus qu\u2019en 2023. Sur toute la c\u00f4te sud-est, la moiti\u00e9 de ces d\u00e9c\u00e8s a eu lieu en mer.<\/p>\n<p>Vid\u00e9os : en ce moment sur Actu<\/p>\n<p class=\" wall-content\">Depuis quelques semaines d\u00e9j\u00e0, on d\u00e9nombre plusieurs noyades dans les Alpes-Maritimes, notamment au <a href=\"https:\/\/actu.fr\/provence-alpes-cote-d-azur\/nice_06088\/nice-une-femme-victime-d-une-noyade-au-port-elle-est-hospitalisee-dans-un-etat-grave_62747286.html\" rel=\"nofollow noopener\" target=\"_blank\">port de Carras<\/a>, au <a href=\"https:\/\/actu.fr\/provence-alpes-cote-d-azur\/le-broc_06025\/pres-de-nice-un-homme-meurt-noye-dans-une-riviere-son-corps-decouvert-immerge_62589715.html\" rel=\"nofollow noopener\" target=\"_blank\">Broc<\/a>, sur la <a href=\"https:\/\/actu.fr\/provence-alpes-cote-d-azur\/nice_06088\/nice-un-homme-victime-d-une-noyade-a-la-plage-les-pompiers-interviennent-en-urgence_62588644.html\" rel=\"nofollow noopener\" target=\"_blank\">plage de Coco beach<\/a>, la<a href=\"https:\/\/actu.fr\/provence-alpes-cote-d-azur\/nice_06088\/nice-un-homme-se-noie-sur-la-promenade-des-anglais-la-victime-meurt-a-l-hopital_62685917.html\" rel=\"nofollow noopener\" target=\"_blank\"> promenade des Anglais<\/a>, \u00e0 <a href=\"https:\/\/actu.fr\/provence-alpes-cote-d-azur\/cannes_06029\/pres-de-nice-une-femme-se-noie-en-mer-elle-est-hospitalisee-dans-un-etat-grave_62587753.html\" rel=\"nofollow noopener\" target=\"_blank\">Cannes<\/a>.<\/p>\n<p class=\" wall-content\">Selon <a href=\"https:\/\/www.santepubliquefrance.fr\/maladies-et-traumatismes\/traumatismes\/noyade\" rel=\"nofollow noopener\" target=\"_blank\">un rapport de Sant\u00e9 publique France publi\u00e9 en mai\u00a02025<\/a>, en France, plus de la moiti\u00e9 des noyades (60\u2009%) ont lieu dans les r\u00e9gions c\u00f4ti\u00e8res, dont la Provence-Alpes-C\u00f4te d\u2019Azur fait partie.<\/p>\n<p class=\" wall-content\"><strong>Par Florine Amenta<\/strong><\/p>\n<p class=\" wall-content\">Suivez toute l\u2019actualit\u00e9 de vos villes et m\u00e9dias favoris en vous inscrivant \u00e0 <a href=\"https:\/\/moncompte.actu.fr\" title=\"D\u00e9couvez Mon Actu\" rel=\"nofollow noopener\" data-trk=\"{&quot;cta&quot;:{&quot;action&quot;:&quot;https:\\\/\\\/moncompte.actu.fr&quot;,&quot;category&quot;:&quot;mon compte&quot;,&quot;from&quot;:&quot;article footer&quot;,&quot;name&quot;:&quot;Mon actu&quot;,&quot;type&quot;:&quot;cta&quot;}}\" target=\"_blank\">Mon Actu<\/a>.<\/p>\n","protected":false},"excerpt":{"rendered":"Par R\u00e9daction Nice Publi\u00e9 le 11 juin 2025 \u00e0 7h18 La pr\u00e9vention pour \u00e9viter l\u2019accident. Pendant trois jours,&hellip;\n","protected":false},"author":2,"featured_media":169767,"comment_status":"","ping_status":"","sticky":false,"template":"","format":"standard","meta":{"footnotes":""},"categories":[2819],"tags":[119,1111,11,1777,674,1011,27,1652,12,2401,882,25],"class_list":{"0":"post-169766","1":"post","2":"type-post","3":"status-publish","4":"format-standard","5":"has-post-thumbnail","7":"category-nice","8":"tag-accident","9":"tag-actu","10":"tag-actualites","11":"tag-eu","12":"tag-europe","13":"tag-fr","14":"tag-france","15":"tag-loisirs-culture","16":"tag-news","17":"tag-nice","18":"tag-provence-alpes-cote-dazur","19":"tag-republique-francaise"},"share_on_mastodon":{"url":"https:\/\/pubeurope.com\/@fr\/114668171894882798","error":""},"_links":{"self":[{"href":"https:\/\/www.europesays.com\/fr\/wp-json\/wp\/v2\/posts\/169766","targetHints":{"allow":["GET"]}}],"collection":[{"href":"https:\/\/www.europesays.com\/fr\/wp-json\/wp\/v2\/posts"}],"about":[{"href":"https:\/\/www.europesays.com\/fr\/wp-json\/wp\/v2\/types\/post"}],"author":[{"embeddable":true,"href":"https:\/\/www.europesays.com\/fr\/wp-json\/wp\/v2\/users\/2"}],"replies":[{"embeddable":true,"href":"https:\/\/www.europesays.com\/fr\/wp-json\/wp\/v2\/comments?post=169766"}],"version-history":[{"count":0,"href":"https:\/\/www.europesays.com\/fr\/wp-json\/wp\/v2\/posts\/169766\/revisions"}],"wp:featuredmedia":[{"embeddable":true,"href":"https:\/\/www.europesays.com\/fr\/wp-json\/wp\/v2\/media\/169767"}],"wp:attachment":[{"href":"https:\/\/www.europesays.com\/fr\/wp-json\/wp\/v2\/media?parent=169766"}],"wp:term":[{"taxonomy":"category","embeddable":true,"href":"https:\/\/www.europesays.com\/fr\/wp-json\/wp\/v2\/categories?post=169766"},{"taxonomy":"post_tag","embeddable":true,"href":"https:\/\/www.europesays.com\/fr\/wp-json\/wp\/v2\/tags?post=169766"}],"curies":[{"name":"wp","href":"https:\/\/api.w.org\/{rel}","templated":true}]}}