{"id":169770,"date":"2025-06-12T03:04:18","date_gmt":"2025-06-12T03:04:18","guid":{"rendered":"https:\/\/www.europesays.com\/fr\/169770\/"},"modified":"2025-06-12T03:04:18","modified_gmt":"2025-06-12T03:04:18","slug":"carte-scolaire-en-loire-atlantique-une-greve-et-un-rassemblement-avant-la-decision-finale","status":"publish","type":"post","link":"https:\/\/www.europesays.com\/fr\/169770\/","title":{"rendered":"Carte scolaire en Loire-Atlantique : une gr\u00e8ve et un rassemblement avant la d\u00e9cision finale"},"content":{"rendered":"<tr wp_automatic_readability=\"5.8846153846154\">\n<td valign=\"middle\" align=\"center\" class=\"col-logo\" wp_automatic_readability=\"5\">\n    <img decoding=\"async\" src=\"https:\/\/maville.com\/design\/images\/logo-of-monetise.svg?version=20130627\" alt=\"logo Ouest-France\" height=\"66\"\/><\/p>\n<p>Contenu r\u00e9serv\u00e9 aux abonn\u00e9s<\/p>\n<\/td>\n<td class=\"col-titre\">\n\t\t\tMercredi 11 juin 2025 17:51<br \/>\n\t\t\t<a class=\"icon-bulle sizeL count\" href=\"#ancreAvis\"><br \/>\n\t&#8230;<br \/>\n<\/a><\/td>\n<\/tr>\n<p>\t\t<a class=\"mavillebox2 elmt-photo\" href=\"https:\/\/maville.com\/photosmvi\/2025\/06\/11\/P35284350D6848984G.jpg\" title=\" Ouvertures et fermetures de classes en Loire-Atlantique vont se d\u00e9cider ce jeudi 12 juin.  \u00a9  Archives B\u00e9atrice LE GRAND\/Ouest-France  &lt;!--TAG-BLC credit--&gt;\" rel=\"galerie_actu noopener\" target=\"_blank\"><br \/>\n\t<img decoding=\"async\" src=\"https:\/\/www.europesays.com\/fr\/wp-content\/uploads\/2025\/06\/P35284350D6848984G_crop_640-330_.jpg\" alt=\"photo  ouvertures et fermetures de classes en loire-atlantique vont se d\u00e9cider ce jeudi 12 juin.  \u00a9  archives b\u00e9atrice le grand\/ouest-france \"\/><br \/>\n\t1<br \/>\n<\/a><\/p>\n<p class=\"elmt-legende\"> Ouvertures et fermetures de classes en Loire-Atlantique vont se d\u00e9cider ce jeudi 12 juin.  \u00a9  Archives B\u00e9atrice LE GRAND\/Ouest-France  <\/p>\n<p>\t\tLe comit\u00e9 social d\u2019administration d\u00e9partementale (CSAD) se r\u00e9unit de nouveau, ce jeudi 12 juin. Il devra notamment se prononcer sur les ouvertures et fermetures de classes dans le d\u00e9partement pour la rentr\u00e9e de septembre 2025. Un appel \u00e0 la gr\u00e8ve a \u00e9t\u00e9 lanc\u00e9, tandis qu\u2019un rassemblement est organis\u00e9 devant les grilles de la Direction des services d\u00e9partementaux de l\u2019\u00c9ducation nationale (DSDEN) \u00e0 Nantes.<\/p>\n<p><b>Cet article est r\u00e9serv\u00e9 aux abonn\u00e9s<\/b><\/p>\n<p>Pour un acc\u00e8s imm\u00e9diat, abonnez-vous<\/p>\n<p><b>1\u00e8re semaine offerte<\/b><\/p>\n<p>\t\tOuest-France<\/p>\n<p>Retrouvez d&rsquo;autres actus sur la commune de :<\/p>\n<p>\t\t&#13;<\/p>\n","protected":false},"excerpt":{"rendered":"Contenu r\u00e9serv\u00e9 aux abonn\u00e9s Mercredi 11 juin 2025 17:51 &#8230; 1 Ouvertures et fermetures de classes en Loire-Atlantique&hellip;\n","protected":false},"author":2,"featured_media":169771,"comment_status":"","ping_status":"","sticky":false,"template":"","format":"standard","meta":{"footnotes":""},"categories":[2818],"tags":[1111,11,11617,17227,1777,674,2396,1011,27,6151,3047,766,12,2636,3919,25,7423],"class_list":{"0":"post-169770","1":"post","2":"type-post","3":"status-publish","4":"format-standard","5":"has-post-thumbnail","7":"category-nantes","8":"tag-actu","9":"tag-actualites","10":"tag-carte","11":"tag-decision","12":"tag-eu","13":"tag-europe","14":"tag-finale","15":"tag-fr","16":"tag-france","17":"tag-greve","18":"tag-loire-atlantique","19":"tag-nantes","20":"tag-news","21":"tag-pays-de-la-loire","22":"tag-rassemblement","23":"tag-republique-francaise","24":"tag-scolaire"},"share_on_mastodon":{"url":"https:\/\/pubeurope.com\/@fr\/114668179788598407","error":""},"_links":{"self":[{"href":"https:\/\/www.europesays.com\/fr\/wp-json\/wp\/v2\/posts\/169770","targetHints":{"allow":["GET"]}}],"collection":[{"href":"https:\/\/www.europesays.com\/fr\/wp-json\/wp\/v2\/posts"}],"about":[{"href":"https:\/\/www.europesays.com\/fr\/wp-json\/wp\/v2\/types\/post"}],"author":[{"embeddable":true,"href":"https:\/\/www.europesays.com\/fr\/wp-json\/wp\/v2\/users\/2"}],"replies":[{"embeddable":true,"href":"https:\/\/www.europesays.com\/fr\/wp-json\/wp\/v2\/comments?post=169770"}],"version-history":[{"count":0,"href":"https:\/\/www.europesays.com\/fr\/wp-json\/wp\/v2\/posts\/169770\/revisions"}],"wp:featuredmedia":[{"embeddable":true,"href":"https:\/\/www.europesays.com\/fr\/wp-json\/wp\/v2\/media\/169771"}],"wp:attachment":[{"href":"https:\/\/www.europesays.com\/fr\/wp-json\/wp\/v2\/media?parent=169770"}],"wp:term":[{"taxonomy":"category","embeddable":true,"href":"https:\/\/www.europesays.com\/fr\/wp-json\/wp\/v2\/categories?post=169770"},{"taxonomy":"post_tag","embeddable":true,"href":"https:\/\/www.europesays.com\/fr\/wp-json\/wp\/v2\/tags?post=169770"}],"curies":[{"name":"wp","href":"https:\/\/api.w.org\/{rel}","templated":true}]}}