{"id":169774,"date":"2025-06-12T03:06:26","date_gmt":"2025-06-12T03:06:26","guid":{"rendered":"https:\/\/www.europesays.com\/fr\/169774\/"},"modified":"2025-06-12T03:06:26","modified_gmt":"2025-06-12T03:06:26","slug":"nouvelle-aquitaine-un-nouveau-parcours-de-chasse-aux-tresors-terra-aventura-debarque-dans-un-quartier-de-bordeaux","status":"publish","type":"post","link":"https:\/\/www.europesays.com\/fr\/169774\/","title":{"rendered":"Nouvelle Aquitaine : un nouveau parcours de chasse aux tr\u00e9sors T\u00e8rra Aventura d\u00e9barque dans un quartier de Bordeaux"},"content":{"rendered":"<p><img decoding=\"async\" class=\"\" style=\"width:100%\" src=\"https:\/\/www.europesays.com\/fr\/wp-content\/uploads\/2025\/06\/terra_aventura_crtNA1749562612722.jpg\" alt=\"Pas moins de 25 nouveaux parcours seront propos\u00e9s cet \u00e9t\u00e9 en Nouvelle Aquitaine\"\/><\/p>\n<p>Pas moins de 25 nouveaux parcours seront propos\u00e9s cet \u00e9t\u00e9 en Nouvelle Aquitaine<\/p>\n<p>Cr\u00e9dit : Comit\u00e9 R\u00e9gional de Tourisme Nouvelle Aquitaine<\/p>\n<p><strong>650 parcours de chasse aux tr\u00e9sors. 3,3 millions de joueurs depuis 2011<\/strong>. Voila comment r\u00e9sumer le succ\u00e8s de l&rsquo;application de g\u00e9ocaching pilot\u00e9 par le Comit\u00e9 R\u00e9gional de Tourisme de Nouvelle Aquitaine, T\u00e8rra Aventura. Et pour cet \u00e9t\u00e9 2025, pas moins de 25 nouveaux parcours seront propos\u00e9s aux touristes mais aussi aux locaux. Parmi eux, le tout premier parcours dans un quartier de Bordeaux, <strong>\u00ab\u00a0Bacalan, au pays des possibles\u00a0\u00bb<\/strong>.<\/p>\n<p>\u00a0<\/p>\n<p>Un travail d&rsquo;\u00e9quipe derri\u00e8re l&rsquo;\u00e9laboration des parcours de chasse aux tr\u00e9sors<\/p>\n<p>Avant de revenir en d\u00e9tail sur ce premier parcours dans Bordeaux intra-muros, il est peut \u00eatre important de savoir <strong>comment sont \u00e9labor\u00e9es les chasses aux tr\u00e9sors T\u00e8rra Aventura<\/strong>.<\/p>\n<p>Et c&rsquo;est un v\u00e9ritable travail d&rsquo;\u00e9quipe. Si le <strong>Comit\u00e9 R\u00e9gional de Tourisme de Nouvelle Aquitaine pilote et g\u00e9re l&rsquo;application et le c\u00f4t\u00e9 technique<\/strong>, rien ne serait possible sans <strong>les Agences D\u00e9partementales de Tourisme mais aussi les Offices de Tourisme des diff\u00e9rentes communes ou intercommunalit\u00e9s<\/strong>. Car se sont ces derni\u00e8res qui \u00e9tablissent les parcours. Ils sont ensuite soumis au <strong>CRT qui vient sur place les tester et les valider<\/strong> si il n&rsquo;y a pas \u00e0 retravailler certains points. C&rsquo;est le CRT qui va ensuite \u00e9laborer toute l&rsquo;histoire et les \u00e9nigmes pour proposer aux joueurs une chasse aux tr\u00e9sors ludique pour petits et grands qui fera travailler les m\u00e9ninges mais aussi d\u00e9couvrir ou red\u00e9couvrir toute la richesse culturelle et patrimoniale de la Nouvelle Aquitaine. Avec \u00e0 la cl\u00e9 \u00e0 chaque fin de parcours l&rsquo;obtention d&rsquo;un pin&rsquo;s.<\/p>\n<p>\u00a0<\/p>\n<p>Bacalan et les Bassins \u00e0 Flot th\u00e9\u00e2tre d&rsquo;un premier parcours T\u00e8rra Aventura \u00e0 Bordeaux<\/p>\n<p>Si <strong>Bordeaux M\u00e9tropole<\/strong> <strong>\u00e9tait d\u00e9j\u00e0 dot\u00e9 de sept parcours depuis 2018<\/strong> (Lormont, Gradignan, Cenon, Floirac, Saint-M\u00e9dard-en-Jalles, Pessac et Eysines), tous se trouvaient en dehors de Bordeaux. Mais l&rsquo;Office de Tourisme et des Congr\u00e8s de Bordeaux M\u00e9tropole a chang\u00e9 la donne avec ce nouveau parcours dans <strong>le quartier des Bassins \u00e0 Flot.<\/strong>\u00a0<\/p>\n<p>Sous <strong>l&rsquo;impulsion et l&rsquo;aide de l&rsquo;association Destination Bassins \u00e0 Flot<\/strong>, cette chasse aux tr\u00e9sors intitul\u00e9e \u00ab\u00a0Bacalan, au pays des possibles\u00a0\u00bb propose un circuit de trois kilom\u00e8tres, soit environ 2 h de balade, avec des \u00e9nigmes qui permettront de d\u00e9couvrir un quartier qui depuis quelques ann\u00e9es s&rsquo;est totalement renouvel\u00e9 en passant par les points d&rsquo;int\u00e9r\u00eats les plus marquants comme la <strong><a href=\"https:\/\/www.laciteduvin.com\/fr\" rel=\"noopener\" target=\"_blank\">Cit\u00e9 du Vin<\/a>, <a href=\"https:\/\/www.cap-sciences.net\" rel=\"noopener\" target=\"_blank\">Cap Sciences<\/a>, le Mus\u00e9e Mer Marine, la base sous marine et bien d&rsquo;autres.<\/strong> Et pour \u00e7a, vous serez accompagn\u00e9 de Zart, le Po\u00ef&rsquo;z artiste.\u00a0<\/p>\n<p>Lanc\u00e9 en avant-premi\u00e8re depuis le 5 juin, se sont pas moins de 1000 personnes qui ont d\u00e9j\u00e0 entrepris de d\u00e9couvrir ce nouveau parcours 100% urbain. Et les retours sont pour le moment tr\u00e8s positif. Ce qui donne le sourire \u00e0 l&rsquo;association Destination Bassins \u00e0 Flot qui esp\u00e8re aussi que ce parcours permette \u00e0 ceux qui ne s&rsquo;int\u00e9ressaient pas \u00e0 ce quartier puisse le d\u00e9couvrir et se l&rsquo;approprier.<\/p>\n<p>\u00a0<\/p>\n<p>\u00a0<\/p>\n<p>\u00a0<\/p>\n<p>\u00a0<\/p>\n<p>\u00a0<\/p>\n","protected":false},"excerpt":{"rendered":"Pas moins de 25 nouveaux parcours seront propos\u00e9s cet \u00e9t\u00e9 en Nouvelle Aquitaine Cr\u00e9dit : Comit\u00e9 R\u00e9gional de&hellip;\n","protected":false},"author":2,"featured_media":169775,"comment_status":"","ping_status":"","sticky":false,"template":"","format":"standard","meta":{"footnotes":""},"categories":[2817],"tags":[1111,11,15741,30423,25874,1997,2904,30424,30421,30427,13627,30426,1777,674,30419,17077,1011,27,2905,30418,30417,30425,12,2219,10964,4399,5775,30422,25,30420],"class_list":{"0":"post-169774","1":"post","2":"type-post","3":"status-publish","4":"format-standard","5":"has-post-thumbnail","7":"category-bordeaux","8":"tag-actu","9":"tag-actualites","10":"tag-base-sous-marine","11":"tag-bassins-a-flot","12":"tag-bassins-des-lumieres","13":"tag-bordeaux","14":"tag-bordeaux-metropole","15":"tag-cap-sciences","16":"tag-cenon","17":"tag-chasse-aux-tresors","18":"tag-cite-du-vin","19":"tag-destination-bassins-a-flot","20":"tag-eu","21":"tag-europe","22":"tag-eysine","23":"tag-floirac","24":"tag-fr","25":"tag-france","26":"tag-gironde","27":"tag-gradignan","28":"tag-lormont","29":"tag-musee-mer-marine","30":"tag-news","31":"tag-nouvelle-aquitaine","32":"tag-pessac","33":"tag-pont-chaban-delmas","34":"tag-quartier","35":"tag-quartier-bacalan","36":"tag-republique-francaise","37":"tag-saint-medard-en-jalles"},"share_on_mastodon":{"url":"","error":"Validation failed: Text character limit of 500 exceeded"},"_links":{"self":[{"href":"https:\/\/www.europesays.com\/fr\/wp-json\/wp\/v2\/posts\/169774","targetHints":{"allow":["GET"]}}],"collection":[{"href":"https:\/\/www.europesays.com\/fr\/wp-json\/wp\/v2\/posts"}],"about":[{"href":"https:\/\/www.europesays.com\/fr\/wp-json\/wp\/v2\/types\/post"}],"author":[{"embeddable":true,"href":"https:\/\/www.europesays.com\/fr\/wp-json\/wp\/v2\/users\/2"}],"replies":[{"embeddable":true,"href":"https:\/\/www.europesays.com\/fr\/wp-json\/wp\/v2\/comments?post=169774"}],"version-history":[{"count":0,"href":"https:\/\/www.europesays.com\/fr\/wp-json\/wp\/v2\/posts\/169774\/revisions"}],"wp:featuredmedia":[{"embeddable":true,"href":"https:\/\/www.europesays.com\/fr\/wp-json\/wp\/v2\/media\/169775"}],"wp:attachment":[{"href":"https:\/\/www.europesays.com\/fr\/wp-json\/wp\/v2\/media?parent=169774"}],"wp:term":[{"taxonomy":"category","embeddable":true,"href":"https:\/\/www.europesays.com\/fr\/wp-json\/wp\/v2\/categories?post=169774"},{"taxonomy":"post_tag","embeddable":true,"href":"https:\/\/www.europesays.com\/fr\/wp-json\/wp\/v2\/tags?post=169774"}],"curies":[{"name":"wp","href":"https:\/\/api.w.org\/{rel}","templated":true}]}}