{"id":169776,"date":"2025-06-12T03:07:14","date_gmt":"2025-06-12T03:07:14","guid":{"rendered":"https:\/\/www.europesays.com\/fr\/169776\/"},"modified":"2025-06-12T03:07:14","modified_gmt":"2025-06-12T03:07:14","slug":"344-kg-de-cannabis-saisis-dans-un-camion-sur-lautoroute-a63","status":"publish","type":"post","link":"https:\/\/www.europesays.com\/fr\/169776\/","title":{"rendered":"344 kg de cannabis saisis dans un camion sur l&rsquo;autoroute A63"},"content":{"rendered":"<p class=\"fig-paragraph\">Les douaniers d&rsquo;Arcachon (<a href=\"http:\/\/www.lefigaro.fr\/bordeaux\/gironde-7-pompiers-agresses-lors-d-une-intervention-aupres-d-une-victime-blessee-par-un-hachoir-de-boucher-20250610\" target=\"_blank\" data-fig-type=\"NewsFlash\" rel=\"noopener\" data-gtm-custom-categorie=\"navigation\" data-gtm-custom-action=\"crossclick\" data-gtm-custom-label=\"Contextuel\" data-gtm-event=\"customEventSPE\" data-fig-domain=\"LEFIGARO\">Gironde<\/a>), aiguill\u00e9s par le flair d&rsquo;un de leurs chiens, ont saisi fin mai 344 kg de r\u00e9sine de cannabis cach\u00e9s \u00e0 bord d&rsquo;un poids-lourd circulant sur l&rsquo;A63 en provenance de l&rsquo;Espagne et \u00e0 destination de l&rsquo;Angleterre, a annonc\u00e9 la douane mercredi. Les faits se sont produits sur l&rsquo;autoroute reliant l&rsquo;Espagne \u00e0 Bordeaux, dans le sens sud-nord.<\/p>\n<p class=\"fig-paragraph\">\u00abLors du contr\u00f4le du moyen de transport, le chien de service Nino effectue un net marquage sur une caisse en bois film\u00e9e de plastique noir, au milieu du chargement\u00bb de groupage, un mode de transport rassemblant des marchandises de divers exp\u00e9diteurs, a expliqu\u00e9 la douane dans un communiqu\u00e9.<\/p>\n<p class=\"fig-paragraph\">\u00abSon ouverture permet la d\u00e9couverte de six cartons contenant des sachets thermosoud\u00e9s de r\u00e9sine de cannabis pour un poids total de 344,44 kg\u00bb, a-t-elle ajout\u00e9, estimant la valeur de cette marchandise \u00e0 \u00abplus de 2,7 millions d&rsquo;euros\u00bb en cas de revente illicite au d\u00e9tail. \u00abLa drogue a imm\u00e9diatement \u00e9t\u00e9 saisie et le chauffeur plac\u00e9 en retenue douani\u00e8re\u00bb, conclut la douane. Selon cette administration, plus de 66 tonnes de cannabis ont \u00e9t\u00e9 saisies en France en 2024.<\/p>\n","protected":false},"excerpt":{"rendered":"Les douaniers d&rsquo;Arcachon (Gironde), aiguill\u00e9s par le flair d&rsquo;un de leurs chiens, ont saisi fin mai 344 kg&hellip;\n","protected":false},"author":2,"featured_media":169777,"comment_status":"","ping_status":"","sticky":false,"template":"","format":"standard","meta":{"footnotes":""},"categories":[2817],"tags":[1111,11,1997,2916,2911,2910,2915,2909,2904,2913,2912,2914,3675,2906,2907,1777,674,1011,27,2905,2908,12,2219,25],"class_list":{"0":"post-169776","1":"post","2":"type-post","3":"status-publish","4":"format-standard","5":"has-post-thumbnail","7":"category-bordeaux","8":"tag-actu","9":"tag-actualites","10":"tag-bordeaux","11":"tag-bordeaux-cauderan","12":"tag-bordeaux-centre-ville","13":"tag-bordeaux-chartrons-grand-parc-jardin-public","14":"tag-bordeaux-la-bastide","15":"tag-bordeaux-maritime","16":"tag-bordeaux-metropole","17":"tag-bordeaux-nansouty-st-genes","18":"tag-bordeaux-st-augustin-tauzin-alphonse-dupeux","19":"tag-bordeaux-sud","20":"tag-cannabis","21":"tag-capitale-de-gaule","22":"tag-cathedrale-gothique-de-saint-andre","23":"tag-eu","24":"tag-europe","25":"tag-fr","26":"tag-france","27":"tag-gironde","28":"tag-girondins-de-bordeaux","29":"tag-news","30":"tag-nouvelle-aquitaine","31":"tag-republique-francaise"},"share_on_mastodon":{"url":"https:\/\/pubeurope.com\/@fr\/114668191441611601","error":""},"_links":{"self":[{"href":"https:\/\/www.europesays.com\/fr\/wp-json\/wp\/v2\/posts\/169776","targetHints":{"allow":["GET"]}}],"collection":[{"href":"https:\/\/www.europesays.com\/fr\/wp-json\/wp\/v2\/posts"}],"about":[{"href":"https:\/\/www.europesays.com\/fr\/wp-json\/wp\/v2\/types\/post"}],"author":[{"embeddable":true,"href":"https:\/\/www.europesays.com\/fr\/wp-json\/wp\/v2\/users\/2"}],"replies":[{"embeddable":true,"href":"https:\/\/www.europesays.com\/fr\/wp-json\/wp\/v2\/comments?post=169776"}],"version-history":[{"count":0,"href":"https:\/\/www.europesays.com\/fr\/wp-json\/wp\/v2\/posts\/169776\/revisions"}],"wp:featuredmedia":[{"embeddable":true,"href":"https:\/\/www.europesays.com\/fr\/wp-json\/wp\/v2\/media\/169777"}],"wp:attachment":[{"href":"https:\/\/www.europesays.com\/fr\/wp-json\/wp\/v2\/media?parent=169776"}],"wp:term":[{"taxonomy":"category","embeddable":true,"href":"https:\/\/www.europesays.com\/fr\/wp-json\/wp\/v2\/categories?post=169776"},{"taxonomy":"post_tag","embeddable":true,"href":"https:\/\/www.europesays.com\/fr\/wp-json\/wp\/v2\/tags?post=169776"}],"curies":[{"name":"wp","href":"https:\/\/api.w.org\/{rel}","templated":true}]}}