{"id":16978,"date":"2025-04-11T09:51:09","date_gmt":"2025-04-11T09:51:09","guid":{"rendered":"https:\/\/www.europesays.com\/fr\/16978\/"},"modified":"2025-04-11T09:51:09","modified_gmt":"2025-04-11T09:51:09","slug":"en-direct-guerre-commerciale-la-chine-porte-a-125-ses-surtaxes-sur-les-produits-americains-liberation","status":"publish","type":"post","link":"https:\/\/www.europesays.com\/fr\/16978\/","title":{"rendered":"EN DIRECT &#8211; Guerre commerciale\u00a0: la Chine porte \u00e0 125\u00a0% ses surtaxes sur les produits am\u00e9ricains \u2013 Lib\u00e9ration"},"content":{"rendered":"<p class=\"sc-cPiKLX AiZTS text-element\"><b>Les Bourses europ\u00e9ennes respirent, le dollar souffre. <\/b>Les march\u00e9s boursiers europ\u00e9ens \u00e9voluent en petite hausse ce vendredi, reprenant leur souffle au terme d\u2019une semaine de montagnes russes face \u00e0 la guerre commerciale de Donald Trump, qui a fait reculer le dollar et fait bondir l\u2019or \u00e0 un nouveau record. Vers 9\u00a0h\u00a015, dans les premiers \u00e9changes, Paris prenait 0,53\u00a0%, Francfort 0,50\u00a0%, Londres 0,33\u00a0% et Milan 0,42\u00a0%. Les investisseurs du Vieux continent tentent d\u2019aller de l\u2019avant apr\u00e8s une semaine de secousses, misant \u00absur un assouplissement mon\u00e9taire rapide\u00bb de la BCE, lors de ses prochaines r\u00e9unions \u00abpour contrer les risques pesant sur la croissance de la zone euro\u00bb, selon John Plassard, sp\u00e9cialiste de l\u2019investissement pour Mirabaud. En revanche, le roi dollar s\u2019effrite de jour en jour, \u00e0 des niveaux plus vus depuis au moins trois\u00a0ans. Depuis un mois, la monnaie am\u00e9ricaine, longtemps vue comme un actif de confiance, a perdu pr\u00e8s de 4,50\u00a0% par rapport \u00e0 l\u2019euro. Ce vendredi matin, il continuait de chuter de 1,6\u00a0% face \u00e0 l\u2019euro, \u00e0 1,1383\u00a0dollar\u00a0pour un euro.<\/p>\n","protected":false},"excerpt":{"rendered":"Les Bourses europ\u00e9ennes respirent, le dollar souffre. Les march\u00e9s boursiers europ\u00e9ens \u00e9voluent en petite hausse ce vendredi, reprenant&hellip;\n","protected":false},"author":2,"featured_media":16979,"comment_status":"","ping_status":"","sticky":false,"template":"","format":"standard","meta":{"footnotes":""},"categories":[2],"tags":[11,75,1073,1011,27,1074,12,25,6901],"class_list":{"0":"post-16978","1":"post","2":"type-post","3":"status-publish","4":"format-standard","5":"has-post-thumbnail","7":"category-actualites","8":"tag-actualites","9":"tag-donald-trump","10":"tag-emmanuel-macron","11":"tag-fr","12":"tag-france","13":"tag-guerre-commerciale","14":"tag-news","15":"tag-republique-francaise","16":"tag-wall-street"},"share_on_mastodon":{"url":"https:\/\/pubeurope.com\/@fr\/114318716877771854","error":""},"_links":{"self":[{"href":"https:\/\/www.europesays.com\/fr\/wp-json\/wp\/v2\/posts\/16978","targetHints":{"allow":["GET"]}}],"collection":[{"href":"https:\/\/www.europesays.com\/fr\/wp-json\/wp\/v2\/posts"}],"about":[{"href":"https:\/\/www.europesays.com\/fr\/wp-json\/wp\/v2\/types\/post"}],"author":[{"embeddable":true,"href":"https:\/\/www.europesays.com\/fr\/wp-json\/wp\/v2\/users\/2"}],"replies":[{"embeddable":true,"href":"https:\/\/www.europesays.com\/fr\/wp-json\/wp\/v2\/comments?post=16978"}],"version-history":[{"count":0,"href":"https:\/\/www.europesays.com\/fr\/wp-json\/wp\/v2\/posts\/16978\/revisions"}],"wp:featuredmedia":[{"embeddable":true,"href":"https:\/\/www.europesays.com\/fr\/wp-json\/wp\/v2\/media\/16979"}],"wp:attachment":[{"href":"https:\/\/www.europesays.com\/fr\/wp-json\/wp\/v2\/media?parent=16978"}],"wp:term":[{"taxonomy":"category","embeddable":true,"href":"https:\/\/www.europesays.com\/fr\/wp-json\/wp\/v2\/categories?post=16978"},{"taxonomy":"post_tag","embeddable":true,"href":"https:\/\/www.europesays.com\/fr\/wp-json\/wp\/v2\/tags?post=16978"}],"curies":[{"name":"wp","href":"https:\/\/api.w.org\/{rel}","templated":true}]}}