{"id":169781,"date":"2025-06-12T03:10:23","date_gmt":"2025-06-12T03:10:23","guid":{"rendered":"https:\/\/www.europesays.com\/fr\/169781\/"},"modified":"2025-06-12T03:10:23","modified_gmt":"2025-06-12T03:10:23","slug":"bus-ta-rime-est-de-retour-prends-le-micro-dans-un-bus-studio-a-roubaix","status":"publish","type":"post","link":"https:\/\/www.europesays.com\/fr\/169781\/","title":{"rendered":"Bus Ta Rime est de retour : prends le micro dans un bus studio \u00e0 Roubaix !"},"content":{"rendered":"<p data-start=\"1050\" data-end=\"1333\">\ud83c\udf99\ufe0f <strong data-start=\"1054\" data-end=\"1088\">Tu r\u00eaves de poser un couplet ?<\/strong><br data-start=\"1088\" data-end=\"1091\"\/>De remixer ton refrain pr\u00e9f\u00e9r\u00e9 ? De tester ton flow sur une instru en mode freestyle ? C\u2019est le moment ou jamais : <strong data-start=\"1206\" data-end=\"1260\">Bus Ta Rime est gratuit, ouvert \u00e0 toutes et \u00e0 tous<\/strong>, et un <strong data-start=\"1268\" data-end=\"1280\">ing\u00e9 son<\/strong> est l\u00e0 pour t\u2019enregistrer dans des conditions pros !<\/p>\n<p data-start=\"1335\" data-end=\"1556\">\ud83d\ude8c <strong data-start=\"1338\" data-end=\"1362\">\u00c0 l\u2019int\u00e9rieur du bus<\/strong> : un micro, une cabine, des instru\u2026 et toi, pr\u00eat(e) \u00e0 l\u00e2cher ton texte.<br data-start=\"1434\" data-end=\"1437\"\/>\ud83c\udfb6 <strong data-start=\"1440\" data-end=\"1457\">Autour du bus<\/strong> : de l\u2019ambiance, de la musique, des animations, des rencontres et une \u00e9nergie URBX \u00e0 chaque arr\u00eat.<\/p>\n<p data-start=\"1563\" data-end=\"1607\">\ud83d\udccd <strong data-start=\"1566\" data-end=\"1605\">Les \u00e9tapes de Bus Ta Rime \u00e0 Roubaix<\/strong> :<\/p>\n<p data-start=\"1823\" data-end=\"2099\">Ce projet itin\u00e9rant fait vibrer les rues de Roubaix \u00e0 chaque passage et met \u00e0 l\u2019honneur la <strong data-start=\"1914\" data-end=\"1943\">cr\u00e9ativit\u00e9 urbaine locale<\/strong>, le <strong data-start=\"1948\" data-end=\"1963\">talent brut<\/strong> et l\u2019envie de s\u2019exprimer \u00e0 travers le rap et le spoken word. Que tu sois artiste d\u00e9butant ou rappeur confirm\u00e9, <strong data-start=\"2075\" data-end=\"2097\">le micro est \u00e0 toi<\/strong> !<\/p>\n<p data-start=\"2101\" data-end=\"2309\"><strong data-start=\"2101\" data-end=\"2116\">Bus Ta Rime<\/strong>, c\u2019est aussi un moment de <strong data-start=\"2143\" data-end=\"2173\">partage interg\u00e9n\u00e9rationnel<\/strong> et <strong data-start=\"2177\" data-end=\"2199\">d\u2019expression libre<\/strong>. En solo, en duo, avec ton crew ou juste pour tester, tu repartiras avec un enregistrement de ta performance.<\/p>\n<p class=\"title\">\ud83d\udc49 Plus d\u2019infos sur URBX 2025<\/p>\n<p data-start=\"179\" data-end=\"537\">Pour sa 4e \u00e9dition, <strong data-start=\"199\" data-end=\"216\">URBX Festival<\/strong> investit \u00e0 nouveau Roubaix et la m\u00e9tropole du 19 au 29 juin 2025, avec une programmation toujours plus ambitieuse. Pens\u00e9 comme un grand rendez-vous populaire et cr\u00e9atif, URBX met \u00e0 l\u2019honneur <strong data-start=\"408\" data-end=\"457\">cinq disciplines phares des cultures urbaines<\/strong> : la <strong data-start=\"463\" data-end=\"474\">musique<\/strong>, la <strong data-start=\"479\" data-end=\"488\">danse<\/strong>, la <strong data-start=\"493\" data-end=\"501\">mode<\/strong>, le <strong data-start=\"506\" data-end=\"520\">street art<\/strong> et le <strong data-start=\"527\" data-end=\"536\">sport<\/strong>.<\/p>\n<p data-start=\"539\" data-end=\"802\">En amont du festival, l\u2019ambiance monte d\u00e8s le <strong data-start=\"585\" data-end=\"595\">7 juin<\/strong> avec le retour du <strong data-start=\"614\" data-end=\"629\">Bus ta rime<\/strong>, studio mobile Il\u00e9via qui traverse les quartiers roubaisiens. Le m\u00eame jour, <strong data-start=\"706\" data-end=\"731\">La Condition Publique<\/strong> accueillera les s\u00e9lections r\u00e9gionales du <strong data-start=\"773\" data-end=\"801\">Tremplin Hip Hop Talents<\/strong>.<\/p>\n<p data-start=\"804\" data-end=\"948\">Le <strong data-start=\"807\" data-end=\"818\">19 juin<\/strong>, la soir\u00e9e d\u2019ouverture s\u2019annonce intense avec une <strong data-start=\"869\" data-end=\"899\">Carte blanche \u00e0 Heaven Sam<\/strong>, parrain 2025, toujours \u00e0 La Condition Publique.<\/p>\n<p data-start=\"950\" data-end=\"1293\">Au programme pendant dix jours :<br data-start=\"982\" data-end=\"985\"\/>\ud83c\udfb6 Concerts (Soso Maness, Naza, Heaven Sam, Alonzo, Nayra, Ocean Wisdom\u2026)<br data-start=\"1058\" data-end=\"1061\"\/>\ud83d\udd7a Spectacles et workshops de danse (Zarbaht, Dans la Rue la Danse, Pantsula\u2026)<br data-start=\"1139\" data-end=\"1142\"\/>\ud83c\udfa8 Street-art sur les murs et les toits de Roubaix<br data-start=\"1192\" data-end=\"1195\"\/>\ud83d\udc55 D\u00e9fil\u00e9 ESMOD, ateliers Anti_Fashion<br data-start=\"1233\" data-end=\"1236\"\/>\ud83c\udfae E-sport, cin\u00e9ma, expos, afters festifs et Block Party\u2026<\/p>\n<p data-start=\"1295\" data-end=\"1449\">\ud83d\udcc5 <strong data-start=\"1298\" data-end=\"1350\">\u00c0 ne pas manquer : le concert gratuit du 21 juin<\/strong>, jour de la F\u00eate de la musique, avec Soso Maness, Naza et Heaven Sam pour une ambiance survolt\u00e9e !<\/p>\n<p>Suivez les sur Instagram : <a href=\"https:\/\/www.instagram.com\/urbx_festival\" target=\"_blank\" rel=\"noopener nofollow\">@urbx_festival<\/a><\/p>\n<p>Abonnez-vous \u00e0 la Newsletter : <a href=\"https:\/\/www.urbxfestival.com\/\" target=\"_blank\" rel=\"noopener nofollow\">urbxfestival.com<\/a><\/p>\n<p><script async src=\"\/\/www.instagram.com\/embed.js\"><\/script><\/p>\n","protected":false},"excerpt":{"rendered":"\ud83c\udf99\ufe0f Tu r\u00eaves de poser un couplet ?De remixer ton refrain pr\u00e9f\u00e9r\u00e9 ? De tester ton flow sur&hellip;\n","protected":false},"author":2,"featured_media":169782,"comment_status":"","ping_status":"","sticky":false,"template":"","format":"standard","meta":{"footnotes":""},"categories":[2815],"tags":[1111,11,30428,251,1777,674,1011,27,811,1307,873,12,25,22085],"class_list":{"0":"post-169781","1":"post","2":"type-post","3":"status-publish","4":"format-standard","5":"has-post-thumbnail","7":"category-lille","8":"tag-actu","9":"tag-actualites","10":"tag-bus-ta-rime","11":"tag-culture","12":"tag-eu","13":"tag-europe","14":"tag-fr","15":"tag-france","16":"tag-hauts-de-france","17":"tag-lille","18":"tag-musique","19":"tag-news","20":"tag-republique-francaise","21":"tag-urbx"},"share_on_mastodon":{"url":"https:\/\/pubeurope.com\/@fr\/114668203276485675","error":""},"_links":{"self":[{"href":"https:\/\/www.europesays.com\/fr\/wp-json\/wp\/v2\/posts\/169781","targetHints":{"allow":["GET"]}}],"collection":[{"href":"https:\/\/www.europesays.com\/fr\/wp-json\/wp\/v2\/posts"}],"about":[{"href":"https:\/\/www.europesays.com\/fr\/wp-json\/wp\/v2\/types\/post"}],"author":[{"embeddable":true,"href":"https:\/\/www.europesays.com\/fr\/wp-json\/wp\/v2\/users\/2"}],"replies":[{"embeddable":true,"href":"https:\/\/www.europesays.com\/fr\/wp-json\/wp\/v2\/comments?post=169781"}],"version-history":[{"count":0,"href":"https:\/\/www.europesays.com\/fr\/wp-json\/wp\/v2\/posts\/169781\/revisions"}],"wp:featuredmedia":[{"embeddable":true,"href":"https:\/\/www.europesays.com\/fr\/wp-json\/wp\/v2\/media\/169782"}],"wp:attachment":[{"href":"https:\/\/www.europesays.com\/fr\/wp-json\/wp\/v2\/media?parent=169781"}],"wp:term":[{"taxonomy":"category","embeddable":true,"href":"https:\/\/www.europesays.com\/fr\/wp-json\/wp\/v2\/categories?post=169781"},{"taxonomy":"post_tag","embeddable":true,"href":"https:\/\/www.europesays.com\/fr\/wp-json\/wp\/v2\/tags?post=169781"}],"curies":[{"name":"wp","href":"https:\/\/api.w.org\/{rel}","templated":true}]}}