{"id":169798,"date":"2025-06-12T03:20:17","date_gmt":"2025-06-12T03:20:17","guid":{"rendered":"https:\/\/www.europesays.com\/fr\/169798\/"},"modified":"2025-06-12T03:20:17","modified_gmt":"2025-06-12T03:20:17","slug":"municipales-a-paris-une-alternance-oui-mais-pas-un-retour-en-arriere-previent-maud-gatel-modem","status":"publish","type":"post","link":"https:\/\/www.europesays.com\/fr\/169798\/","title":{"rendered":"Municipales \u00e0 Paris\u00a0: \u00ab\u00a0Une alternance oui, mais pas un retour en arri\u00e8re\u00a0\u00bb, pr\u00e9vient Maud Gatel (MoDem)"},"content":{"rendered":"<p class=\"paragraph text_align_left\">Les prises de position du groupe MoDem et Ind\u00e9pendants au Conseil de Paris sont toujours particuli\u00e8res. Une fois dans la lign\u00e9e des \u00e9cologistes ou communistes sur certaines mesures, d\u2019autres fois (plus souvent) dans le sillage de l\u2019opposition de droite. Ses huit \u00e9lus sont souvent \u00e9cout\u00e9s. Mais <a href=\"https:\/\/www.leparisien.fr\/paris-75\/pas-dinterdiction-mais-de-la-regulation-a-paris-le-difficile-controle-des-fatbikes-sur-les-pistes-cyclables-01-03-2025-ZET7V722UNDLLP6FK62HQY3IIA.php\" target=\"_blank\" rel=\"noreferrer nofollow noopener\">peu suivis par la majorit\u00e9<\/a>.<\/p>\n<p class=\"paragraph text_align_left\">Peu importe, depuis un an d\u00e9j\u00e0, les centaines d\u2019adh\u00e9rents du parti du Premier ministre Bayrou travaillent \u00e0 un programme pour les <a href=\"https:\/\/www.leparisien.fr\/elections\/municipales\/municipales-paris\/\" target=\"_self\" rel=\"nofollow noopener\">municipales de mars 2026<\/a>. Avec une envie d\u2019alternance \u00e0 la t\u00eate de Paris, mais sans renier ses valeurs. D\u00e9sign\u00e9e cheffe de file du MoDem ce mercredi, Maud Gatel livre sa vision et ses attentes pour les prochaines \u00e9lections.<\/p>\n","protected":false},"excerpt":{"rendered":"Les prises de position du groupe MoDem et Ind\u00e9pendants au Conseil de Paris sont toujours particuli\u00e8res. Une fois&hellip;\n","protected":false},"author":2,"featured_media":169799,"comment_status":"","ping_status":"","sticky":false,"template":"","format":"standard","meta":{"footnotes":""},"categories":[1888],"tags":[11,1777,674,1011,27,1944,12,626,316,25],"class_list":{"0":"post-169798","1":"post","2":"type-post","3":"status-publish","4":"format-standard","5":"has-post-thumbnail","7":"category-paris","8":"tag-actualites","9":"tag-eu","10":"tag-europe","11":"tag-fr","12":"tag-france","13":"tag-ma-ville","14":"tag-news","15":"tag-paris","16":"tag-politique","17":"tag-republique-francaise"},"share_on_mastodon":{"url":"https:\/\/pubeurope.com\/@fr\/114668242444815424","error":""},"_links":{"self":[{"href":"https:\/\/www.europesays.com\/fr\/wp-json\/wp\/v2\/posts\/169798","targetHints":{"allow":["GET"]}}],"collection":[{"href":"https:\/\/www.europesays.com\/fr\/wp-json\/wp\/v2\/posts"}],"about":[{"href":"https:\/\/www.europesays.com\/fr\/wp-json\/wp\/v2\/types\/post"}],"author":[{"embeddable":true,"href":"https:\/\/www.europesays.com\/fr\/wp-json\/wp\/v2\/users\/2"}],"replies":[{"embeddable":true,"href":"https:\/\/www.europesays.com\/fr\/wp-json\/wp\/v2\/comments?post=169798"}],"version-history":[{"count":0,"href":"https:\/\/www.europesays.com\/fr\/wp-json\/wp\/v2\/posts\/169798\/revisions"}],"wp:featuredmedia":[{"embeddable":true,"href":"https:\/\/www.europesays.com\/fr\/wp-json\/wp\/v2\/media\/169799"}],"wp:attachment":[{"href":"https:\/\/www.europesays.com\/fr\/wp-json\/wp\/v2\/media?parent=169798"}],"wp:term":[{"taxonomy":"category","embeddable":true,"href":"https:\/\/www.europesays.com\/fr\/wp-json\/wp\/v2\/categories?post=169798"},{"taxonomy":"post_tag","embeddable":true,"href":"https:\/\/www.europesays.com\/fr\/wp-json\/wp\/v2\/tags?post=169798"}],"curies":[{"name":"wp","href":"https:\/\/api.w.org\/{rel}","templated":true}]}}