{"id":169806,"date":"2025-06-12T03:24:10","date_gmt":"2025-06-12T03:24:10","guid":{"rendered":"https:\/\/www.europesays.com\/fr\/169806\/"},"modified":"2025-06-12T03:24:10","modified_gmt":"2025-06-12T03:24:10","slug":"apres-le-mea-culpa-delon-musk-donald-trump-est-reconnaissant-selon-la-maison-blanche","status":"publish","type":"post","link":"https:\/\/www.europesays.com\/fr\/169806\/","title":{"rendered":"apr\u00e8s le mea culpa d&rsquo;Elon Musk, Donald Trump est \u00ab\u00a0reconnaissant\u00a0\u00bb, selon la Maison-Blanche"},"content":{"rendered":"<p class=\"article-p mdl\">Le point final au clash entre Donald Trump et Elon Musk ? La Maison-Blanche a r\u00e9agi, mercredi 11 juin, aux regrets exprim\u00e9s par le patron de Space X, qui a claqu\u00e9 la porte du gouvernement Trump au mois de mai. \u00ab\u00a0Le pr\u00e9sident a bien vu le communiqu\u00e9 qu&rsquo;Elon a publi\u00e9 ce matin, et<strong> il en est reconnaissant\u00a0\u00bb<\/strong>, a d\u00e9clar\u00e9 la porte-parole de la Maison-Blanche, Karoline Leavitt.<\/p>\n<p class=\"article-p mdl\">Elon Musk a fait\u00a0<a class=\"link\" href=\"https:\/\/www.rtl.fr\/actu\/international\/je-regrette-certains-de-mes-messages-sur-le-president-elon-musk-fait-marche-arriere-face-a-trump-7900514491\" title=\"&quot;Je regrette certains de mes messages sur le pr\u00e9sident&quot; : Elon Musk fait marche arri\u00e8re face \u00e0 Trump\" target=\"_blank\" rel=\"noopener\">son mea culpa<\/a>\u00a0apr\u00e8s avoir multipli\u00e9 les attaques visant Donald Trump. \u00ab\u00a0<strong>Je regrette certains de mes messages <\/strong>sur le pr\u00e9sident (&#8230;) la semaine derni\u00e8re. Ils sont all\u00e9s trop loin\u00a0\u00bb, a soulign\u00e9 le milliardaire, omnipr\u00e9sent dans la derni\u00e8re campagne du r\u00e9publicain, sans nommer directement ces fameuses publications.\u00a0<\/p>\n<p class=\"article-p mdl\">Plusieurs posts \u00e9crits ou partag\u00e9s par le multimilliardaire ont \u00e9t\u00e9 supprim\u00e9s du r\u00e9seau social X. Elon Musk avait lanc\u00e9 les hostilit\u00e9s en s&rsquo;en prenant au m\u00e9gaprojet de loi budg\u00e9taire de Donald Trump, parlant d&rsquo;un<strong>e\u00a0\u00ab\u00a0abomination r\u00e9pugnante<\/strong>\u00ab\u00a0. Les deux hommes se sont alors\u00a0<a class=\"link\" href=\"https:\/\/www.rtl.fr\/actu\/international\/destitution-affaire-epstein-contrats-la-guerre-fait-rage-entre-donald-trump-et-elon-musk-7900512879\" title=\"Affaire Epstein, destitution, contrats... La guerre fait rage entre Donald Trump et Elon Musk\" target=\"_blank\" rel=\"noopener\">d\u00e9chir\u00e9s publiquement<\/a>.\u00a0<\/p>\n<p class=\"article-p mdl\">La porte-parole de la Maison-Blanche a pr\u00e9cis\u00e9 que l&rsquo;administration Trump n&rsquo;avait entam\u00e9 <strong>aucun examen des nombreux contrats pass\u00e9s entre les entreprises du multimilliardaire et l&rsquo;\u00c9tat f\u00e9d\u00e9ral<\/strong>. Elon Musk est au c\u0153ur de multiples temp\u00eates judiciaires, entre accusations de fraudes, conditions de travail abusives et plaintes de clients Tesla.\u00a0<\/p>\n<p>    La r\u00e9daction vous recommande<\/p>\n<p class=\"s-newsletter__title\">\n                L\u2019actualit\u00e9 par la r\u00e9daction de RTL dans votre bo\u00eete mail.\n            <\/p>\n<p class=\"s-newsletter__subtitle\">\n                Gr\u00e2ce \u00e0 votre compte RTL abonnez-vous \u00e0 la newsletter RTL info pour suivre toute l&rsquo;actualit\u00e9 au quotidien\n            <\/p>\n<p>\n                                    Lire la suite\n                                <\/p>\n","protected":false},"excerpt":{"rendered":"Le point final au clash entre Donald Trump et Elon Musk ? La Maison-Blanche a r\u00e9agi, mercredi 11&hellip;\n","protected":false},"author":2,"featured_media":169807,"comment_status":"","ping_status":"","sticky":false,"template":"","format":"standard","meta":{"footnotes":""},"categories":[1589],"tags":[11,75,46,73,1866,107,78,12,1864,1865,1863,308],"class_list":{"0":"post-169806","1":"post","2":"type-post","3":"status-publish","4":"format-standard","5":"has-post-thumbnail","7":"category-etats-unis","8":"tag-actualites","9":"tag-donald-trump","10":"tag-elon-musk","11":"tag-etats-unis","12":"tag-etats-unis-damerique","13":"tag-fil-info","14":"tag-maison-blanche","15":"tag-news","16":"tag-united-states","17":"tag-united-states-of-america","18":"tag-us","19":"tag-usa"},"share_on_mastodon":{"url":"https:\/\/pubeurope.com\/@fr\/114668258147685870","error":""},"_links":{"self":[{"href":"https:\/\/www.europesays.com\/fr\/wp-json\/wp\/v2\/posts\/169806","targetHints":{"allow":["GET"]}}],"collection":[{"href":"https:\/\/www.europesays.com\/fr\/wp-json\/wp\/v2\/posts"}],"about":[{"href":"https:\/\/www.europesays.com\/fr\/wp-json\/wp\/v2\/types\/post"}],"author":[{"embeddable":true,"href":"https:\/\/www.europesays.com\/fr\/wp-json\/wp\/v2\/users\/2"}],"replies":[{"embeddable":true,"href":"https:\/\/www.europesays.com\/fr\/wp-json\/wp\/v2\/comments?post=169806"}],"version-history":[{"count":0,"href":"https:\/\/www.europesays.com\/fr\/wp-json\/wp\/v2\/posts\/169806\/revisions"}],"wp:featuredmedia":[{"embeddable":true,"href":"https:\/\/www.europesays.com\/fr\/wp-json\/wp\/v2\/media\/169807"}],"wp:attachment":[{"href":"https:\/\/www.europesays.com\/fr\/wp-json\/wp\/v2\/media?parent=169806"}],"wp:term":[{"taxonomy":"category","embeddable":true,"href":"https:\/\/www.europesays.com\/fr\/wp-json\/wp\/v2\/categories?post=169806"},{"taxonomy":"post_tag","embeddable":true,"href":"https:\/\/www.europesays.com\/fr\/wp-json\/wp\/v2\/tags?post=169806"}],"curies":[{"name":"wp","href":"https:\/\/api.w.org\/{rel}","templated":true}]}}