{"id":169808,"date":"2025-06-12T03:25:11","date_gmt":"2025-06-12T03:25:11","guid":{"rendered":"https:\/\/www.europesays.com\/fr\/169808\/"},"modified":"2025-06-12T03:25:11","modified_gmt":"2025-06-12T03:25:11","slug":"royaume-uni-le-gouvernement-travailliste-lache-des-sous-maville-com-rennes","status":"publish","type":"post","link":"https:\/\/www.europesays.com\/fr\/169808\/","title":{"rendered":"Royaume-Uni : le gouvernement travailliste l\u00e2che des sous &#8211; MaVille.com &#8211; Rennes"},"content":{"rendered":"<ol>\n<li><a href=\"https:\/\/news.google.com\/rss\/articles\/CBMivAFBVV95cUxOUnltQ0tfVGoxNVN2ajhvQkZ2akFIMm9UMzVMT0JCNXcxNzVidXVrcmdZUHQ4WWVELXlRV1Q2bjlMN0JFdlM0ZG1ROTFLVkUzZDdlOVlhQ3hoNnR5TGRPOW84S2pKUkFKc3FBMEpwRVVPTDJQOVcyczJDclJUcnIxQzA4SHUwaWtoekZoMWo0NDVwZGpocnFGNm9KN1BiRXpMM0tqaHZFRXZiYVdxV0p4ZWo2S3FSUWhNRGU1WQ?oc=5\" target=\"_blank\" rel=\"nofollow noopener\">Royaume-Uni : le gouvernement travailliste l\u00e2che des sous<\/a>&nbsp;&nbsp;MaVille.com &#8211; Rennes<\/li>\n<li><a href=\"https:\/\/news.google.com\/rss\/articles\/CBMi3gFBVV95cUxNcmlhZEpkR1NpalBHZUVxR1FZWTRlOHFxcmNWbXlqSllaY1JiRTRmdnRQWDZYOFdITEIwY2pZNC10c0pNOEFNRE5Cb1dIeGdNU1pQRmpUTEpMY3lucl9rRnBiVHRVcEJOZUE1TlJYcGh1SHAwWThleDRLdUdkOER0aVlOcFBWSkRKQVo1OVZ5Z1hsaUcwWjV0RUNNOVZwdTZyMURITHpiU0x6UnpJcHZTRFM2NDhLQllBRDJwY3d3UE5KMnRaVlJiWF9uNU0tTDF2dEZjODlHOFdRNlN3VVE?oc=5\" target=\"_blank\" rel=\"nofollow noopener\">Le Royaume-Uni revient sur la tr\u00e8s impopulaire suppression de l\u2019aide au chauffage pour les retrait\u00e9s<\/a>&nbsp;&nbsp;Le Figaro<\/li>\n<li><a href=\"https:\/\/news.google.com\/rss\/articles\/CBMi5gFBVV95cUxOUTZlX3Q1NVpkcmxrTkdiTWUzOFNTX2dGVy01VEVpbDRCbExwdzZoZWl6b0V0bUNNbFF5ZnUzWXhQYjU1cnBhaGhkbkpoSXRqWl9lUndSREtpZURmNjdDcmJhV25ZRWs3d3JfX2Z3c3pfZk84cEhoYW1qV1hiZF9FamVJaUxseHA3YjVPcEhFN1ZGODIwZkMtZ2dNbVVXTUN4TmJpTWdiZzktMWVIZk1GcHM3aVkxVk5Oc2tncmoyRkdPN1RpUGFNeUdPZWV6OHRHZjNMaWhQQ0xfZTZlRWQ3aV9yVFJqZw?oc=5\" target=\"_blank\" rel=\"nofollow noopener\">Royaume-Uni: le gouvernement renonce \u00e0 la suppression de l\u2019aide au chauffage hivernal pour les retrait\u00e9s<\/a>&nbsp;&nbsp;RFI<\/li>\n<li><a href=\"https:\/\/news.google.com\/rss\/articles\/CBMiyAFBVV95cUxOdl9xMGh0amh6QzBOTjRTX0JqdVdmUDJUVkFaN293eTN6c3dDWUV4dGZ1TnBfWkhRRDBCcTE4b0hZYjBuU0RFTVNCSk1HY2VzWEVUQ2ZSeXB4YXVQRWV6bkpCZVVVQi0yQ1kwWGpyRkE0cXpYMkN1d3RkWTg1TXVZbHF5cFZCUFlsNzNoTVJOZzU5V3ZvN3dMQVdpdDRrWVdtbmxVMHFvR0lUQmhKaVJzeGtYN2laMWczemh5bEo3VkJGNEdjNUFKTA?oc=5\" target=\"_blank\" rel=\"nofollow noopener\">Londres revient sur la suppression tr\u00e8s critiqu\u00e9e de l&rsquo;aide au chauffage pour retrait\u00e9s<\/a>&nbsp;&nbsp;europe1.fr<\/li>\n<li><a href=\"https:\/\/news.google.com\/rss\/articles\/CBMi5gFBVV95cUxOd1JBT25keld0eVkzVndFZHY0WXl2dXFfa3pmcm5qSVM4REpDMXNSMmlsZHhvdlltV2FXZ0xfQmwzbk1uZS02WWNqekZlOTRQdU1hN3NXc2o0VGJQMjBSblAtMTYwaVJnb1lPTjBtenVpWmZySXVEcVFHVzNoY2JramdGbTBlazgySGNUSEE0ZEltUGs5OHFmZ3o5OUd5R19XSzVDSjdraFJqWUdmQjJLN0hDdkNWOXptQzlWT1N1ZG5LWWZHUlZrczZRdTJSTXlxVTNWeXlWNjFkYUxncG5aaGcxZVFfZw?oc=5\" target=\"_blank\" rel=\"nofollow noopener\">Le Royaume-Uni va r\u00e9tablir les aides au chauffage pour des millions de retrait\u00e9s, faisant volte-face<\/a>&nbsp;&nbsp;Zonebourse<\/li>\n<\/ol>\n","protected":false},"excerpt":{"rendered":"Royaume-Uni : le gouvernement travailliste l\u00e2che des sous&nbsp;&nbsp;MaVille.com &#8211; Rennes Le Royaume-Uni revient sur la tr\u00e8s impopulaire suppression&hellip;\n","protected":false},"author":2,"featured_media":169809,"comment_status":"","ping_status":"","sticky":false,"template":"","format":"standard","meta":{"footnotes":""},"categories":[1588],"tags":[11,1777,674,418,8546,12,584,473,1853,30429,1851,1850,1852],"class_list":{"0":"post-169808","1":"post","2":"type-post","3":"status-publish","4":"format-standard","5":"has-post-thumbnail","7":"category-royaume-uni","8":"tag-actualites","9":"tag-eu","10":"tag-europe","11":"tag-gouvernement","12":"tag-lache","13":"tag-news","14":"tag-rennes","15":"tag-royaume-uni","16":"tag-royaume-uni-de-grande-bretagne-et-dirlande-du-nord","17":"tag-travailliste","18":"tag-uk","19":"tag-united-kingdom","20":"tag-united-kingdom-of-great-britain-and-northern-ireland"},"share_on_mastodon":{"url":"https:\/\/pubeurope.com\/@fr\/114668262039707770","error":""},"_links":{"self":[{"href":"https:\/\/www.europesays.com\/fr\/wp-json\/wp\/v2\/posts\/169808","targetHints":{"allow":["GET"]}}],"collection":[{"href":"https:\/\/www.europesays.com\/fr\/wp-json\/wp\/v2\/posts"}],"about":[{"href":"https:\/\/www.europesays.com\/fr\/wp-json\/wp\/v2\/types\/post"}],"author":[{"embeddable":true,"href":"https:\/\/www.europesays.com\/fr\/wp-json\/wp\/v2\/users\/2"}],"replies":[{"embeddable":true,"href":"https:\/\/www.europesays.com\/fr\/wp-json\/wp\/v2\/comments?post=169808"}],"version-history":[{"count":0,"href":"https:\/\/www.europesays.com\/fr\/wp-json\/wp\/v2\/posts\/169808\/revisions"}],"wp:featuredmedia":[{"embeddable":true,"href":"https:\/\/www.europesays.com\/fr\/wp-json\/wp\/v2\/media\/169809"}],"wp:attachment":[{"href":"https:\/\/www.europesays.com\/fr\/wp-json\/wp\/v2\/media?parent=169808"}],"wp:term":[{"taxonomy":"category","embeddable":true,"href":"https:\/\/www.europesays.com\/fr\/wp-json\/wp\/v2\/categories?post=169808"},{"taxonomy":"post_tag","embeddable":true,"href":"https:\/\/www.europesays.com\/fr\/wp-json\/wp\/v2\/tags?post=169808"}],"curies":[{"name":"wp","href":"https:\/\/api.w.org\/{rel}","templated":true}]}}