{"id":169851,"date":"2025-06-12T03:51:10","date_gmt":"2025-06-12T03:51:10","guid":{"rendered":"https:\/\/www.europesays.com\/fr\/169851\/"},"modified":"2025-06-12T03:51:10","modified_gmt":"2025-06-12T03:51:10","slug":"gerald-darmanin-veut-capitaliser-sur-les-retraites-en-vue-de-la-presidentielle-liberation","status":"publish","type":"post","link":"https:\/\/www.europesays.com\/fr\/169851\/","title":{"rendered":"G\u00e9rald Darmanin veut capitaliser sur les retraites en vue de la pr\u00e9sidentielle \u2013 Lib\u00e9ration"},"content":{"rendered":"<p class=\"sc-ksZaOG ehjQrN text-element\">Occuper le terrain, mode d\u2019emploi. Mercredi aux aurores, G\u00e9rald Darmanin entame sa journ\u00e9e dans son costume de garde des Sceaux. Presse invit\u00e9e place Vend\u00f4me pour d\u00e9tailler la r\u00e9forme du syst\u00e8me judiciaire qu\u2019il pr\u00e9sentera \u00e0 partir de jeudi aux chefs de partis et de groupes parlementaires, ainsi qu\u2019aux professionnels de la justice. Du lourd, du clivant : mise en place de peines minimales, \u00abplus dures que les peines plancher\u00bb, et <a href=\"https:\/\/www.liberation.fr\/politique\/violences-en-marge-de-la-victoire-du-psg-gerald-darmanin-veut-supprimer-le-sursis-20250603_LCTHXF6UD5FFRBWPBMHYZB4VGI\/\" target=\"_blank\" rel=\"noreferrer nofollow noopener\" title=\"https:\/\/www.liberation.fr\/politique\/violences-en-marge-de-la-victoire-du-psg-gerald-darmanin-veut-supprimer-le-sursis-20250603_LCTHXF6UD5FFRBWPBMHYZB4VGI\/\">suppression du sursis<\/a>. Il esp\u00e8re avoir un projet de loi \u00e0 pr\u00e9senter \u00e0 Emmanuel Macron et Fran\u00e7ois Bayrou \u00ab\u00e0 la fin du mois de juillet\u00bb. Mercredi soir, c\u2019est en candidat officieux \u00e0 la pr\u00e9sidentielle de 2027 qu\u2019il organise dans le IXe arrondissement de Paris deux tables rondes sur les retraites avec <a href=\"https:\/\/www.liberation.fr\/politique\/a-tourcoing-gerald-darmanin-se-reve-populaire-20240929_4KSVQL3NLJAJBBW43F22GTZOTA\/\" target=\"_blank\" rel=\"noreferrer nofollow noopener\" title=\"https:\/\/www.liberation.fr\/politique\/a-tourcoing-gerald-darmanin-se-reve-populaire-20240929_4KSVQL3NLJAJBBW43F22GTZOTA\/\">son petit parti, Populaires !<\/a><\/p>\n<p class=\"sc-ksZaOG ehjQrN text-element\">Encore du lourd, encore du clivant : il plaide pour l\u2019introductio<\/p>\n","protected":false},"excerpt":{"rendered":"Occuper le terrain, mode d\u2019emploi. Mercredi aux aurores, G\u00e9rald Darmanin entame sa journ\u00e9e dans son costume de garde&hellip;\n","protected":false},"author":2,"featured_media":169852,"comment_status":"","ping_status":"","sticky":false,"template":"","format":"standard","meta":{"footnotes":""},"categories":[6],"tags":[35,33,34,1011,27,432,11036],"class_list":{"0":"post-169851","1":"post","2":"type-post","3":"status-publish","4":"format-standard","5":"has-post-thumbnail","7":"category-economie","8":"tag-business","9":"tag-economie","10":"tag-economy","11":"tag-fr","12":"tag-france","13":"tag-gerald-darmanin","14":"tag-reforme-des-retraites"},"share_on_mastodon":{"url":"https:\/\/pubeurope.com\/@fr\/114668364579003297","error":""},"_links":{"self":[{"href":"https:\/\/www.europesays.com\/fr\/wp-json\/wp\/v2\/posts\/169851","targetHints":{"allow":["GET"]}}],"collection":[{"href":"https:\/\/www.europesays.com\/fr\/wp-json\/wp\/v2\/posts"}],"about":[{"href":"https:\/\/www.europesays.com\/fr\/wp-json\/wp\/v2\/types\/post"}],"author":[{"embeddable":true,"href":"https:\/\/www.europesays.com\/fr\/wp-json\/wp\/v2\/users\/2"}],"replies":[{"embeddable":true,"href":"https:\/\/www.europesays.com\/fr\/wp-json\/wp\/v2\/comments?post=169851"}],"version-history":[{"count":0,"href":"https:\/\/www.europesays.com\/fr\/wp-json\/wp\/v2\/posts\/169851\/revisions"}],"wp:featuredmedia":[{"embeddable":true,"href":"https:\/\/www.europesays.com\/fr\/wp-json\/wp\/v2\/media\/169852"}],"wp:attachment":[{"href":"https:\/\/www.europesays.com\/fr\/wp-json\/wp\/v2\/media?parent=169851"}],"wp:term":[{"taxonomy":"category","embeddable":true,"href":"https:\/\/www.europesays.com\/fr\/wp-json\/wp\/v2\/categories?post=169851"},{"taxonomy":"post_tag","embeddable":true,"href":"https:\/\/www.europesays.com\/fr\/wp-json\/wp\/v2\/tags?post=169851"}],"curies":[{"name":"wp","href":"https:\/\/api.w.org\/{rel}","templated":true}]}}