{"id":169853,"date":"2025-06-12T03:52:10","date_gmt":"2025-06-12T03:52:10","guid":{"rendered":"https:\/\/www.europesays.com\/fr\/169853\/"},"modified":"2025-06-12T03:52:10","modified_gmt":"2025-06-12T03:52:10","slug":"viol-tensions-raciales-emeutes-le-point-sur-la-crise-qui-secoue-le-pays","status":"publish","type":"post","link":"https:\/\/www.europesays.com\/fr\/169853\/","title":{"rendered":"Viol, tensions raciales, \u00e9meutes\u2026 Le point sur la crise qui secoue le pays"},"content":{"rendered":"<p>La situation se tend en Irlande du Nord. Apr\u00e8s deux nuits d\u2019\u00e9meutes visant des immigr\u00e9s et des affrontements avec les forces de l\u2019ordre dans la ville de Ballymena, situ\u00e9e \u00e0 une cinquantaine de kilom\u00e8tres au nord-ouest de <a href=\"https:\/\/www.20minutes.fr\/monde\/irlande_du_nord\/\" class=\"color-ultramarine c-link\" rel=\"nofollow noopener\" target=\"_blank\">Belfast<\/a>, la police se pr\u00e9pare mercredi \u00e0 de nouvelles violences. Que se passe-t-il exactement\u00a0? On vous explique.<\/p>\n<p>Quel a \u00e9t\u00e9 l\u2019\u00e9l\u00e9ment d\u00e9clencheur\u00a0?<\/p>\n<p>Les premi\u00e8res violences ont \u00e9clat\u00e9 lundi soir \u00e0 l\u2019issue d\u2019un rassemblement en soutien \u00e0 une jeune victime pr\u00e9sum\u00e9e de tentative de <a href=\"https:\/\/www.20minutes.fr\/dossier\/viol\" class=\"color-ultramarine c-link\" rel=\"nofollow noopener\" target=\"_blank\">viol <\/a>et \u00e0 sa famille. Deux adolescents de 14 ans ont \u00e9t\u00e9 inculp\u00e9s pour lundi pour cette tentative de viol. La police, qui \u00e9voque des violences \u00ab\u00a0motiv\u00e9es par des consid\u00e9rations raciales\u00a0\u00bb, ne souhaite pas communiquer sur l\u2019origine des deux jeunes. Mais selon les m\u00e9dias britanniques, ils se sont exprim\u00e9s par l\u2019interm\u00e9diaire d\u2019un interpr\u00e8te roumain lors de leur comparution lundi au tribunal.<\/p>\n<p>Que se passe-t-il exactement\u00a0?<\/p>\n<p>Mardi soir, des centaines d\u2019individus ont pris pour cible des habitations et commerces et jet\u00e9 des briques, fus\u00e9es et cocktails Molotov sur la police, dans la ville de Ballymena. Ces \u00e9meutes ont notamment vis\u00e9 des zones o\u00f9 vivent des <a href=\"https:\/\/www.20minutes.fr\/monde\/immigres\/\" class=\"color-ultramarine c-link\" rel=\"nofollow noopener\" target=\"_blank\">immigr\u00e9s<\/a>. Des \u00ab\u00a0troubles sporadiques\u00a0\u00bb ont aussi eu lieu dans d\u2019autres villes nord-irlandaises, notamment \u00e0 Belfast, ainsi que dans deux villes \u00e0 proximit\u00e9, Carrickfergus et Newtownabbey. Selon la police, ce sont surtout des jeunes locaux qui ont pris part aux heurts, m\u00eame si elle n\u2019a pas exclu l\u2019implication de personnes ext\u00e9rieures \u00e0 la ville, pointant le r\u00f4le des r\u00e9seaux sociaux.<\/p>\n<p>Quel est le bilan des \u00e9meutes\u00a0?<\/p>\n<p>A l\u2019issue de ces heurts, qualifi\u00e9s d&rsquo;\u00ab\u00a0insens\u00e9s\u00a0\u00bb par le Premier ministre travailliste <a href=\"https:\/\/www.20minutes.fr\/monde\/keir-starmer\/\" class=\"color-ultramarine c-link\" rel=\"nofollow noopener\" target=\"_blank\">Keir Starmer<\/a>, six personnes ont \u00e9t\u00e9 arr\u00eat\u00e9es et l\u2019une d\u2019elles a \u00e9t\u00e9 inculp\u00e9e pour troubles \u00e0 l\u2019ordre public, a d\u00e9clar\u00e9 mercredi un responsable de la police, Ryan Henderson, lors d\u2019une conf\u00e9rence de presse. Trente-deux policiers ont \u00e9t\u00e9 bless\u00e9s lundi et mardi soir dans ces incidents. La police nord-irlandaise a indiqu\u00e9 avoir appel\u00e9 des renforts du reste du pays en pr\u00e9vision de nouvelles violences.<\/p>\n<\/p>\n<p>Quelles r\u00e9actions politiques\u00a0?<\/p>\n<p>\u00ab\u00a0Je condamne fermement les violences observ\u00e9es cette nuit \u00e0 Ballymena et dans d\u2019autres endroits d\u2019Irlande du Nord, notamment contre des agents de police\u00a0\u00bb, a d\u00e9clar\u00e9 Keir Starmer devant le Parlement. \u00ab\u00a0Ceux qui instrumentalisent la situation pour attiser les tensions raciales se moquent de la justice et n\u2019ont rien \u00e0 offrir \u00e0 leurs communaut\u00e9s, si ce n\u2019est de la division et du d\u00e9sordre\u00a0\u00bb, ont rench\u00e9ri dans un communiqu\u00e9 commun les membres de l\u2019ex\u00e9cutif, compos\u00e9 de quatre partis politiques et dirig\u00e9 par l\u2019\u00e9lue r\u00e9publicaine du Sinn Fein Michelle O\u2019Neill. \u00ab\u00a0Rien ne saurait justifier ces violences, au cours desquelles des habitants ont \u00e9t\u00e9 traumatis\u00e9s et de nombreux policiers bless\u00e9s\u00a0\u00bb, ont fustig\u00e9 les membres de l\u2019ex\u00e9cutif.<\/p>\n<p>Mais le d\u00e9put\u00e9 du parti Traditional Unionist Voice Jim Allister a toutefois soulign\u00e9 \u00e0 la Chambre des communes \u00e0 <a href=\"https:\/\/www.20minutes.fr\/dossier\/londres\" class=\"color-ultramarine c-link\" rel=\"nofollow noopener\" target=\"_blank\">Londres<\/a> que s\u2019il n\u2019y a \u00ab\u00a0aucune excuse\u00a0\u00bb pour de tels actes, \u00ab\u00a0le gouvernement doit prendre conscience des tensions sous-jacentes engendr\u00e9es par une immigration incontr\u00f4l\u00e9e et souvent clandestine\u00a0\u00bb.<\/p>\n","protected":false},"excerpt":{"rendered":"La situation se tend en Irlande du Nord. Apr\u00e8s deux nuits d\u2019\u00e9meutes visant des immigr\u00e9s et des affrontements&hellip;\n","protected":false},"author":2,"featured_media":169854,"comment_status":"","ping_status":"","sticky":false,"template":"","format":"standard","meta":{"footnotes":""},"categories":[5],"tags":[47,11,10643,1011,27,1061,14,16776,2581,1272,74,12,10162,1265,809,28],"class_list":{"0":"post-169853","1":"post","2":"type-post","3":"status-publish","4":"format-standard","5":"has-post-thumbnail","7":"category-international","8":"tag-actualite","9":"tag-actualites","10":"tag-emeutes","11":"tag-fr","12":"tag-france","13":"tag-immigration","14":"tag-international","15":"tag-irlande-du-nord","16":"tag-keir-starmer","17":"tag-manifestations","18":"tag-monde","19":"tag-news","20":"tag-racisme","21":"tag-viol","22":"tag-violence","23":"tag-world"},"share_on_mastodon":{"url":"https:\/\/pubeurope.com\/@fr\/114668368310079023","error":""},"_links":{"self":[{"href":"https:\/\/www.europesays.com\/fr\/wp-json\/wp\/v2\/posts\/169853","targetHints":{"allow":["GET"]}}],"collection":[{"href":"https:\/\/www.europesays.com\/fr\/wp-json\/wp\/v2\/posts"}],"about":[{"href":"https:\/\/www.europesays.com\/fr\/wp-json\/wp\/v2\/types\/post"}],"author":[{"embeddable":true,"href":"https:\/\/www.europesays.com\/fr\/wp-json\/wp\/v2\/users\/2"}],"replies":[{"embeddable":true,"href":"https:\/\/www.europesays.com\/fr\/wp-json\/wp\/v2\/comments?post=169853"}],"version-history":[{"count":0,"href":"https:\/\/www.europesays.com\/fr\/wp-json\/wp\/v2\/posts\/169853\/revisions"}],"wp:featuredmedia":[{"embeddable":true,"href":"https:\/\/www.europesays.com\/fr\/wp-json\/wp\/v2\/media\/169854"}],"wp:attachment":[{"href":"https:\/\/www.europesays.com\/fr\/wp-json\/wp\/v2\/media?parent=169853"}],"wp:term":[{"taxonomy":"category","embeddable":true,"href":"https:\/\/www.europesays.com\/fr\/wp-json\/wp\/v2\/categories?post=169853"},{"taxonomy":"post_tag","embeddable":true,"href":"https:\/\/www.europesays.com\/fr\/wp-json\/wp\/v2\/tags?post=169853"}],"curies":[{"name":"wp","href":"https:\/\/api.w.org\/{rel}","templated":true}]}}