{"id":169855,"date":"2025-06-12T03:53:12","date_gmt":"2025-06-12T03:53:12","guid":{"rendered":"https:\/\/www.europesays.com\/fr\/169855\/"},"modified":"2025-06-12T03:53:12","modified_gmt":"2025-06-12T03:53:12","slug":"enorme-bouchon-au-peage-de-chamant-voici-ce-quil-se-passe","status":"publish","type":"post","link":"https:\/\/www.europesays.com\/fr\/169855\/","title":{"rendered":"\u00e9norme bouchon au p\u00e9age de Chamant, voici ce qu&rsquo;il se passe"},"content":{"rendered":"<p>            Par<br \/>\n        <strong><br \/>\n            <a href=\"https:\/\/actu.fr\/auteur\/adrien-deschepper\" title=\"Consulter tous les articles de Adrien Deschepper\" target=\"_blank\" rel=\"noopener\">Adrien Deschepper<\/a><br \/>\n        <\/strong><\/p>\n<p>        Publi\u00e9 le<\/p>\n<p>            11 juin 2025 \u00e0 9h27        <\/p>\n<p>Les automobilistes et chauffeurs poids lourds sont nombreux, tr\u00e8s nombreux \u00e0 \u00eatre \u00e0 l\u2019arr\u00eat, ce mercredi 11 juin 2025, \u00e0 hauteur du p\u00e9age de <strong>Chamant<\/strong>, dans l\u2019<a href=\"http:\/\/actu.fr\/oise\/\" target=\"_blank\" rel=\"noopener\">Oise<\/a>, sur l\u2019<strong>autoroute A1<\/strong>, en direction de Paris.<\/p>\n<p class=\" wall-content\">Un \u00e9norme <strong>bouchon de plus de 6 km<\/strong> est actuellement signal\u00e9 par Bison Fut\u00e9, et ce, depuis 8h pass\u00e9es. A 10h, la circulation est revenue \u00e0 la normale.<\/p>\n<p>Manifestation \u00ab\u00a0non d\u00e9clar\u00e9e\u00a0\u00bb des chauffeurs de taxis<\/p>\n<p class=\" wall-content\">Dans ses points trafic du matin, la Sanef \u00e9voquait \u00ab\u00a0des taxis en col\u00e8re sur l\u2019A1\u00a0\u00bb voulant rejoindre la capitale, provoquant un ralentissement \u00ab\u00a0d\u2019une demi-heure\u00a0\u00bb pour les automobilistes impact\u00e9s.<\/p>\n<p>    <a href=\"https:\/\/www.facebook.com\/plugins\/video.php?height=476&amp;href=https%3A%2F%2Fwww.facebook.com%2F100009539502872%2Fvideos%2F732218582646775%2F&amp;show_text=true&amp;width=350&amp;t=0\" title=\"Ouvrie le lien\" target=\"_blank\" rel=\"noopener\">Cliquez ici pour visualiser le contenu<\/a><\/p>\n<p class=\" wall-content\">Ce barrage filtrant \u00e9tait en effet caus\u00e9 par une manifestation des chauffeurs de taxis, mobilis\u00e9s en masse aujourd\u2019hui, notamment en Ile-de-France, o\u00f9 ils ont pr\u00e9vu un <a href=\"https:\/\/actu.fr\/ile-de-france\/paris_75056\/nouvelles-mobilisations-des-taxis-et-vtc-des-blocages-prevus-en-ile-de-france_62750886.html\" target=\"_blank\" rel=\"noopener\">blocage des a\u00e9roports Charles de Gaulle et Orly<\/a>.\u00a0<\/p>\n<p>Vid\u00e9os : en ce moment sur Actu<\/p>\n<p class=\" wall-content\">Selon la pr\u00e9fecture de l\u2019Oise, il s\u2019agissait toutefois d\u2019<strong>une \u00ab\u00a0manifestation non d\u00e9clar\u00e9e<\/strong> de taxis du Nord et du Pas-de-Calais\u00a0\u00bb, causant, en effet, un \u00ab\u00a0tr\u00e8s fort ralentissement\u00a0\u00bb avant Senlis, vers Paris.<\/p>\n<p>    <a href=\"https:\/\/www.facebook.com\/plugins\/video.php?height=476&amp;href=https%3A%2F%2Fwww.facebook.com%2Fberiguete.pascal.5%2Fvideos%2F2184672718654007%2F&amp;show_text=true&amp;width=350&amp;t=0\" title=\"Ouvrie le lien\" target=\"_blank\" rel=\"noopener\">Cliquez ici pour visualiser le contenu<\/a><\/p>\n<p class=\" wall-content\">La col\u00e8re des chauffeurs de taxis repose sur l\u2019annonce d\u2019un <strong>nouveau syst\u00e8me d\u2019indemnisation<\/strong> du transport des malades, qui pr\u00e9voit une prise en charge de 13 euros par l\u2019Assurance maladie, puis un tarif kilom\u00e9trique, afin de dissuader les retours \u00e0 vide ou les temps d\u2019attente trop longs, rapportent nos coll\u00e8gues d\u2019<a href=\"https:\/\/actu.fr\/ile-de-france\/paris_75056\/nouvelles-mobilisations-des-taxis-et-vtc-des-blocages-prevus-en-ile-de-france_62750886.html\" target=\"_blank\" rel=\"noopener\">actu Paris<\/a>.<\/p>\n<p>Les chauffeurs de l\u2019Oise sont \u00e0 l\u2019a\u00e9roport Charles de Gaulle<\/p>\n<p class=\" wall-content\">\u00ab\u00a0Ce sont des coll\u00e8gues venus du Nord qui se dirigent vers l\u2019a\u00e9roport Charles de Gaulle\u00a0\u00bb, confirme Fr\u00e9d\u00e9ric Delerce, pr\u00e9sident du syndicat des artisans taxis communaux de l\u2019Oise (SATC 60). \u00ab\u00a0Nous, les taxis de l\u2019Oise, on est d\u00e9j\u00e0 \u00e0 l\u2019a\u00e9roport\u00a0\u00bb.\u00a0<\/p>\n<blockquote class=\"ac-article-quote wall-content\">\n<p>A Charles de Gaulle, on sera l\u00e0 jusqu&rsquo;\u00e0 12h ou 13h, en attendant les r\u00e9sultats des r\u00e9unions avec les f\u00e9d\u00e9rations. Selon ce qu&rsquo;on va obtenir ou pas, on pourrait aller sur Paris.<\/p>\n<p>    <strong>Fr\u00e9d\u00e9ric Delerce<\/strong><br \/>\n        Pr\u00e9sident du syndicat des artisans taxis communaux de l&rsquo;Oise    <\/p><\/blockquote>\n<p class=\" wall-content\">Dans l\u2019Oise, une cinquantaine de chauffeurs de taxis avaient d\u00e9nonc\u00e9, il y a quelques jours pr\u00e8s de l\u2019a\u00e9roport de Beauvais, la concurrence \u00ab\u00a0d\u00e9loyale\u00a0\u00bb des VTC, avec un barrage filtrant.\u00a0<\/p>\n<p class=\" wall-content\">Suivez toute l\u2019actualit\u00e9 de vos villes et m\u00e9dias favoris en vous inscrivant \u00e0 <a href=\"https:\/\/moncompte.actu.fr\" title=\"D\u00e9couvez Mon Actu\" rel=\"nofollow noopener\" data-trk=\"{&quot;cta&quot;:{&quot;action&quot;:&quot;https:\\\/\\\/moncompte.actu.fr&quot;,&quot;category&quot;:&quot;mon compte&quot;,&quot;from&quot;:&quot;article footer&quot;,&quot;name&quot;:&quot;Mon actu&quot;,&quot;type&quot;:&quot;cta&quot;}}\" target=\"_blank\">Mon Actu<\/a>.<\/p>\n","protected":false},"excerpt":{"rendered":"Par Adrien Deschepper Publi\u00e9 le 11 juin 2025 \u00e0 9h27 Les automobilistes et chauffeurs poids lourds sont nombreux,&hellip;\n","protected":false},"author":2,"featured_media":169856,"comment_status":"","ping_status":"","sticky":false,"template":"","format":"standard","meta":{"footnotes":""},"categories":[4],"tags":[11,9904,1011,27,7364,12,25,104],"class_list":{"0":"post-169855","1":"post","2":"type-post","3":"status-publish","4":"format-standard","5":"has-post-thumbnail","7":"category-france","8":"tag-actualites","9":"tag-autoroute-1-a1","10":"tag-fr","11":"tag-france","12":"tag-loise","13":"tag-news","14":"tag-republique-francaise","15":"tag-societe"},"share_on_mastodon":{"url":"https:\/\/pubeurope.com\/@fr\/114668372259533359","error":""},"_links":{"self":[{"href":"https:\/\/www.europesays.com\/fr\/wp-json\/wp\/v2\/posts\/169855","targetHints":{"allow":["GET"]}}],"collection":[{"href":"https:\/\/www.europesays.com\/fr\/wp-json\/wp\/v2\/posts"}],"about":[{"href":"https:\/\/www.europesays.com\/fr\/wp-json\/wp\/v2\/types\/post"}],"author":[{"embeddable":true,"href":"https:\/\/www.europesays.com\/fr\/wp-json\/wp\/v2\/users\/2"}],"replies":[{"embeddable":true,"href":"https:\/\/www.europesays.com\/fr\/wp-json\/wp\/v2\/comments?post=169855"}],"version-history":[{"count":0,"href":"https:\/\/www.europesays.com\/fr\/wp-json\/wp\/v2\/posts\/169855\/revisions"}],"wp:featuredmedia":[{"embeddable":true,"href":"https:\/\/www.europesays.com\/fr\/wp-json\/wp\/v2\/media\/169856"}],"wp:attachment":[{"href":"https:\/\/www.europesays.com\/fr\/wp-json\/wp\/v2\/media?parent=169855"}],"wp:term":[{"taxonomy":"category","embeddable":true,"href":"https:\/\/www.europesays.com\/fr\/wp-json\/wp\/v2\/categories?post=169855"},{"taxonomy":"post_tag","embeddable":true,"href":"https:\/\/www.europesays.com\/fr\/wp-json\/wp\/v2\/tags?post=169855"}],"curies":[{"name":"wp","href":"https:\/\/api.w.org\/{rel}","templated":true}]}}