{"id":169867,"date":"2025-06-12T04:00:14","date_gmt":"2025-06-12T04:00:14","guid":{"rendered":"https:\/\/www.europesays.com\/fr\/169867\/"},"modified":"2025-06-12T04:00:14","modified_gmt":"2025-06-12T04:00:14","slug":"en-redressement-depuis-mars-casa-france-demande-sa-liquidation-judiciaire","status":"publish","type":"post","link":"https:\/\/www.europesays.com\/fr\/169867\/","title":{"rendered":"En redressement depuis mars, Casa France demande sa liquidation judiciaire"},"content":{"rendered":"<p>Casa France avait <a href=\"https:\/\/rennes.maville.com\/actu\/actudet_-ameublement-casa-france-demande-son-placement-en-redressement-judiciaire-_54135-6728780_actu.Htm\" target=\"_blank\" rel=\"nofollow noopener\">demand\u00e9 son placement en redressement judiciaire le vendredi 21\u00a0mars 2025<\/a>, apr\u00e8s la faillite de la filiale belge qui assurait la logistique.\u00a0Le tribunal de commerce de\u00a0Bobigny (Seine-et-Marne) qui a examin\u00e9 plusieurs offres de reprises, s\u2019est prononc\u00e9 ce mercredi 11\u00a0juin et a estim\u00e9 que les offres de reprises examin\u00e9es \u00e9taient <strong>\u00ab\u00a0irrecevables\u00a0\u00bb<\/strong>.<\/p>\n<p>L\u2019enseigne a demand\u00e9 son placement en liquidation judiciaire, <strong>\u00ab\u00a0en l\u2019absence d\u2019offre de reprise jug\u00e9e recevable\u00a0\u00bb, <\/strong>a indiqu\u00e9 Casa France dans un communiqu\u00e9 rapport\u00e9 l\u2019Agence France-Presse (AFP). Le tribunal rendra son verdict le 27\u00a0juin prochain.<\/p>\n<p><strong>\u00ab\u00a0Cette mesure concerne l\u2019ensemble des magasins\u00a0\u00bb<\/strong>, au nombre de 143 en France, et les <strong>\u00ab\u00a0fonctions supports de l\u2019enseigne en France\u00a0\u00bb<\/strong>, a ajout\u00e9 la soci\u00e9t\u00e9, apr\u00e8s la faillite de la branche belge qui assurait la logistique du groupe.<\/p>\n<p>Selon <a href=\"https:\/\/www.bfmtv.com\/economie\/entreprises\/en-redressement-judiciaire-l-enseigne-d-ameublement-casa-fixee-sur-son-sort-ce-mercredi_AV-202506110160.html\" target=\"_blank\" rel=\"nofollow noopener\"> BFM <\/a>, neuf offres ont \u00e9t\u00e9 \u00e9tudi\u00e9es au total, qui proviennent d\u2019acteurs de secteurs vari\u00e9s de la distribution. Jean-Philippe Cheneble, d\u00e9l\u00e9gu\u00e9 syndical central CGT de Casa France, pr\u00e9cise que s\u2019il y avait bien <strong>\u00ab\u00a0neuf repreneurs potentiels\u00a0\u00bb<\/strong> au d\u00e9part, il ne restait <strong>\u00ab\u00a0plus que deux offres valid\u00e9es\u00a0\u00bb<\/strong> ce week-end, a-t-il confi\u00e9 le lundi 9\u00a0juin, aux <a href=\"https:\/\/www.dna.fr\/economie\/2025\/06\/09\/casa-france-face-au-tribunal-comment-l-enseigne-d-ameublement-et-de-deco-s-est-effondree\" target=\"_blank\" rel=\"nofollow noopener\"> Derni\u00e8res Nouvelles d\u2019Alsace <\/a>.<\/p>\n<p>Un nombre d\u2019offres confirm\u00e9 par Casa France qui,<strong> \u00ab\u00a0au regard des crit\u00e8res exig\u00e9s par la loi\u00a0\u00bb ,<\/strong> ne devraient pas aboutir.<\/p>\n<p>Plusieurs boutiques vont fermer<\/p>\n<p>Cr\u00e9\u00e9e en 1975 en Belgique, la cha\u00eene sp\u00e9cialis\u00e9e dans la d\u00e9coration et l\u2019ameublement est pr\u00e9sente dans huit pays europ\u00e9ens avec un r\u00e9seau de 500\u00a0magasins et compte plus de 2\u00a0230\u00a0salari\u00e9s.<\/p>\n<p>Dans l\u2019Hexagone, 143\u00a0points de vente sont concern\u00e9s, soit 620\u00a0salari\u00e9s. Depuis le 8\u00a0mai, <a href=\"https:\/\/lorient.maville.com\/actu\/actudet_-l-enseigne-casa-ferme-a-lorient-et-lanester-sept-emplois-impactes-_12-6840381_actu.Htm\" target=\"_blank\" rel=\"nofollow noopener\">plusieurs fermetures de magasins Casa ont \u00e9t\u00e9 officialis\u00e9es dans de multiples villes fran\u00e7aises<\/a>.<\/p>\n<p>\u00a0<\/p>\n","protected":false},"excerpt":{"rendered":"Casa France avait demand\u00e9 son placement en redressement judiciaire le vendredi 21\u00a0mars 2025, apr\u00e8s la faillite de la&hellip;\n","protected":false},"author":2,"featured_media":169868,"comment_status":"","ping_status":"","sticky":false,"template":"","format":"standard","meta":{"footnotes":""},"categories":[9619],"tags":[1111,11,30250,7650,1777,674,1011,27,8639,13225,918,12,882,30431,25,2310],"class_list":{"0":"post-169867","1":"post","2":"type-post","3":"status-publish","4":"format-standard","5":"has-post-thumbnail","7":"category-toulon","8":"tag-actu","9":"tag-actualites","10":"tag-casa","11":"tag-demande","12":"tag-eu","13":"tag-europe","14":"tag-fr","15":"tag-france","16":"tag-judiciaire","17":"tag-liquidation","18":"tag-mars","19":"tag-news","20":"tag-provence-alpes-cote-dazur","21":"tag-redressement","22":"tag-republique-francaise","23":"tag-toulon"},"share_on_mastodon":{"url":"https:\/\/pubeurope.com\/@fr\/114668399913491087","error":""},"_links":{"self":[{"href":"https:\/\/www.europesays.com\/fr\/wp-json\/wp\/v2\/posts\/169867","targetHints":{"allow":["GET"]}}],"collection":[{"href":"https:\/\/www.europesays.com\/fr\/wp-json\/wp\/v2\/posts"}],"about":[{"href":"https:\/\/www.europesays.com\/fr\/wp-json\/wp\/v2\/types\/post"}],"author":[{"embeddable":true,"href":"https:\/\/www.europesays.com\/fr\/wp-json\/wp\/v2\/users\/2"}],"replies":[{"embeddable":true,"href":"https:\/\/www.europesays.com\/fr\/wp-json\/wp\/v2\/comments?post=169867"}],"version-history":[{"count":0,"href":"https:\/\/www.europesays.com\/fr\/wp-json\/wp\/v2\/posts\/169867\/revisions"}],"wp:featuredmedia":[{"embeddable":true,"href":"https:\/\/www.europesays.com\/fr\/wp-json\/wp\/v2\/media\/169868"}],"wp:attachment":[{"href":"https:\/\/www.europesays.com\/fr\/wp-json\/wp\/v2\/media?parent=169867"}],"wp:term":[{"taxonomy":"category","embeddable":true,"href":"https:\/\/www.europesays.com\/fr\/wp-json\/wp\/v2\/categories?post=169867"},{"taxonomy":"post_tag","embeddable":true,"href":"https:\/\/www.europesays.com\/fr\/wp-json\/wp\/v2\/tags?post=169867"}],"curies":[{"name":"wp","href":"https:\/\/api.w.org\/{rel}","templated":true}]}}