{"id":169875,"date":"2025-06-12T04:06:17","date_gmt":"2025-06-12T04:06:17","guid":{"rendered":"https:\/\/www.europesays.com\/fr\/169875\/"},"modified":"2025-06-12T04:06:17","modified_gmt":"2025-06-12T04:06:17","slug":"les-soutiens-des-verts-lfi-a-la-rescousse-de-la-municipalite","status":"publish","type":"post","link":"https:\/\/www.europesays.com\/fr\/169875\/","title":{"rendered":"LES SOUTIENS DES VERTS\/LFI \u00c0 LA RESCOUSSE DE LA MUNICIPALIT\u00c9"},"content":{"rendered":"<p>Posted On 12 juin 2025 <\/p>\n<p style=\"text-align: justify;\">Mis au pied du mur par la mobilisation citoyenne face aux projets impos\u00e9s, les \u00e9lus Verts\/LFI multiplient les outrances&#8230; et leurs officines constitu\u00e9es de soutien s&rsquo;en m\u00ealent d\u00e9sormais pour tenter une contre offensive.<\/p>\n<p>LES PIOLLISTES MENACENT LES GRENOBLOIS QUI NE PENSENT PAS COMME EUX<\/p>\n<p style=\"text-align: justify;\">Il y a d&rsquo;abord eu les menaces de la majorit\u00e9 suite au dernier conseil municipal, <a href=\"https:\/\/grenoble-le-changement.fr\/2025\/05\/20\/la-majorite-municipale-menace-les-collectifs-qui-manifestent\/\" target=\"_blank\" rel=\"noopener\">tentant de d\u00e9peindre les Grenoblois mobilis\u00e9s pacifiquement et interdits d&rsquo;assister au conseil comme de dangereux factieux<\/a>, en en faisant des tonnes \u00e0 propos d&rsquo;une pr\u00e9tendue \u00ab\u00a0action brutale qui a entrain\u00e9 un retard de 45 mn de la s\u00e9ance\u00a0\u00bb&#8230;\u00a0Sans commune mesure avec des manifestations ant\u00e9rieures de mouvements r\u00e9put\u00e9s proches de la municipalit\u00e9 qui ont parfois emp\u00each\u00e9 le conseil de se tenir pendant des heures !<\/p>\n<p><a href=\"https:\/\/i2.wp.com\/grenoble-le-changement.fr\/wp-content\/uploads\/2025\/05\/Capture-de\u0301cran-2025-05-19-a\u0300-19.26.40.png?ssl=1\" rel=\"lightbox[82554] noopener\" target=\"_blank\"><img loading=\"lazy\" decoding=\"async\" class=\" wp-image-82061 jetpack-lazy-image\" src=\"https:\/\/i2.wp.com\/grenoble-le-changement.fr\/wp-content\/uploads\/2025\/05\/Capture-de\u0301cran-2025-05-19-a\u0300-19.26.40.png?resize=678%2C391&amp;ssl=1\" alt=\"\" width=\"678\" height=\"391\" data-recalc-dims=\"1\" data-lazy-src=\"https:\/\/i2.wp.com\/grenoble-le-changement.fr\/wp-content\/uploads\/2025\/05\/Capture-de\u0301cran-2025-05-19-a\u0300-19.26.40.png?resize=678%2C391&amp;is-pending-load=1#038;ssl=1\" \/><\/a>La manifestation des habitants et commer\u00e7ants devant le dernier conseil municipal.<br \/>\nLA TENTATIVE DE D\u00c9L\u00c9GITIMISATION\u00a0<\/p>\n<p style=\"text-align: justify;\">Ils ne se sont pas arr\u00eat\u00e9s en si bon chemin avec, quelques jours apr\u00e8s le conseil, <a href=\"https:\/\/grenoble-le-changement.fr\/2025\/05\/25\/municipales-les-piollistes-se-vautrent-dans-lhypocrisie-et-loutrance\/\" target=\"_blank\" rel=\"noopener\">un communiqu\u00e9 de presse du groupe des \u00e9lus Verts\/LFI \u00ab\u00a0Grenoble en commun\u00a0\u00bb<\/a> parlant de \u00ab\u00a0trumpisation carignonesque\u00a0\u00bb (!) et de \u00ab\u00a0manipulation citoyenne\u00a0\u00bb pour essayer de d\u00e9cr\u00e9dibiliser les unions de quartier et collectifs m\u00e9contents de la politique municipale&#8230; et tenter de faire croire \u00e0 une politisation des mouvements pour les apeurer et les d\u00e9l\u00e9gitimer.\u00a0<\/p>\n<p>ET MAINTENANT, LES OUTRANCES DE CONFESSON (LFI)&#8230;<\/p>\n<p style=\"text-align: justify;\">Le z\u00e9l\u00e9 adjoint au commerce Alan Confesson (LFI), qui se verrait bien Maire de Grenoble, a franchi un nouveau cap vendredi au conseil m\u00e9tropolitain. Alors que les \u00e9lus d\u00e9battaient de la situation du commerce \u00e0 Grenoble, plut\u00f4t que de s&rsquo;interroger<a href=\"https:\/\/grenoble-le-changement.fr\/2025\/05\/29\/12-de-commerces-fermes-a-grenoble-stop-ou-encore\/\" target=\"_blank\" rel=\"noopener\"> sur le taux de vacance commerciale record de 12%,<\/a> l&rsquo;adjoint cens\u00e9 d\u00e9fendre les commer\u00e7ants a pr\u00e9f\u00e9r\u00e9 assimiler ceux qui demandent un changement d&rsquo;orientation de la politique municipale et m\u00e9tropolitaine \u00e0 des soutiens organis\u00e9s d&rsquo;Alain Carignon&#8230;<\/p>\n<p>&#8230; QUI CONSID\u00c8RE CEUX CRITIQUES DES PIOLLISTES COMME DES \u00ab\u00a0\u00c2MES DAMN\u00c9ES\u00a0\u00bb<\/p>\n<p style=\"text-align: justify;\">&#8230; en d\u00e9signant m\u00eame nomm\u00e9ment des pr\u00e9sidents d&rsquo;unions de quartier et repr\u00e9sentants des commer\u00e7ants comme des \u00ab\u00a0\u00e2mes damn\u00e9es\u00a0\u00bb d&rsquo;Alain Carignon <a target=\"_blank\" href=\"https:\/\/www.placegrenet.fr\/2025\/06\/10\/les-commercants-et-habitants-opposes-aux-projets-urbains-de-grenoble-des-ames-damnees-dalain-carignon\/653718\" rel=\"noopener\">comme le rapporte le m\u00e9dia Place Gre&rsquo;net<\/a> en d\u00e9crivant un adjoint qui \u00ab\u00a0semble avoir perdu quelque peu son calme\u00a0\u00bb. Les Piollistes, ivres de rage qu&rsquo;on puisse ne pas \u00eatre d&rsquo;accord avec eux, poursuivent leur d\u00e9rive en s&rsquo;attaquant avec de plus en plus de violence \u00e0 tous ceux qui ne pensent pas comme eux.\u00a0<\/p>\n<\/p>\n<p>Intervention d&rsquo;Alain Carignon vendredi dernier en conseil m\u00e9tropolitain \u00e0 propos du commerce.<\/p>\n<p>LE SECTARISME HABITUEL DE LFI\u00a0<\/p>\n<p style=\"text-align: justify;\">Alain Carignon a demand\u00e9 \u00e0 Confesson de retrouver le sens de la mesure, en lui rappelant \u00ab\u00a0qu&rsquo;une personne qui est \u00e0 la t\u00eate d\u2019un collectif n\u2019est pas obligatoirement une \u00e2me damn\u00e9e parce qu\u2019elle a des convictions\u00a0\u00bb et en sollicitant un rappel \u00e0 l&rsquo;ordre du Pr\u00e9sident Ferrari face \u00e0 des propos d&rsquo;un m\u00e9pris confondant pour les Grenoblois qui ont le tort de penser autre chose que <a href=\"https:\/\/grenoble-le-changement.fr\/2025\/06\/11\/lfi-met-la-pression-sur-l-ruffin-la-candidate-pour-succeder-a-piolle\/\" target=\"_blank\" rel=\"noopener\">la doctrine de LFI<\/a>. Le sectarisme des Insoumis fait qu&rsquo;ils sont persuad\u00e9s que les habitants et commer\u00e7ants qui veulent autre chose pour leur ville sont \u00e0 leur image : incapables de penser par eux-m\u00eames.<\/p>\n<p>MULTIPLIER LES CONTREV\u00c9RIT\u00c9S ET LE AD HOMINEM POUR NE PAS PARLER DU FOND<\/p>\n<p style=\"text-align: justify;\">Place Gre&rsquo;net rappelle d&rsquo;ailleurs que \u00ab\u00a0des personnalit\u00e9s politiques sans lien connu avec Alain Carignon ont \u00e9galement \u00e9t\u00e9 aper\u00e7ues \u00e0 l\u2019occasion de certaines mobilisations\u00a0\u00bb. Mais les Piollistes sont pr\u00eats \u00e0 toutes les contrev\u00e9rit\u00e9s pour \u00e9viter de voir le vrai sujet : le fait que des projets impos\u00e9s sans concertation sont dangereux pour le devenir de secteurs entiers. Et cette semaine, les Verts\/LFI tentent \u00e0 nouveau une contre offensive avec<a href=\"https:\/\/grenoble-le-changement.fr\/2024\/09\/05\/les-verts-et-leurs-allies-a-loffensive-pour-la-rentree\/\" target=\"_blank\" rel=\"noopener\"> l&rsquo;agitation des officines proches d&rsquo;eux<\/a>.<\/p>\n<p><a href=\"https:\/\/i1.wp.com\/grenoble-le-changement.fr\/wp-content\/uploads\/2024\/08\/adtc.jpg?ssl=1\" rel=\"lightbox[82554] noopener\" target=\"_blank\"><img loading=\"lazy\" decoding=\"async\" class=\" wp-image-76047 jetpack-lazy-image\" src=\"https:\/\/i1.wp.com\/grenoble-le-changement.fr\/wp-content\/uploads\/2024\/08\/adtc.jpg?resize=678%2C678&amp;ssl=1\" alt=\"\" width=\"678\" height=\"678\" data-recalc-dims=\"1\" data-lazy-src=\"https:\/\/www.europesays.com\/fr\/wp-content\/uploads\/2025\/06\/adtc.jpg\" \/><\/a>D\u00e9j\u00e0 \u00e0 la rentr\u00e9e derni\u00e8re une op\u00e9ration de lobbying des officines pour d\u00e9fendre le projet municipal Place de Metz malgr\u00e9 la vive contestation des habitants et commer\u00e7ants.<br \/>\nL&rsquo;ADTC AU SECOURS DES VERTS\/LFI<\/p>\n<p style=\"text-align: justify;\">Ainsi c&rsquo;est l&rsquo;ADTC qui rentre dans la danse pour venir \u00e0 la rescousse de la municipalit\u00e9 en soutenant sans aucune r\u00e9serve les projets impos\u00e9s \u00e0 Berriat, Jeanne d&rsquo;Arc, Place de Metz et ailleurs, et en s&rsquo;attaquant \u00e0 ceux qui ont l&rsquo;outrecuidance de les contester. Les nombreux Grenoblois qui \u00e9mettent des r\u00e9serves et sollicitent un dialogue pour \u00e9viter la mort programm\u00e9e des commerces notamment sont ainsi qualifi\u00e9s \u00ab\u00a0d&rsquo;immobilistes\u00a0\u00bb qui \u00ab\u00a0ne veulent rien changer\u00a0\u00bb (<a target=\"_blank\" href=\"https:\/\/www.placegrenet.fr\/2025\/06\/10\/lassociation-adtc-defend-les-projets-durbanisme-sur-grenoble-et-denonce-une-contestation-tres-irrespectueuse-et-largement-minoritaire\/653692\" rel=\"noopener\">Place Gre&rsquo;net, 10\/06\/25<\/a>). Plus caricatural tu meurs.<\/p>\n<p>L&rsquo;OFFICINE SE VEUT JUGE EN \u00c9TANT PARTI<\/p>\n<p style=\"text-align: justify;\">On ne pouvait gu\u00e8re s&rsquo;attendre \u00e0 mieux de la part d&rsquo;une association <a href=\"https:\/\/grenoble-le-changement.fr\/2024\/10\/15\/ecole-du-velo-un-an-de-gadget-hors-de-prix\/\" target=\"_blank\" rel=\"noopener\">grassement financ\u00e9e par la municipalit\u00e9<\/a> (23 500 euros en 2024). Et dont les porte-paroles choisis pour la conf\u00e9rence de presse de sauvetage de la municipalit\u00e9 refl\u00e8tent bien les accointances, avec Philippe Zanolla (comit\u00e9 de soutien de Piolle en 2020, \u00e9galement correspondant Grenoble de \u00ab\u00a0rue de l&rsquo;avenir\u00a0\u00bb, autre <a href=\"https:\/\/grenoble-le-changement.fr\/2024\/09\/05\/les-verts-et-leurs-allies-a-loffensive-pour-la-rentree\/\" target=\"_blank\" rel=\"noopener\">lobby vert qu&rsquo;on retrouve souvent avec Alternatiba<\/a>), Alric Bonvallet (membre actif de <a href=\"https:\/\/grenoble-le-changement.fr\/2023\/10\/29\/le-systeme-piolle-mobilise-ses-officines-pour-se-proteger\/\" target=\"_blank\" rel=\"noopener\">\u00ab\u00a0Parlons Y V\u00e9lo\u00a0\u00bb, autre lobby cycliste local<\/a> proche des Verts) et Emmanuel Colin de Verdi\u00e8re (d\u00e9j\u00e0 <a href=\"https:\/\/grenoble-le-changement.fr\/2025\/02\/04\/atelier-stationnement-larnaque-confirmee-en-plein-conseil-municipal\/\" target=\"_blank\" rel=\"noopener\">fervent soutien du projet de suppression du stationnement avenue Jeanne d&rsquo;Arc<\/a> il y a quelques mois).<\/p>\n<p><a href=\"https:\/\/i2.wp.com\/grenoble-le-changement.fr\/wp-content\/uploads\/2025\/06\/jonathan-arevalo-adtc.png?ssl=1\" rel=\"lightbox[82554] noopener\" target=\"_blank\"><img loading=\"lazy\" decoding=\"async\" class=\" wp-image-82581 jetpack-lazy-image\" src=\"https:\/\/i2.wp.com\/grenoble-le-changement.fr\/wp-content\/uploads\/2025\/06\/jonathan-arevalo-adtc.png?resize=644%2C595&amp;ssl=1\" alt=\"\" width=\"644\" height=\"595\" data-recalc-dims=\"1\" data-lazy-src=\"https:\/\/www.europesays.com\/fr\/wp-content\/uploads\/2025\/06\/jonathan-arevalo-adtc.png\" \/><\/a>Sur Facebook, Jonathan Arevalo, autre administrateur de l&rsquo;ADTC, assimile les collectifs \u00e0 des personnes violentes en tentant de cr\u00e9er la confusion avec une personne qui a eu un geste \u00e0 l&rsquo;encontre d&rsquo;une journaliste et dont tous les collectifs se sont imm\u00e9diatement d\u00e9solidaris\u00e9s.<br \/>\nILS N&rsquo;H\u00c9SITENT PAS \u00c0 AFFIRMER TOUT ET N&rsquo;IMPORTE QUOI<\/p>\n<p style=\"text-align: justify;\">Les porte-flingues des Verts\/LFI n&rsquo;ont pas de limites dans ce qu&rsquo;ils affirment: ils jugent ainsi que l&rsquo;opposition au projet est \u00ab tr\u00e8s irrespectueuse et largement minoritaire \u00bb (reprenant quasiment au mot les \u00e9l\u00e9ments de langage de la majorit\u00e9 municipale) et n&rsquo;ont pas peur d&rsquo;avancer, sans rien \u00e0 l&rsquo;appui, que \u00ab\u00a0tous ces projets sont globalement accept\u00e9s, voire pl\u00e9biscit\u00e9s \u00bb. Comme en t\u00e9moignent <a href=\"https:\/\/grenoble-le-changement.fr\/2025\/05\/18\/demain-lundi-a-9-h-protestation-devant-la-mairie\/\" target=\"_blank\" rel=\"noopener\">les mobilisations historiques de collectifs habitants-commer\u00e7ants depuis des mois !<\/a> Il fallait l&rsquo;oser.\u00a0<\/p>\n<p>LA DOXA INLASSABLEMENT RESSASS\u00c9E SE HEURTE \u00c0 LA R\u00c9ALIT\u00c9<\/p>\n<p style=\"text-align: justify;\">Ils reprennent \u00e9galement la doxa selon laquelle les cyclistes consommeraient autant que les automobilistes. Ce qui ne se v\u00e9rifie nulle part \u00e0 Grenoble depuis 10 ans que la municipalit\u00e9 ferme la ville. <a href=\"https:\/\/grenoble-le-changement.fr\/2025\/04\/25\/commerce-tous-les-temoignages-confirment-quil-faut-changer-de-politique-a-grenoble\/\" target=\"_blank\" rel=\"noopener\">En revanche on constate bien l&rsquo;explosion du taux de vacance (pass\u00e9 de 6 \u00e0 12%) et la chute du chiffre d&rsquo;affaires<\/a>. Et une ville sans commerces, c&rsquo;est un spirale n\u00e9gative de d\u00e9clin de l&rsquo;attractivit\u00e9, de la s\u00e9curit\u00e9, de la qualit\u00e9 de l&rsquo;espace public&#8230;\u00a0<\/p>\n<p><a href=\"https:\/\/i2.wp.com\/grenoble-le-changement.fr\/wp-content\/uploads\/2024\/08\/chiffre-affaires-commerce-2024.png?ssl=1\" rel=\"lightbox[82554] noopener\" target=\"_blank\"><img loading=\"lazy\" decoding=\"async\" class=\" wp-image-75546 jetpack-lazy-image\" src=\"https:\/\/i2.wp.com\/grenoble-le-changement.fr\/wp-content\/uploads\/2024\/08\/chiffre-affaires-commerce-2024.png?resize=678%2C359&amp;ssl=1\" alt=\"\" width=\"678\" height=\"359\" data-recalc-dims=\"1\" data-lazy-src=\"https:\/\/www.europesays.com\/fr\/wp-content\/uploads\/2025\/06\/chiffre-affaires-commerce-2024.png\" \/><\/a>Les chiffres ne mentent pas : Grenoble d\u00e9croche de la moyenne.<br \/>\nPANIQUE \u00c0 BORD \u00c0 L&rsquo;APPROCHE DES \u00c9LECTIONS<\/p>\n<p style=\"text-align: justify;\">La gradation des outrances que se permettent les \u00e9lus, et la mobilisation de l&rsquo;ADTC dans la m\u00eame veine t\u00e9moignent bien de l&rsquo;\u00e9tat de panique qui gagne le camp des sortants \u00e0 l&rsquo;approche des \u00e9lections municipales, alors que grandit la fronde des Grenoblois contre le manque de participation des citoyens aux d\u00e9cisions (<a href=\"https:\/\/grenoble-le-changement.fr\/2025\/05\/25\/municipales-les-piollistes-se-vautrent-dans-lhypocrisie-et-loutrance\/\" target=\"_blank\" rel=\"noopener\">ce que m\u00eame le Parti Communiste reconnait !<\/a>), et que le bilan de deux mandats est aujourd&rsquo;hui \u00e9tay\u00e9 par <a href=\"https:\/\/grenoble-le-changement.fr\/2025\/05\/29\/12-de-commerces-fermes-a-grenoble-stop-ou-encore\/\" target=\"_blank\" rel=\"noopener\">des chiffres clairs<\/a> qui t\u00e9moignent de l&rsquo;\u00e9chec des politiques men\u00e9es.\u00a0<\/p>\n<p style=\"text-align: justify;\">Et ce n&rsquo;est que le d\u00e9but : la violence risque d&rsquo;aller crescendo de la part des sortants t\u00e9tanis\u00e9s par la peur de la d\u00e9faite. Pendant <a href=\"https:\/\/grenoble-le-changement.fr\/2025\/06\/06\/alain-carignon-candidat-aux-municipales-a-grenoble\/\" target=\"_blank\" rel=\"noopener\">qu&rsquo;un large rassemblement se constitue autour d&rsquo;Alain Carignon<\/a> pour une alternative franche, et des relations \u00e0 nouveau apais\u00e9es entre les Grenoblois et leurs \u00e9lus. Le choix sera clair.<\/p>\n","protected":false},"excerpt":{"rendered":"Posted On 12 juin 2025 Mis au pied du mur par la mobilisation citoyenne face aux projets impos\u00e9s,&hellip;\n","protected":false},"author":2,"featured_media":169876,"comment_status":"","ping_status":"","sticky":false,"template":"","format":"standard","meta":{"footnotes":""},"categories":[9566],"tags":[1111,11,9601,11148,30432,2430,9604,30433,9607,1777,674,1011,27,2731,30434,12,30435,25],"class_list":{"0":"post-169875","1":"post","2":"type-post","3":"status-publish","4":"format-standard","5":"has-post-thumbnail","7":"category-grenoble","8":"tag-actu","9":"tag-actualites","10":"tag-alain-carignon","11":"tag-alan-confesson","12":"tag-alric-bonvallet","13":"tag-auvergne-rhone-alpes","14":"tag-christophe-ferrari","15":"tag-emmanuel-colin-de-verdiere","16":"tag-eric-piolle","17":"tag-eu","18":"tag-europe","19":"tag-fr","20":"tag-france","21":"tag-grenoble","22":"tag-jonathan-arevalo","23":"tag-news","24":"tag-philippe-zanolla","25":"tag-republique-francaise"},"share_on_mastodon":{"url":"https:\/\/pubeurope.com\/@fr\/114668423554132289","error":""},"_links":{"self":[{"href":"https:\/\/www.europesays.com\/fr\/wp-json\/wp\/v2\/posts\/169875","targetHints":{"allow":["GET"]}}],"collection":[{"href":"https:\/\/www.europesays.com\/fr\/wp-json\/wp\/v2\/posts"}],"about":[{"href":"https:\/\/www.europesays.com\/fr\/wp-json\/wp\/v2\/types\/post"}],"author":[{"embeddable":true,"href":"https:\/\/www.europesays.com\/fr\/wp-json\/wp\/v2\/users\/2"}],"replies":[{"embeddable":true,"href":"https:\/\/www.europesays.com\/fr\/wp-json\/wp\/v2\/comments?post=169875"}],"version-history":[{"count":0,"href":"https:\/\/www.europesays.com\/fr\/wp-json\/wp\/v2\/posts\/169875\/revisions"}],"wp:featuredmedia":[{"embeddable":true,"href":"https:\/\/www.europesays.com\/fr\/wp-json\/wp\/v2\/media\/169876"}],"wp:attachment":[{"href":"https:\/\/www.europesays.com\/fr\/wp-json\/wp\/v2\/media?parent=169875"}],"wp:term":[{"taxonomy":"category","embeddable":true,"href":"https:\/\/www.europesays.com\/fr\/wp-json\/wp\/v2\/categories?post=169875"},{"taxonomy":"post_tag","embeddable":true,"href":"https:\/\/www.europesays.com\/fr\/wp-json\/wp\/v2\/tags?post=169875"}],"curies":[{"name":"wp","href":"https:\/\/api.w.org\/{rel}","templated":true}]}}