{"id":169877,"date":"2025-06-12T04:07:41","date_gmt":"2025-06-12T04:07:41","guid":{"rendered":"https:\/\/www.europesays.com\/fr\/169877\/"},"modified":"2025-06-12T04:07:41","modified_gmt":"2025-06-12T04:07:41","slug":"rugby-access-match-top-14-fcg","status":"publish","type":"post","link":"https:\/\/www.europesays.com\/fr\/169877\/","title":{"rendered":"Rugby &#8211; Access match Top 14. FCG"},"content":{"rendered":"<p>Le match des tribunes est lanc\u00e9 pour l&rsquo;access match Top 14. La rencontre d\u00e9cisive entre le FCG rugby et le club de Perpignan aura lieu ce samedi (18 heures) au Stade des Alpes et l\u2019engouement est intense. Depuis <a href=\"https:\/\/www.ledauphine.com\/sport\/2025\/06\/07\/le-fcg-a-un-match-de-la-montee-en-top-14-suivez-la-finale-de-pro-d2\" target=\"_blank\" rel=\"nofollow noopener\">la d\u00e9faite en finale de championnat de Pro D2 contre Montauban (19-24)<\/a>, les abonn\u00e9s et partenaires ont eu acc\u00e8s \u00e0 des places r\u00e9serv\u00e9es pour commencer \u00e0 garnir le Stade des Alpes.<\/p>\n<p>Mardi, les supporters grenoblois pouvaient se rendre \u00e0 la boutique du FCG pour d\u00e9goter un ticket avec <a href=\"https:\/\/www.ledauphine.com\/sport\/2025\/06\/09\/fcg-ce-qu-il-faut-savoir-sur-la-billetterie-de-l-access-match-top-14-face-a-perpignan\" target=\"_blank\" rel=\"nofollow noopener\">la mise en place d\u2019une billetterie physique.<\/a> Le but\u00a0? \u00c9viter que les Perpignanais ne se ruent sur la billetterie et laisser la priorit\u00e9 aux supporters du FCG.<\/p>\n<p>  Un quota de 2 800 places pour Perpignan<\/p>\n<p>Ce mercredi \u00e0 19 heures, la billetterie officielle en ligne a \u00e9t\u00e9 ouverte et tous ceux qui veulent des places peuvent maintenant en acheter directement sur la plateforme du FCG.<\/p>\n<p>Le club de l\u2019USAP a, quant \u00e0 lui, un quota de 2\u00a0800 places r\u00e9serv\u00e9. Il doit rendre les tickets invendus ce jeudi \u00e0 midi, s\u2019il y en a, et dans ce cas, le reliquat sera mis \u00e0 la vente au grand public.<\/p>\n<p>Pour l\u2019emporter et monter en Top 14, le FCG pourra compter sur le stade des Alpes. Les joueurs de <a href=\"https:\/\/www.ledauphine.com\/p\/nicolas-nadau\" target=\"_blank\" rel=\"nofollow noopener\">Nicolas Nadau<\/a> et de <a href=\"https:\/\/www.ledauphine.com\/p\/patrick-pezery\" target=\"_blank\" rel=\"nofollow noopener\">Patrick Pezery<\/a> y sont invaincus cette saison.<\/p>\n<p class=\"note\">Pour acheter les tickets : https:\/\/www.fcgticket.com\/fr<\/p>\n","protected":false},"excerpt":{"rendered":"Le match des tribunes est lanc\u00e9 pour l&rsquo;access match Top 14. La rencontre d\u00e9cisive entre le FCG rugby&hellip;\n","protected":false},"author":2,"featured_media":169878,"comment_status":"","ping_status":"","sticky":false,"template":"","format":"standard","meta":{"footnotes":""},"categories":[9566],"tags":[1111,11,2430,112,113,114,1777,674,2727,1701,1011,27,2731,2732,108,12,2308,25,479,517,1947,478],"class_list":{"0":"post-169877","1":"post","2":"type-post","3":"status-publish","4":"format-standard","5":"has-post-thumbnail","7":"category-grenoble","8":"tag-actu","9":"tag-actualites","10":"tag-auvergne-rhone-alpes","11":"tag-edition-grenoble-agglomeration","12":"tag-edition-gresivaudan-oisans","13":"tag-edition-voiron-saint-marcellin","14":"tag-eu","15":"tag-europe","16":"tag-fcg-fc-grenoble-rugby","17":"tag-fil-info-sport","18":"tag-fr","19":"tag-france","20":"tag-grenoble","21":"tag-grenoble-bassin","22":"tag-isere","23":"tag-news","24":"tag-pro-d2","25":"tag-republique-francaise","26":"tag-rugby","27":"tag-sport","28":"tag-sport-national","29":"tag-top-14"},"share_on_mastodon":{"url":"https:\/\/pubeurope.com\/@fr\/114668427317719709","error":""},"_links":{"self":[{"href":"https:\/\/www.europesays.com\/fr\/wp-json\/wp\/v2\/posts\/169877","targetHints":{"allow":["GET"]}}],"collection":[{"href":"https:\/\/www.europesays.com\/fr\/wp-json\/wp\/v2\/posts"}],"about":[{"href":"https:\/\/www.europesays.com\/fr\/wp-json\/wp\/v2\/types\/post"}],"author":[{"embeddable":true,"href":"https:\/\/www.europesays.com\/fr\/wp-json\/wp\/v2\/users\/2"}],"replies":[{"embeddable":true,"href":"https:\/\/www.europesays.com\/fr\/wp-json\/wp\/v2\/comments?post=169877"}],"version-history":[{"count":0,"href":"https:\/\/www.europesays.com\/fr\/wp-json\/wp\/v2\/posts\/169877\/revisions"}],"wp:featuredmedia":[{"embeddable":true,"href":"https:\/\/www.europesays.com\/fr\/wp-json\/wp\/v2\/media\/169878"}],"wp:attachment":[{"href":"https:\/\/www.europesays.com\/fr\/wp-json\/wp\/v2\/media?parent=169877"}],"wp:term":[{"taxonomy":"category","embeddable":true,"href":"https:\/\/www.europesays.com\/fr\/wp-json\/wp\/v2\/categories?post=169877"},{"taxonomy":"post_tag","embeddable":true,"href":"https:\/\/www.europesays.com\/fr\/wp-json\/wp\/v2\/tags?post=169877"}],"curies":[{"name":"wp","href":"https:\/\/api.w.org\/{rel}","templated":true}]}}