{"id":169879,"date":"2025-06-12T04:08:15","date_gmt":"2025-06-12T04:08:15","guid":{"rendered":"https:\/\/www.europesays.com\/fr\/169879\/"},"modified":"2025-06-12T04:08:15","modified_gmt":"2025-06-12T04:08:15","slug":"a-rennes-un-rassemblement-devant-la-prefecture-en-soutien-aux-personnes-sans-papiers","status":"publish","type":"post","link":"https:\/\/www.europesays.com\/fr\/169879\/","title":{"rendered":"\u00c0 Rennes, un rassemblement devant la pr\u00e9fecture en soutien aux personnes sans-papiers"},"content":{"rendered":"<p>Mercredi 11\u00a0juin 2025, une vingtaine de personnes se sont rassembl\u00e9es devant la pr\u00e9fecture d\u2019Ille-et-Vilaine, \u00e0 <a href=\"https:\/\/rennes.maville.com\/info\/info-locale\/\" target=\"_self\" rel=\"noopener\">Rennes<\/a> (Ille-et-Vilaine), pour d\u00e9noncer les politiques migratoires et les conditions \u00ab\u00a0d\u2019accueil\u00a0\u00bb des personnes \u00e9trang\u00e8res.<\/p>\n<p>Avec dans leur ligne de mire, notamment, les circulaires du ministre de l\u2019Int\u00e9rieur Bruno Retailleau, qui restreignent les conditions de r\u00e9gularisation.<\/p>\n<p><strong>Lire aussi\u00a0:<\/strong> <a href=\"https:\/\/rennes.maville.com\/actu\/actudet_-naturalisation-une-nouvelle-circulaire-de-bruno-retailleau-adopte-un-ton-plus-restrictif-_54135-6792661_actu.Htm\" target=\"_self\" rel=\"noopener\">Naturalisation\u00a0: une nouvelle circulaire de Bruno Retailleau adopte un ton plus restrictif<\/a><\/p>\n<p>Une manifestation le 28\u00a0juin prochain<\/p>\n<p><strong>\u00ab\u00a0On assiste \u00e0 un durcissement des conditions d\u2019obtention des papiers, et pour obtenir la nationalit\u00e9 \u00e7a devient de plus en plus compliqu\u00e9\u00a0\u00bb<\/strong>, confie P\u00e9n\u00e9lope, membre du\u00a0Collectif de soutien aux personnes sans-papiers de Rennes, qui se d\u00e9sole de voir les Obligations de quitter le territoire fran\u00e7ais (OQTF) se syst\u00e9matiser.<\/p>\n<p><strong>\u00ab\u00a0Et \u00e7a devient de plus en plus compliqu\u00e9 d\u2019avoir des \u00e9changes avec les services pr\u00e9fectoraux, on a de moins en moins de portes d\u2019entr\u00e9es<\/strong>, ajoute la b\u00e9n\u00e9vole. <strong>Mais fort heureusement, on a beaucoup de groupes qui sont pr\u00eats \u00e0 se mobiliser\u00a0\u00bb<\/strong>.<\/p>\n<p>\u00c0 ce titre, une manifestation devrait prochainement se tenir \u00e0 Rennes, avec un d\u00e9part \u00e0 15\u00a0h, place de la Mairie.<\/p>\n<p>\u00a0<\/p>\n","protected":false},"excerpt":{"rendered":"Mercredi 11\u00a0juin 2025, une vingtaine de personnes se sont rassembl\u00e9es devant la pr\u00e9fecture d\u2019Ille-et-Vilaine, \u00e0 Rennes (Ille-et-Vilaine), pour&hellip;\n","protected":false},"author":2,"featured_media":169880,"comment_status":"","ping_status":"","sticky":false,"template":"","format":"standard","meta":{"footnotes":""},"categories":[2821],"tags":[1111,11,829,1777,674,1011,27,12,3744,8916,3919,584,25,25950,7618],"class_list":{"0":"post-169879","1":"post","2":"type-post","3":"status-publish","4":"format-standard","5":"has-post-thumbnail","7":"category-rennes","8":"tag-actu","9":"tag-actualites","10":"tag-bretagne","11":"tag-eu","12":"tag-europe","13":"tag-fr","14":"tag-france","15":"tag-news","16":"tag-personnes","17":"tag-prefecture","18":"tag-rassemblement","19":"tag-rennes","20":"tag-republique-francaise","21":"tag-sans-papiers","22":"tag-soutien"},"share_on_mastodon":{"url":"https:\/\/pubeurope.com\/@fr\/114668431130102933","error":""},"_links":{"self":[{"href":"https:\/\/www.europesays.com\/fr\/wp-json\/wp\/v2\/posts\/169879","targetHints":{"allow":["GET"]}}],"collection":[{"href":"https:\/\/www.europesays.com\/fr\/wp-json\/wp\/v2\/posts"}],"about":[{"href":"https:\/\/www.europesays.com\/fr\/wp-json\/wp\/v2\/types\/post"}],"author":[{"embeddable":true,"href":"https:\/\/www.europesays.com\/fr\/wp-json\/wp\/v2\/users\/2"}],"replies":[{"embeddable":true,"href":"https:\/\/www.europesays.com\/fr\/wp-json\/wp\/v2\/comments?post=169879"}],"version-history":[{"count":0,"href":"https:\/\/www.europesays.com\/fr\/wp-json\/wp\/v2\/posts\/169879\/revisions"}],"wp:featuredmedia":[{"embeddable":true,"href":"https:\/\/www.europesays.com\/fr\/wp-json\/wp\/v2\/media\/169880"}],"wp:attachment":[{"href":"https:\/\/www.europesays.com\/fr\/wp-json\/wp\/v2\/media?parent=169879"}],"wp:term":[{"taxonomy":"category","embeddable":true,"href":"https:\/\/www.europesays.com\/fr\/wp-json\/wp\/v2\/categories?post=169879"},{"taxonomy":"post_tag","embeddable":true,"href":"https:\/\/www.europesays.com\/fr\/wp-json\/wp\/v2\/tags?post=169879"}],"curies":[{"name":"wp","href":"https:\/\/api.w.org\/{rel}","templated":true}]}}