{"id":16988,"date":"2025-04-11T09:56:07","date_gmt":"2025-04-11T09:56:07","guid":{"rendered":"https:\/\/www.europesays.com\/fr\/16988\/"},"modified":"2025-04-11T09:56:07","modified_gmt":"2025-04-11T09:56:07","slug":"atp-monte-carlo-tsitsipas-aurait-trouve-un-coach-de-legende","status":"publish","type":"post","link":"https:\/\/www.europesays.com\/fr\/16988\/","title":{"rendered":"ATP &#8211; Monte Carlo > Tsitsipas aurait trouv\u00e9 un coach de l\u00e9gende"},"content":{"rendered":"<p>Selon la <strong><a href=\"https:\/\/x.com\/thetennisletter\/status\/1910422259472490956?s=46&amp;t=cXQ0TSl1vfS6Z-1fL-GTeg\" data-wpel-link=\"external\" target=\"_blank\" rel=\"nofollow external noopener\">Gazetta,<\/a><\/strong> Stefanos aurait un accord pour que Goran Ivanisevic devienne son coach apr\u00e8s la saison sur\u00a0terre.\u00a0<\/p>\n<p>Entraineur de Novak Djokovic puis d\u2019Elena Rybakina, on ne pr\u00e9sente plus l\u2019an\u00adcien cham\u00adpion croate.\u00a0<\/p>\n<blockquote class=\"twitter-tweet\">\n<p lang=\"en\" dir=\"ltr\">Stefanos Tsitsipas will add Goran Ivanisevic to his coaching team after Roland Garros, accor\u00adding to Gazzetta. <\/p>\n<p>One of the best coaches out there. <\/p>\n<p>Very exci\u00adting news. \ud83c\uddec\ud83c\uddf7<\/p>\n<p>Source\u00a0:<a href=\"https:\/\/t.co\/YsZKIeoQ2k\" data-wpel-link=\"external\" target=\"_blank\" rel=\"nofollow external noopener\">https:\/\/t.co\/YsZKIeoQ2k<\/a> <a href=\"https:\/\/t.co\/8uX8Yvkklj\" data-wpel-link=\"external\" target=\"_blank\" rel=\"nofollow external noopener\">pic.twitter.com\/8uX8Yvkklj<\/a><\/p>\n<p>\u2014 The Tennis Letter (@TheTennisLetter) <a href=\"https:\/\/twitter.com\/TheTennisLetter\/status\/1910422259472490956?ref_src=twsrc%5Etfw\" data-wpel-link=\"external\" target=\"_blank\" rel=\"nofollow external noopener\">April 10,\u00a02025<\/a><\/p><\/blockquote>\n<p>C\u2019est forc\u00e9\u00adment une bonne nouvelle pour le Grec car Goran est un vrai expert du circuit.\u00a0<\/p>\n<p>Si cela est confirm\u00e9 offi\u00adciel\u00adle\u00adment, cela veut aussi dire que Stefanos veut encore faire des vrais efforts pour atteindre des gros objectifs.\u00a0<\/p>\n<p>On a h\u00e2te de voir comment Goran va faire \u00e9voluer le jeu du Grec, il devrait d\u00e9j\u00e0 avoir surement quelques modi\u00adfi\u00adca\u00adtions pour le service et le jeu vers l\u2019avant car c\u2019est le domaine d\u2019ex\u00adper\u00adtise du Croate.<\/p>\n<p class=\"post-published-date\" style=\"color: silver; font-size: 75%; text-align: left;\">Publi\u00e9 le vendredi 11 avril 2025 \u00e0 08:54<\/p>\n<p><script async src=\"https:\/\/platform.twitter.com\/widgets.js\" charset=\"utf-8\"><\/script><\/p>\n","protected":false},"excerpt":{"rendered":"Selon la Gazetta, Stefanos aurait un accord pour que Goran Ivanisevic devienne son coach apr\u00e8s la saison sur\u00a0terre.\u00a0&hellip;\n","protected":false},"author":2,"featured_media":16989,"comment_status":"","ping_status":"","sticky":false,"template":"","format":"standard","meta":{"footnotes":""},"categories":[1415],"tags":[105,6903,1011,27,60,1467,5443],"class_list":{"0":"post-16988","1":"post","2":"type-post","3":"status-publish","4":"format-standard","5":"has-post-thumbnail","7":"category-tennis","8":"tag-djokovic","9":"tag-elena-rybakina","10":"tag-fr","11":"tag-france","12":"tag-sports","13":"tag-tennis","14":"tag-tsitsipas"},"share_on_mastodon":{"url":"https:\/\/pubeurope.com\/@fr\/114318736222968558","error":""},"_links":{"self":[{"href":"https:\/\/www.europesays.com\/fr\/wp-json\/wp\/v2\/posts\/16988","targetHints":{"allow":["GET"]}}],"collection":[{"href":"https:\/\/www.europesays.com\/fr\/wp-json\/wp\/v2\/posts"}],"about":[{"href":"https:\/\/www.europesays.com\/fr\/wp-json\/wp\/v2\/types\/post"}],"author":[{"embeddable":true,"href":"https:\/\/www.europesays.com\/fr\/wp-json\/wp\/v2\/users\/2"}],"replies":[{"embeddable":true,"href":"https:\/\/www.europesays.com\/fr\/wp-json\/wp\/v2\/comments?post=16988"}],"version-history":[{"count":0,"href":"https:\/\/www.europesays.com\/fr\/wp-json\/wp\/v2\/posts\/16988\/revisions"}],"wp:featuredmedia":[{"embeddable":true,"href":"https:\/\/www.europesays.com\/fr\/wp-json\/wp\/v2\/media\/16989"}],"wp:attachment":[{"href":"https:\/\/www.europesays.com\/fr\/wp-json\/wp\/v2\/media?parent=16988"}],"wp:term":[{"taxonomy":"category","embeddable":true,"href":"https:\/\/www.europesays.com\/fr\/wp-json\/wp\/v2\/categories?post=16988"},{"taxonomy":"post_tag","embeddable":true,"href":"https:\/\/www.europesays.com\/fr\/wp-json\/wp\/v2\/tags?post=16988"}],"curies":[{"name":"wp","href":"https:\/\/api.w.org\/{rel}","templated":true}]}}