{"id":169894,"date":"2025-06-12T04:16:25","date_gmt":"2025-06-12T04:16:25","guid":{"rendered":"https:\/\/www.europesays.com\/fr\/169894\/"},"modified":"2025-06-12T04:16:25","modified_gmt":"2025-06-12T04:16:25","slug":"cette-grande-enseigne-de-produits-culturels-et-creatifs-ouvre-au-centre-commercial-de-sainte-eulalie","status":"publish","type":"post","link":"https:\/\/www.europesays.com\/fr\/169894\/","title":{"rendered":"cette grande enseigne de produits culturels et cr\u00e9atifs ouvre au centre commercial de Sainte-Eulalie"},"content":{"rendered":"<p>            Par<br \/>\n        <strong><br \/>\n            <a href=\"https:\/\/actu.fr\/auteur\/redaction-bordeaux\" title=\"Consulter tous les articles de R\u00e9daction Bordeaux\" target=\"_blank\" rel=\"noopener\">R\u00e9daction Bordeaux<\/a><br \/>\n        <\/strong><\/p>\n<p>        Publi\u00e9 le<\/p>\n<p>            11 juin 2025 \u00e0 12h13        <\/p>\n<p>Apr\u00e8s Bordeaux, M\u00e9rignac, B\u00e8gles et La Teste, <strong>Cultura<\/strong> pr\u00e9voit l\u2019ouverture d\u2019un <strong>cinqui\u00e8me magasin en Gironde<\/strong>.<\/p>\n<p class=\" wall-content\">L\u2019enseigne sp\u00e9cialis\u00e9e dans les activit\u00e9s culturelles et artistiques doit s\u2019installer au <strong>centre commercial de Sainte-Eulalie<\/strong> \u00e0 partir de la mi-octobre 2025.<\/p>\n<p>Plusieurs postes \u00e0 pourvoir<\/p>\n<p class=\" wall-content\">Cette implantation se fera dans <strong>l\u2019ancien Diffus\u2019Laine<\/strong>, au sein d\u2019un nouvel espace de 1 500 m\u00b2.\u00a0 Les visiteurs du futur magasin retrouveront un large choix de produits pour se cultiver, cr\u00e9er et apprendre : <strong>livres<\/strong>, <strong>musique<\/strong>, <strong>instruments<\/strong> de musique, <strong>jeux vid\u00e9o<\/strong>, jeux \u00e9ducatifs, <strong>jeux de soci\u00e9t\u00e9<\/strong>, papeterie, beaux-arts, <strong>activit\u00e9s cr\u00e9atives<\/strong>\u2026\u00a0<\/p>\n<p class=\" wall-content\">En amont de cette ouverture, Cultura lance une campagne de recrutement avec plusieurs postes \u00e0 pourvoir en CDI. Pour postuler, il suffit de se rendre <a href=\"https:\/\/recrutement.cultura.com\/ouvertures\/ouverture-cultura-sainte-eulalie\/\" target=\"_blank\" rel=\"noopener\">sur ce lien<\/a>.<\/p>\n<p class=\" wall-content\">Suivez toute l\u2019actualit\u00e9 de vos villes et m\u00e9dias favoris en vous inscrivant \u00e0 <a href=\"https:\/\/moncompte.actu.fr\" title=\"D\u00e9couvez Mon Actu\" rel=\"nofollow noopener\" data-trk=\"{&quot;cta&quot;:{&quot;action&quot;:&quot;https:\\\/\\\/moncompte.actu.fr&quot;,&quot;category&quot;:&quot;mon compte&quot;,&quot;from&quot;:&quot;article footer&quot;,&quot;name&quot;:&quot;Mon actu&quot;,&quot;type&quot;:&quot;cta&quot;}}\" target=\"_blank\">Mon Actu<\/a>.<\/p>\n","protected":false},"excerpt":{"rendered":"Par R\u00e9daction Bordeaux Publi\u00e9 le 11 juin 2025 \u00e0 12h13 Apr\u00e8s Bordeaux, M\u00e9rignac, B\u00e8gles et La Teste, Cultura&hellip;\n","protected":false},"author":2,"featured_media":169895,"comment_status":"","ping_status":"","sticky":false,"template":"","format":"standard","meta":{"footnotes":""},"categories":[2817],"tags":[1111,11,1997,215,1777,674,1011,27,1380,12,3147,2219,25,104],"class_list":{"0":"post-169894","1":"post","2":"type-post","3":"status-publish","4":"format-standard","5":"has-post-thumbnail","7":"category-bordeaux","8":"tag-actu","9":"tag-actualites","10":"tag-bordeaux","11":"tag-commerce","12":"tag-eu","13":"tag-europe","14":"tag-fr","15":"tag-france","16":"tag-livres","17":"tag-news","18":"tag-nouveaux-commerces","19":"tag-nouvelle-aquitaine","20":"tag-republique-francaise","21":"tag-societe"},"share_on_mastodon":{"url":"https:\/\/pubeurope.com\/@fr\/114668462600975973","error":""},"_links":{"self":[{"href":"https:\/\/www.europesays.com\/fr\/wp-json\/wp\/v2\/posts\/169894","targetHints":{"allow":["GET"]}}],"collection":[{"href":"https:\/\/www.europesays.com\/fr\/wp-json\/wp\/v2\/posts"}],"about":[{"href":"https:\/\/www.europesays.com\/fr\/wp-json\/wp\/v2\/types\/post"}],"author":[{"embeddable":true,"href":"https:\/\/www.europesays.com\/fr\/wp-json\/wp\/v2\/users\/2"}],"replies":[{"embeddable":true,"href":"https:\/\/www.europesays.com\/fr\/wp-json\/wp\/v2\/comments?post=169894"}],"version-history":[{"count":0,"href":"https:\/\/www.europesays.com\/fr\/wp-json\/wp\/v2\/posts\/169894\/revisions"}],"wp:featuredmedia":[{"embeddable":true,"href":"https:\/\/www.europesays.com\/fr\/wp-json\/wp\/v2\/media\/169895"}],"wp:attachment":[{"href":"https:\/\/www.europesays.com\/fr\/wp-json\/wp\/v2\/media?parent=169894"}],"wp:term":[{"taxonomy":"category","embeddable":true,"href":"https:\/\/www.europesays.com\/fr\/wp-json\/wp\/v2\/categories?post=169894"},{"taxonomy":"post_tag","embeddable":true,"href":"https:\/\/www.europesays.com\/fr\/wp-json\/wp\/v2\/tags?post=169894"}],"curies":[{"name":"wp","href":"https:\/\/api.w.org\/{rel}","templated":true}]}}