{"id":169916,"date":"2025-06-12T04:27:18","date_gmt":"2025-06-12T04:27:18","guid":{"rendered":"https:\/\/www.europesays.com\/fr\/169916\/"},"modified":"2025-06-12T04:27:18","modified_gmt":"2025-06-12T04:27:18","slug":"plus-de-32-degres-attendus-a-paris-et-en-ile-de-france-nos-cartes-montrent-surtout-larrivee-dorages-violents","status":"publish","type":"post","link":"https:\/\/www.europesays.com\/fr\/169916\/","title":{"rendered":"plus de 32 degr\u00e9s attendus \u00e0 Paris et en \u00cele-de-France. Nos cartes montrent surtout l&rsquo;arriv\u00e9e d&rsquo;orages violents"},"content":{"rendered":"<p> <img decoding=\"async\" fetchpriority=\"high\" src=\"https:\/\/www.europesays.com\/fr\/wp-content\/uploads\/2025\/06\/dailymotion-x9l83t8_1024.jpg\"  width=\"768\" height=\"432\" id=\"x9l83t8\"\/>  <\/p>\n<p>Vers une nouvelle alerte pour des orages localement violents en \u00cele-de-France et \u00e0 Paris. Une chose est s\u00fbre : les temp\u00e9ratures seront tr\u00e8s chaudes au cours des deux prochains jours, avec un risque d\u2019orages localement violents, notamment au cours de la journ\u00e9e de vendredi.<\/p>\n<p>    <img decoding=\"async\" fetchpriority=\"high\" src=\"https:\/\/www.europesays.com\/fr\/wp-content\/uploads\/2025\/04\/marc-hay.jpg\" alt=\"Marc Hay\" width=\"40\" height=\"40\"\/>    <a class=\"nombre text-hv\" href=\"https:\/\/www.tameteo.com\/auteur\/marc-hay\/\" title=\"Marc Hay\" target=\"_blank\" rel=\"noopener\">Marc Hay<\/a>         12\/06\/2025 06:00   4 min   <\/p>\n<p>Les prochaines heures s\u2019annoncent difficiles \u00e0 supporter \u00e0 Paris et en \u00cele-de-France. En effet, les temp\u00e9ratures seront tr\u00e8s \u00e9lev\u00e9es et l\u2019atmosph\u00e8re particuli\u00e8rement lourde. <strong>On attend largement plus de 30 degr\u00e9s \u00e0 l\u2019ombre en journ\u00e9e, et les temp\u00e9ratures peineront \u00e0 redescendre la nuit jusqu\u2019\u00e0 samedi matin. <\/strong>Ces conditions m\u00e9t\u00e9o peuvent fatiguer les organismes les plus sensibles.<\/p>\n<p>En plus du pic de chaleur attendu ces deux prochains jours sur la r\u00e9gion parisienne,<strong> il faudra surveiller de pr\u00e8s le risque d\u2019orages localement violents. <\/strong>Si quelques ond\u00e9es peuvent concerner l\u2019\u00cele-de-France aujourd\u2019hui, elles resteront sans gravit\u00e9. En revanche, <strong>une d\u00e9gradation plus marqu\u00e9e est attendue demain, avec des orages potentiellement violents.<\/strong><\/p>\n<p><strong>\u00c0 quoi faut-il pr\u00e9cis\u00e9ment s\u2019attendre dans les prochaines heures et les prochains jours \u00e0 Paris et en \u00cele-de-France ?<\/strong> Les orages localement forts pr\u00e9vus demain vont-ils se prolonger samedi et dimanche ? Pour le savoir, retrouvez nos pr\u00e9visions m\u00e9t\u00e9o compl\u00e8tes dans cet article.<\/p>\n<p>Plus de 30 degr\u00e9s \u00e0 l&rsquo;ombre cet apr\u00e8s-midi<\/p>\n<p>Ce matin, le ciel est voil\u00e9 au-dessus de la r\u00e9gion parisienne, mais le temps reste sec. Cet apr\u00e8s-midi,<strong> les nuages vont bourgeonner, mais les ond\u00e9es devraient rester tr\u00e8s rares.<\/strong><\/p>\n<p><img loading=\"lazy\" decoding=\"async\" fetchpriority=\"low\" class=\"lazy \" src=\"https:\/\/www.europesays.com\/fr\/wp-content\/uploads\/2025\/06\/meteo-en-plus-de-la-forte-hausse-des-temperatures-a-paris-et-en-ile-de-france-faut-il-craindre-de-vi.png\"  width=\"768\" height=\"432\" alt=\"Quelques ond\u00e9es attendues en soir\u00e9e entre la Picardie, l'\u00cele-de-France et l'Auvergne.\" title=\"Quelques ond\u00e9es attendues en soir\u00e9e entre la Picardie, l'\u00cele-de-France et l'Auvergne.\" data-image=\"mkjlezwecbq7\"\/>Quelques ond\u00e9es attendues en soir\u00e9e entre la Picardie, l&rsquo;\u00cele-de-France et l&rsquo;Auvergne. <\/p>\n<p><strong>Quelques averses plus organis\u00e9es pourraient concerner l\u2019<a href=\"https:\/\/www.tameteo.com\/meteo-Europe-France-Ile+de+France-1-1-135-29.html\" data-mrf-recirculation=\"cuerpo_intext\" target=\"_blank\" rel=\"noopener\">\u00cele-de-France<\/a> en toute fin de journ\u00e9e,<\/strong> entre 17 heures et 20 heures.<\/p>\n<p><a class=\"imagen \" href=\"https:\/\/www.tameteo.com\/actualites\/previsions\/les-meteorologues-prevoient-de-tres-fortes-tempetes-en-france-en-raison-de-la-chaleur-et-des-orages-entre-le-13-et-le-risque-intemperies.html\" title=\"Les m\u00e9t\u00e9orologues pr\u00e9voient de tr\u00e8s fortes temp\u00eates en France en raison de la chaleur et des orages entre le 13 et le 15\" target=\"_blank\" rel=\"noopener\"><img loading=\"lazy\" decoding=\"async\" fetchpriority=\"low\" class=\"lazy img-body non-editable\" src=\"https:\/\/www.europesays.com\/fr\/wp-content\/uploads\/2025\/06\/les-meteorologues-prevoient-de-tres-fortes-tempetes-en-france-en-raison-de-la-chaleur-et-des-orages-.jpeg\"  width=\"320\" height=\"225\" alt=\"Les m\u00e9t\u00e9orologues pr\u00e9voient de tr\u00e8s fortes temp\u00eates en France en raison de la chaleur et des orages entre le 13 et le 15\"\/><\/a><\/p>\n<p>Les temp\u00e9ratures s\u2019annoncent tr\u00e8s chaudes cet apr\u00e8s-midi. Si les 30 degr\u00e9s n\u2019ont pas \u00e9t\u00e9 atteints hier apr\u00e8s-midi en \u00cele-de-France,<strong> ils le seront aujourd\u2019hui, avec une moyenne de 32 degr\u00e9s sur la r\u00e9gion parisienne.<\/strong><\/p>\n<p>Nouvelle alerte aux orages demain !<\/p>\n<p>Pour d\u00e9buter la journ\u00e9e de demain, les conditions m\u00e9t\u00e9o resteront globalement calmes en matin\u00e9e sur la r\u00e9gion parisienne.<\/p>\n<p>Il faudra toutefois surveiller la situation en d\u00e9but d\u2019apr\u00e8s-midi, <strong>avec des orages localement forts qui pourraient traverser la r\u00e9gion.<\/strong><\/p>\n<p><a class=\"imagen \" href=\"https:\/\/www.tameteo.com\/actualites\/previsions\/grele-foudre-vents-violents-de-nouveaux-orages-avec-des-phenomenes-violents-attendus-ou-et-quand-previsions.html\" title=\"Gr\u00eale, foudre, vents violents... De nouveaux orages avec des ph\u00e9nom\u00e8nes violents attendus, o\u00f9 et quand ? \" target=\"_blank\" rel=\"noopener\"><img loading=\"lazy\" decoding=\"async\" fetchpriority=\"low\" class=\"lazy img-body non-editable\" src=\"https:\/\/www.europesays.com\/fr\/wp-content\/uploads\/2025\/06\/grele-foudre-vents-violents-de-nouveaux-orages-avec-des-phenomenes-violents-attendus-ou-et-quand-pre.png\"  width=\"320\" height=\"225\" alt=\"Gr\u00eale, foudre, vents violents... De nouveaux orages avec des ph\u00e9nom\u00e8nes violents attendus, o\u00f9 et quand ? \"\/><\/a><\/p>\n<p><strong>D&rsquo;autres orages potentiellement violents sont attendus en cours de soir\u00e9e.<\/strong> Il n\u2019est pas impossible qu\u2019une vigilance orange soit \u00e9mise pour cette journ\u00e9e de vendredi par les services de M\u00e9t\u00e9o-France.<\/p>\n<p><img loading=\"lazy\" decoding=\"async\" fetchpriority=\"low\" class=\"lazy \" src=\"https:\/\/www.europesays.com\/fr\/wp-content\/uploads\/2025\/06\/1749702437_984_meteo-en-plus-de-la-forte-hausse-des-temperatures-a-paris-et-en-ile-de-france-faut-il-craindre-de-vi.png\"  width=\"768\" height=\"432\" alt=\"Une ligne orageuse marqu\u00e9e pourrait traverser l'\u00eele-de-France en d\u00e9but d'apr\u00e8s-midi demain.\" title=\"Une ligne orageuse marqu\u00e9e pourrait traverser l'\u00eele-de-France en d\u00e9but d'apr\u00e8s-midi demain.\" data-image=\"8g2lu4f3h48p\"\/>Une ligne orageuse marqu\u00e9e pourrait traverser l&rsquo;\u00eele-de-France en d\u00e9but d&rsquo;apr\u00e8s-midi demain. <\/p>\n<p>Dans tous les cas, ces orages pourraient s\u2019accompagner<strong> d\u2019une forte activit\u00e9 \u00e9lectrique, de pluies intenses en peu de temps, de fortes rafales de vent et de gr\u00eale.<\/strong><\/p>\n<p>La chaleur s\u2019annonce lourde et difficile \u00e0 supporter, <strong>avec encore jusqu\u2019\u00e0 32 degr\u00e9s attendus demain apr\u00e8s-midi \u00e0 <a href=\"https:\/\/www.tameteo.com\/meteo-Europe-France-Ile+de+France-Paris-1-1-135-29-5461.html\" data-mrf-recirculation=\"cuerpo_intext\" target=\"_blank\" rel=\"noopener\">Paris<\/a> et plus g\u00e9n\u00e9ralement sur l\u2019ensemble de la r\u00e9gion parisienne.<\/strong><\/p>\n<p><a class=\"imagen \" href=\"https:\/\/www.tameteo.com\/actualites\/actualite\/summer-body-coupe-faim-creme-et-the-amincissants-qu-est-ce-qui-fonctionne-vraiment-sante-alimentation-sport-beaute.html\" title=\"&#039;Summer Body&#039; : coupe-faim, cr\u00e8me et th\u00e9 amincissants, qu&#039;est-ce qui fonctionne vraiment ?\" target=\"_blank\" rel=\"noopener\"><img loading=\"lazy\" decoding=\"async\" fetchpriority=\"low\" class=\"lazy img-body non-editable\" src=\"https:\/\/www.europesays.com\/fr\/wp-content\/uploads\/2025\/06\/summer-body-coupe-faim-creme-et-the-amincissants-qu-est-ce-qui-fonctionne-vraiment-sante-alimentatio.jpeg\"  width=\"320\" height=\"225\" alt=\"'Summer Body' : coupe-faim, cr\u00e8me et th\u00e9 amincissants, qu'est-ce qui fonctionne vraiment ?\"\/><\/a>Risque d&rsquo;orages forts samedi \u00e9galement<\/p>\n<p><strong>Le risque orageux devrait encore se maintenir samedi <\/strong>sur une grande partie de la r\u00e9gion parisienne. <\/p>\n<p><img loading=\"lazy\" decoding=\"async\" fetchpriority=\"low\" class=\"lazy \" src=\"https:\/\/www.europesays.com\/fr\/wp-content\/uploads\/2025\/06\/1749702438_79_meteo-en-plus-de-la-forte-hausse-des-temperatures-a-paris-et-en-ile-de-france-faut-il-craindre-de-vi.png\"  width=\"768\" height=\"432\" alt=\"Encore quelques ond\u00e9es orageuses samedi : situation attendue \u00e0 la mi-journ\u00e9e.\" title=\"Encore quelques ond\u00e9es orageuses samedi : situation attendue \u00e0 la mi-journ\u00e9e.\" data-image=\"ioq04u17bdeq\"\/>Encore quelques ond\u00e9es orageuses samedi : situation attendue \u00e0 la mi-journ\u00e9e.<\/p>\n<p>Ces orages pourront \u00e0 nouveau \u00eatre forts, <strong>en raison du conflit de masses d\u2019air toujours marqu\u00e9 sur la France. <\/strong>Il fera encore assez chaud samedi, avec des maximales approchant les 28 degr\u00e9s l\u2019apr\u00e8s-midi.<\/p>\n<p>Retour au calme dimanche<\/p>\n<p><strong>Un retour au calme est pr\u00e9vu pour la journ\u00e9e de dimanche,<\/strong> avec de l\u2019air moins chaud qui gagnera le nord-ouest de la France et le retour de conditions m\u00e9t\u00e9o plus stables.<strong> De belles \u00e9claircies sont attendues dimanche en \u00cele-de-France.<\/strong><\/p>\n<p><img loading=\"lazy\" decoding=\"async\" fetchpriority=\"low\" class=\"lazy \" src=\"https:\/\/www.europesays.com\/fr\/wp-content\/uploads\/2025\/06\/1749702438_262_meteo-en-plus-de-la-forte-hausse-des-temperatures-a-paris-et-en-ile-de-france-faut-il-craindre-de-vi.png\"  width=\"768\" height=\"432\" alt=\"Retour de belles \u00e9claircies dimanche en \u00cele-de-France.\" title=\"Retour de belles \u00e9claircies dimanche en \u00cele-de-France.\" data-image=\"8uvjvwbf89tz\"\/>Retour de belles \u00e9claircies dimanche en \u00cele-de-France. <\/p>\n<p>Apr\u00e8s une baisse des temp\u00e9ratures dimanche, qui sera la bienvenue, <strong>le soleil et les fortes chaleurs pourraient \u00e0 nouveau rapidement s\u2019imposer d\u00e8s le d\u00e9but de la semaine prochaine.<\/strong><\/p>\n","protected":false},"excerpt":{"rendered":"Vers une nouvelle alerte pour des orages localement violents en \u00cele-de-France et \u00e0 Paris. Une chose est s\u00fbre&hellip;\n","protected":false},"author":2,"featured_media":169917,"comment_status":"","ping_status":"","sticky":false,"template":"","format":"standard","meta":{"footnotes":""},"categories":[1592],"tags":[1111,11,13208,1777,674,28341,1011,27,17701,662,2839,2487,12,4594,626,8857,25,15192],"class_list":{"0":"post-169916","1":"post","2":"type-post","3":"status-publish","4":"format-standard","5":"has-post-thumbnail","7":"category-ile-de-france","8":"tag-actu","9":"tag-actualites","10":"tag-chaleur","11":"tag-eu","12":"tag-europe","13":"tag-fortes-pluies","14":"tag-fr","15":"tag-france","16":"tag-grele","17":"tag-ile-de-france","18":"tag-inondations","19":"tag-meteo","20":"tag-news","21":"tag-orages","22":"tag-paris","23":"tag-region-parisienne","24":"tag-republique-francaise","25":"tag-vigilance"},"share_on_mastodon":{"url":"https:\/\/pubeurope.com\/@fr\/114668506237308098","error":""},"_links":{"self":[{"href":"https:\/\/www.europesays.com\/fr\/wp-json\/wp\/v2\/posts\/169916","targetHints":{"allow":["GET"]}}],"collection":[{"href":"https:\/\/www.europesays.com\/fr\/wp-json\/wp\/v2\/posts"}],"about":[{"href":"https:\/\/www.europesays.com\/fr\/wp-json\/wp\/v2\/types\/post"}],"author":[{"embeddable":true,"href":"https:\/\/www.europesays.com\/fr\/wp-json\/wp\/v2\/users\/2"}],"replies":[{"embeddable":true,"href":"https:\/\/www.europesays.com\/fr\/wp-json\/wp\/v2\/comments?post=169916"}],"version-history":[{"count":0,"href":"https:\/\/www.europesays.com\/fr\/wp-json\/wp\/v2\/posts\/169916\/revisions"}],"wp:featuredmedia":[{"embeddable":true,"href":"https:\/\/www.europesays.com\/fr\/wp-json\/wp\/v2\/media\/169917"}],"wp:attachment":[{"href":"https:\/\/www.europesays.com\/fr\/wp-json\/wp\/v2\/media?parent=169916"}],"wp:term":[{"taxonomy":"category","embeddable":true,"href":"https:\/\/www.europesays.com\/fr\/wp-json\/wp\/v2\/categories?post=169916"},{"taxonomy":"post_tag","embeddable":true,"href":"https:\/\/www.europesays.com\/fr\/wp-json\/wp\/v2\/tags?post=169916"}],"curies":[{"name":"wp","href":"https:\/\/api.w.org\/{rel}","templated":true}]}}