{"id":169922,"date":"2025-06-12T04:30:09","date_gmt":"2025-06-12T04:30:09","guid":{"rendered":"https:\/\/www.europesays.com\/fr\/169922\/"},"modified":"2025-06-12T04:30:09","modified_gmt":"2025-06-12T04:30:09","slug":"ratp-cette-station-de-la-ligne-6-du-metro-a-paris-va-fermer-pendant-deux-mois-pour-travaux","status":"publish","type":"post","link":"https:\/\/www.europesays.com\/fr\/169922\/","title":{"rendered":"RATP. Cette station de la ligne 6 du m\u00e9tro \u00e0 Paris va fermer pendant deux mois pour travaux"},"content":{"rendered":"<p>            Par<br \/>\n        <strong><br \/>\n            <a href=\"https:\/\/actu.fr\/auteur\/thomas-martin\" title=\"Consulter tous les articles de Thomas Martin\" target=\"_blank\" rel=\"noopener\">Thomas Martin<\/a><br \/>\n        <\/strong><\/p>\n<p>        Publi\u00e9 le<\/p>\n<p>            12 juin 2025 \u00e0 6h14        <\/p>\n<p>En 2025, la <strong>ligne 6<\/strong> du m\u00e9tro \u00e0 Paris, qui relie Nation \u00e0 Charles-de-Gaulle \u2013 \u00c9toile et transporte quotidiennement pr\u00e8s de 350 000 voyageur, est rythm\u00e9e par les <a href=\"https:\/\/actu.fr\/ile-de-france\/paris_75056\/ratp-a-paris-la-ligne-6-va-enchainer-les-fermetures-en-2025-pour-poursuivre-sa-mue_62025376.html\" target=\"_blank\" rel=\"noopener\">travaux de modernisation<\/a> qui entra\u00eenent in\u00e9vitablement des fermetures. Ce sera ainsi le cas dimanche 15 juin, la <a href=\"https:\/\/actu.fr\/tag\/ratp\" target=\"_blank\" rel=\"noopener\">RATP<\/a> ayant annonc\u00e9 que toute la ligne sera ferm\u00e9e, durant\u00a0toute la journ\u00e9e. Un bus de substitution desservira les stations entre Charles de Gaulle-Etoile et La Motte Picquet-Grenelle, mais aussi entre Daumesnil et Nation.\u00a0<\/p>\n<p>Les fermetures pr\u00e9vues sur la ligne 6 du m\u00e9tro<\/p>\n<p class=\" wall-content\">Plus tard dans le mois, une station de la ligne va fermer ses portes pendant deux mois. \u00ab\u00a0La station Cambronne sera ferm\u00e9e du 30 juin au 28 septembre 2025 inclus, en raison de travaux de remplacement d\u2019escaliers m\u00e9talliques\u00a0\u00bb, indique la RATP sur son site.\u00a0<\/p>\n<p class=\" wall-content\">Situ\u00e9 dans le 15e arrondissement, la station Cambronne s\u2019intercale entre les stations\u00a0La Motte-Picquet \u2013 Grenelle\u00a0et\u00a0S\u00e8vres \u2013 Lecourbe. La station est desservie par la ligne 80 du r\u00e9seau de bus RATP et, la nuit, par les lignes N12 et N61 du r\u00e9seau de bus Noctilien.<\/p>\n<p class=\" wall-content\">Plus tard, dans l\u2019ann\u00e9e, du 20 au 30 octobre, la RATP pr\u00e9voit la fermeture partielle de la ligne entre les stations Motte-Picquet Grenelle et Place d\u2019Italie.<\/p>\n<p class=\" wall-content\">Suivez toute l\u2019actualit\u00e9 de vos villes et m\u00e9dias favoris en vous inscrivant \u00e0 <a href=\"https:\/\/moncompte.actu.fr\" title=\"D\u00e9couvez Mon Actu\" rel=\"nofollow noopener\" data-trk=\"{&quot;cta&quot;:{&quot;action&quot;:&quot;https:\\\/\\\/moncompte.actu.fr&quot;,&quot;category&quot;:&quot;mon compte&quot;,&quot;from&quot;:&quot;article footer&quot;,&quot;name&quot;:&quot;Mon actu&quot;,&quot;type&quot;:&quot;cta&quot;}}\" target=\"_blank\">Mon Actu<\/a>.<\/p>\n","protected":false},"excerpt":{"rendered":"Par Thomas Martin Publi\u00e9 le 12 juin 2025 \u00e0 6h14 En 2025, la ligne 6 du m\u00e9tro \u00e0&hellip;\n","protected":false},"author":2,"featured_media":169923,"comment_status":"","ping_status":"","sticky":false,"template":"","format":"standard","meta":{"footnotes":""},"categories":[1888],"tags":[11,1777,674,1011,27,4047,12,626,625,25,104,2086],"class_list":{"0":"post-169922","1":"post","2":"type-post","3":"status-publish","4":"format-standard","5":"has-post-thumbnail","7":"category-paris","8":"tag-actualites","9":"tag-eu","10":"tag-europe","11":"tag-fr","12":"tag-france","13":"tag-metro","14":"tag-news","15":"tag-paris","16":"tag-ratp","17":"tag-republique-francaise","18":"tag-societe","19":"tag-travaux"},"share_on_mastodon":{"url":"https:\/\/pubeurope.com\/@fr\/114668518174790333","error":""},"_links":{"self":[{"href":"https:\/\/www.europesays.com\/fr\/wp-json\/wp\/v2\/posts\/169922","targetHints":{"allow":["GET"]}}],"collection":[{"href":"https:\/\/www.europesays.com\/fr\/wp-json\/wp\/v2\/posts"}],"about":[{"href":"https:\/\/www.europesays.com\/fr\/wp-json\/wp\/v2\/types\/post"}],"author":[{"embeddable":true,"href":"https:\/\/www.europesays.com\/fr\/wp-json\/wp\/v2\/users\/2"}],"replies":[{"embeddable":true,"href":"https:\/\/www.europesays.com\/fr\/wp-json\/wp\/v2\/comments?post=169922"}],"version-history":[{"count":0,"href":"https:\/\/www.europesays.com\/fr\/wp-json\/wp\/v2\/posts\/169922\/revisions"}],"wp:featuredmedia":[{"embeddable":true,"href":"https:\/\/www.europesays.com\/fr\/wp-json\/wp\/v2\/media\/169923"}],"wp:attachment":[{"href":"https:\/\/www.europesays.com\/fr\/wp-json\/wp\/v2\/media?parent=169922"}],"wp:term":[{"taxonomy":"category","embeddable":true,"href":"https:\/\/www.europesays.com\/fr\/wp-json\/wp\/v2\/categories?post=169922"},{"taxonomy":"post_tag","embeddable":true,"href":"https:\/\/www.europesays.com\/fr\/wp-json\/wp\/v2\/tags?post=169922"}],"curies":[{"name":"wp","href":"https:\/\/api.w.org\/{rel}","templated":true}]}}