{"id":169926,"date":"2025-06-12T04:32:15","date_gmt":"2025-06-12T04:32:15","guid":{"rendered":"https:\/\/www.europesays.com\/fr\/169926\/"},"modified":"2025-06-12T04:32:15","modified_gmt":"2025-06-12T04:32:15","slug":"la-guerre-en-ukraine-sintensifie-et-la-russie-met-en-garde-contre-une-guerre-nucleaire-en-cas-dechec-des-pourparlers-de-paix","status":"publish","type":"post","link":"https:\/\/www.europesays.com\/fr\/169926\/","title":{"rendered":"La guerre en Ukraine s&rsquo;intensifie et la Russie met en garde contre une guerre nucl\u00e9aire en cas d&rsquo;\u00e9chec des pourparlers de paix"},"content":{"rendered":"<p><img decoding=\"async\" class=\"db relative center\" loading=\"lazy\" src=\"https:\/\/www.europesays.com\/fr\/wp-content\/uploads\/2025\/06\/ee84b981-e3f4-440d-bd62-0cb88b720032\" style=\"max-height:100%\"\/>Une explosion est observ\u00e9e apr\u00e8s une frappe a\u00e9rienne russe sur Kyiv, en Ukraine, le vendredi 6 juin 2025. [AP Photo\/Evgeniy Maloletka]<\/p>\n<p>La Russie a lanc\u00e9 une s\u00e9rie d&rsquo;attaques a\u00e9riennes \u00e0 grande \u00e9chelle au cours des derniers jours, en r\u00e9ponse \u00e0 la r\u00e9cente tentative de Kiev de faire sauter le pont reliant la Crim\u00e9e au continent russe et aux attaques lanc\u00e9es contre des a\u00e9rodromes \u00e0 des milliers de kilom\u00e8tres de la fronti\u00e8re russo-ukrainienne et tr\u00e8s loin en territoire russe. <\/p>\n<p>Depuis dimanche soir, plus de 800 drones et missiles ont \u00e9t\u00e9 lanc\u00e9s contre l&rsquo;Ukraine. Bien que Kiev affirme que la plupart ont \u00e9t\u00e9 abattus, des frappes ont eu lieu dans tout le pays, y compris dans la capitale et sur la base a\u00e9rienne de Dubno, \u00e0 l&rsquo;ouest, o\u00f9 sont stationn\u00e9s des chasseurs F-16 de fabrication am\u00e9ricaine. La Pologne a indiqu\u00e9 avoir fait d\u00e9coller des avions \u00e0 r\u00e9action dans l&rsquo;ouest de l&rsquo;Ukraine dans la nuit de dimanche \u00e0 lundi, en r\u00e9ponse \u00e0 cet assaut a\u00e9rien.<\/p>\n<p>Sur le terrain, les troupes russes ont repris Sumy dans le nord-est de l&rsquo;Ukraine, annulant les gains r\u00e9alis\u00e9s par Kiev il y a trois ans. Moscou affirme \u00e9galement avoir p\u00e9n\u00e9tr\u00e9 dans l&rsquo;oblast de Dnipropetrovsk, dans le centre de l&rsquo;Ukraine. Kiev d\u00e9ment ces informations, affirmant que Moscou diffuse de \u00abfausses informations\u00bb. Si cela est vrai, cela \u00abcr\u00e9era de nouveaux probl\u00e8mes pour les forces tr\u00e8s sollicit\u00e9es de Kiev\u00bb, a not\u00e9 CNN dans un article dimanche.<\/p>\n<p>Pendant ce temps, le gouvernement Zelensky poursuit son assaut. Le week-end dernier, des drones ont endommag\u00e9 un a\u00e9rodrome russe \u00e0 Nijni Novgorod et une usine de fabrication de mat\u00e9riel de guerre \u00e0 Tcheboksary, ce qui a entra\u00een\u00e9 la suspension de sa production. Tous deux sont situ\u00e9s loin \u00e0 l&rsquo;est de Moscou. Mardi, une installation chimique de l&rsquo;oblast de Toula a pris feu apr\u00e8s avoir \u00e9t\u00e9 touch\u00e9e pour la deuxi\u00e8me fois. Les vols dans les a\u00e9roports desservant les premi\u00e8re et deuxi\u00e8me plus grandes villes de Russie, Moscou et Saint-P\u00e9tersbourg, ont \u00e9t\u00e9 bri\u00e8vement interrompus ce jour-l\u00e0 en raison d&rsquo;attaques de drones. Des bombardements ont lieu tous les jours \u00e0 Belgorod, oblast [unit\u00e9 administrative] russe frontalier de l&rsquo;Ukraine. <\/p>\n<p>En avril, le pr\u00e9sident Zelensky avait indiqu\u00e9 que ses soldats op\u00e9raient sur le terrain \u00e0 Belgorod, un fait reconnu \u00e0 l&rsquo;\u00e9poque par des sources russes non officielles. Il s&rsquo;agissait de la deuxi\u00e8me incursion de l&rsquo;Ukraine sur le territoire russe, apr\u00e8s la tentative d\u00e9sormais infructueuse de Kiev de s&#8217;emparer de la r\u00e9gion de Koursk en 2024. \u00a0<\/p>\n<p>L&rsquo;escalade des combats, voulue par l&rsquo;OTAN, risque de d\u00e9clencher une guerre nucl\u00e9aire. Les puissances europ\u00e9ennes sont farouchement oppos\u00e9es \u00e0 tout accord de paix dirig\u00e9 par les \u00c9tats-Unis entre l&rsquo;Ukraine et la Russie, qui risque bien de briser l&rsquo;alliance euro-atlantique et d&rsquo;\u00eatre conclu \u00e0 leurs d\u00e9pens. <\/p>\n<p>Dans le m\u00eame temps, l&rsquo;administration Trump n&rsquo;est en aucun cas g\u00ean\u00e9e par les promesses du pr\u00e9sident de mettre fin \u00e0 la guerre \u00abdans les 24 heures\u00bb suivant son entr\u00e9e en fonction. Elle a ses propres calculs sur ce qui est profitable \u00e0 l&rsquo;imp\u00e9rialisme am\u00e9ricain et sur les concessions, le cas \u00e9ch\u00e9ant, qu&rsquo;elle est pr\u00eate \u00e0 faire sur le front russe afin de pouvoir se concentrer sur le front chinois. Malgr\u00e9 les ouvertures faites \u00e0 Moscou, la Maison-Blanche pourrait se retirer des efforts visant \u00e0 r\u00e9gler le conflit.<\/p>\n<p>Le 5 juin, apr\u00e8s une rencontre avec le chancelier allemand Friedrich Merz, Trump a d\u00e9clar\u00e9 que l&rsquo;Ukraine et la Russie ressemblaient \u00e0 \u00abdeux jeunes enfants qui se battent comme des fous\u00bb. \u00ab\u00a0Vous feriez mieux de les laisser se battre pendant un certain temps et puis de les s\u00e9parer\u00a0\u00bb, a-t-il d\u00e9clar\u00e9. Dans son style grossier habituel, le leader de la Maison Blanche a clairement indiqu\u00e9 qu&rsquo;il voyait un avantage strat\u00e9gique \u00e0 permettre \u00e0 la Russie et \u00e0 l&rsquo;Ukraine de s&rsquo;\u00e9puiser par la guerre. <\/p>\n<p>Trump a simultan\u00e9ment menac\u00e9 de punir Kiev et Moscou de sanctions. \u00ab\u00a0Nous serons tr\u00e8s, tr\u00e8s, tr\u00e8s durs, et cela pourrait bien toucher les deux pays pour \u00eatre honn\u00eate\u00a0\u00bb, a-t-il d\u00e9clar\u00e9.<\/p>\n<p>Peu de temps avant que Trump ne fasse ces d\u00e9clarations, la Russie et l&rsquo;Ukraine se s\u2019\u00e9taient rencontr\u00e9es en Turquie pour une deuxi\u00e8me s\u00e9rie de pourparlers de paix sous l&rsquo;\u00e9gide des \u00c9tats-Unis. La discussion a dur\u00e9 une heure et a abouti \u00e0 un accord pour \u00e9changer des prisonniers et des morts de guerre, mais \u00e0 rien d&rsquo;autre. Apr\u00e8s des retards au cours du week-end, le processus a commenc\u00e9 lundi. <\/p>\n<p>Alors que certaines sources d&rsquo;information affirment que le nombre de personnes, vivantes ou non, qui ont chang\u00e9 de mains est inconnu, le Guardian britannique a rapport\u00e9 que 1 200 membres des forces arm\u00e9es de chaque camp rentrent chez eux, \u00e0 savoir les bless\u00e9s et les jeunes de moins de 25 ans. Le conseiller pr\u00e9sidentiel russe Vladimir Medinsky a d\u00e9clar\u00e9 \u00e0 la presse lundi que son pays \u00e9tait pr\u00eat \u00e0 restituer les corps de 6 000 soldats \u00e0 l&rsquo;Ukraine, mais que le gouvernement Zelensky refusait de les accepter parce qu&rsquo;il ne voulait pas reconna\u00eetre l&rsquo;ampleur de ses pertes.<\/p>\n<p>Alors que son arm\u00e9e est confront\u00e9e \u00e0 une situation catastrophique et que son gouvernement d&rsquo;extr\u00eame droite craint la perspective d&rsquo;un accord de paix conclu \u00e0 ses d\u00e9pens, Zelensky oscille entre l&rsquo;obs\u00e9quiosit\u00e9 \u00e0 l&rsquo;\u00e9gard de Washington et la pression pour obtenir davantage d&rsquo;armes.<\/p>\n<p>Le 8 juin, il a accord\u00e9 une interview \u00e0 ABC News dans laquelle il a zigzagu\u00e9 entre insinuer que la Maison-Blanche sapait l&rsquo;effort de guerre, exiger une extension du conflit avec le soutien des \u00c9tats-Unis et d\u00e9clarer que l&rsquo;Ukraine \u00e9tait pr\u00eate \u00e0 d\u00e9poser les armes.<\/p>\n<p>Dans son \u00e9change avec Martha Raddatz d&rsquo;ABC, Zelensky a d\u00e9plor\u00e9 que les \u00c9tats-Unis aient reni\u00e9 leur promesse d&rsquo;envoyer \u00e0 Kiev 20 000 missiles capables d&rsquo;\u00e9liminer les drones russes. La Maison-Blanche les avait envoy\u00e9s au Moyen-Orient \u00e0 la place, a-t-il dit. <\/p>\n<p>Zelensky a insist\u00e9 pour dire qu&rsquo;il c\u2019\u00e9tait l\u00e0 une erreur. \u00abNous ne pouvons contrer\u00bb la Russie \u00abque par la force\u00bb, a-t-il d\u00e9clar\u00e9. \u00ab Nous pouvons arr\u00eater [la Russie] dans son \u00e9lan, et probablement alors elle sera pr\u00eate pour une sorte de diplomatie et de pourparlers. Nous devons pr\u00e9parer de tels plans, et nous ne nous arr\u00eatons pas\u00a0\u00bb.<\/p>\n<p>\u00ab\u00a0Je suis convaincu que le pr\u00e9sident des \u00c9tats-Unis a tous les pouvoirs et suffisamment de poids pour intervenir\u00a0\u00bb, a-t-il d\u00e9clar\u00e9, insistant pour dire que Trump devait exercer une \u00ab\u00a0forte pression\u00a0\u00bb. <\/p>\n<p>Zelensky a encore affirm\u00e9 que Kiev \u00e9tait pr\u00eat \u00e0 d\u00e9poser toutes ses armes, si Moscou le faisait aussi. Les bombardements de la semaine derni\u00e8re sur les a\u00e9rodromes russes montrent clairement que l&rsquo;Ukraine et surtout l&rsquo;OTAN et les \u00c9tats-Unis sont pr\u00eats \u00e0 risquer une guerre nucl\u00e9aire s&rsquo;ils n&rsquo;obtiennent pas ce qu&rsquo;ils veulent. <\/p>\n<p>Le jour m\u00eame de l&rsquo;interview de Zelensky, plusieurs repr\u00e9sentants du gouvernement russe ont expos\u00e9 la position de leur pays. S&rsquo;exprimant sur les r\u00e9cents gains territoriaux de Moscou dans le centre de l&rsquo;Ukraine, le vice-pr\u00e9sident du Conseil de s\u00e9curit\u00e9 russe, Dmitri Medvedev, a d\u00e9clar\u00e9 que les forces arm\u00e9es de son pays avaient lanc\u00e9 leur derni\u00e8re offensive apr\u00e8s que l&rsquo;Ukraine a refus\u00e9 de reconna\u00eetre le contr\u00f4le territorial russe lors des r\u00e9cents pourparlers de paix. <\/p>\n<p>\u00ab\u00a0Quiconque ne veut pas reconna\u00eetre les r\u00e9alit\u00e9s de la guerre dans les n\u00e9gociations recevra de nouvelles r\u00e9alit\u00e9s sur le terrain\u00a0\u00bb, a menac\u00e9 Medvedev sur le r\u00e9seau social Telegram.<\/p>\n<p>Dans le m\u00eame temps, le vice-ministre russe des Affaires \u00e9trang\u00e8res, Sergue\u00ef Riabkov, a d\u00e9clar\u00e9 \u00e0 la presse que la paix d\u00e9pendait de \u00abmesures pratiques visant \u00e0 \u00e9liminer les causes profondes des contradictions fondamentales entre nous dans le domaine de la s\u00e9curit\u00e9\u00bb, entendant par l\u00e0 l&rsquo;arr\u00eat de l&rsquo;expansion de l&rsquo;OTAN. <\/p>\n<p>Sans cela, a-t-il dit, \u00abil est tout simplement impossible de r\u00e9soudre le conflit actuel dans la r\u00e9gion euro-atlantique\u00bb. <\/p>\n<p>Selon Reuters, Moscou exige un engagement \u00e9crit que l&rsquo;OTAN ne s&rsquo;\u00e9tendra pas plus \u00e0 l&rsquo;est. <\/p>\n<p>Identifiant les \u00c9tats-Unis et l&rsquo;OTAN comme les instigateurs de la guerre, Ryabkov a d\u00e9clar\u00e9 que les pourparlers de cessez-le-feu testaient \u00ab\u00a0le s\u00e9rieux des intentions de Washington de redresser nos relations\u00a0\u00bb. Il a en outre d\u00e9clar\u00e9 \u00e0 l&rsquo;agence de presse TASS que la guerre ne s&rsquo;arr\u00eaterait pas tant que les troupes de l&rsquo;OTAN ne seraient pas retir\u00e9es de la Baltique. <\/p>\n<p>Montrant quelles \u00e9taient les positions de l\u2019Alliance, l&rsquo;Allemagne a d\u00e9ploy\u00e9 fin mai 4 800 soldats dans le pays balte de Lituanie, dans le cadre d&rsquo;une mission permanente, premi\u00e8re du genre depuis la Seconde Guerre mondiale. <\/p>\n<p>Les implications de ce qui se passerait si un accord de paix ne tenait pas compte de la revendication centrale de Moscou ont \u00e9t\u00e9 clairement explicit\u00e9es le m\u00eame jour par Vladimir Medinsky, le n\u00e9gociateur en chef de la Russie dans les pourparlers avec l&rsquo;Ukraine. <\/p>\n<p>\u00abSi vous arr\u00eatez le conflit le long de la ligne de front et ne concluez pas de paix v\u00e9ritable, faites simplement une sorte de tr\u00eave, alors ce sera \u2013 vous savez, une r\u00e9gion comme celle contest\u00e9e par l&rsquo;Arm\u00e9nie et l&rsquo;Azerba\u00efdjan, le Karabakh \u2013 alors cette r\u00e9gion se transformera en un immense Karabakh. Apr\u00e8s un certain temps, l&rsquo;Ukraine, l&rsquo;OTAN, avec des alli\u00e9s rejoindront l&rsquo;OTAN, tenteront de la r\u00e9cup\u00e9rer, et ce sera la fin de la plan\u00e8te, ce sera une guerre nucl\u00e9aire\u00a0\u00bb, a d\u00e9clar\u00e9 Medinsky. <\/p>\n<p>Lors d&rsquo;un briefing au Kremlin \u00e9galement prononc\u00e9 le 9 juin, le porte-parole de la pr\u00e9sidence, Dmitri Peskov, a d\u00e9clar\u00e9 que la Russie se r\u00e9servait le droit de d\u00e9ployer des missiles \u00e0 courte et moyenne port\u00e9e si l&rsquo;agression de l&rsquo;OTAN \u00e0 ses fronti\u00e8res ne cessait pas.<\/p>\n<p>(Article paru en anglais le 11 juin 2025)<\/p>\n","protected":false},"excerpt":{"rendered":"Une explosion est observ\u00e9e apr\u00e8s une frappe a\u00e9rienne russe sur Kyiv, en Ukraine, le vendredi 6 juin 2025.&hellip;\n","protected":false},"author":2,"featured_media":169927,"comment_status":"","ping_status":"","sticky":false,"template":"","format":"standard","meta":{"footnotes":""},"categories":[1591],"tags":[11,1887,1146,12,136,1885,1886,132,220],"class_list":{"0":"post-169926","1":"post","2":"type-post","3":"status-publish","4":"format-standard","5":"has-post-thumbnail","7":"category-russie","8":"tag-actualites","9":"tag-federation-de-russie","10":"tag-guerre","11":"tag-news","12":"tag-otan","13":"tag-russia","14":"tag-russian-federation","15":"tag-russie","16":"tag-ukraine"},"share_on_mastodon":{"url":"https:\/\/pubeurope.com\/@fr\/114668525647634372","error":""},"_links":{"self":[{"href":"https:\/\/www.europesays.com\/fr\/wp-json\/wp\/v2\/posts\/169926","targetHints":{"allow":["GET"]}}],"collection":[{"href":"https:\/\/www.europesays.com\/fr\/wp-json\/wp\/v2\/posts"}],"about":[{"href":"https:\/\/www.europesays.com\/fr\/wp-json\/wp\/v2\/types\/post"}],"author":[{"embeddable":true,"href":"https:\/\/www.europesays.com\/fr\/wp-json\/wp\/v2\/users\/2"}],"replies":[{"embeddable":true,"href":"https:\/\/www.europesays.com\/fr\/wp-json\/wp\/v2\/comments?post=169926"}],"version-history":[{"count":0,"href":"https:\/\/www.europesays.com\/fr\/wp-json\/wp\/v2\/posts\/169926\/revisions"}],"wp:featuredmedia":[{"embeddable":true,"href":"https:\/\/www.europesays.com\/fr\/wp-json\/wp\/v2\/media\/169927"}],"wp:attachment":[{"href":"https:\/\/www.europesays.com\/fr\/wp-json\/wp\/v2\/media?parent=169926"}],"wp:term":[{"taxonomy":"category","embeddable":true,"href":"https:\/\/www.europesays.com\/fr\/wp-json\/wp\/v2\/categories?post=169926"},{"taxonomy":"post_tag","embeddable":true,"href":"https:\/\/www.europesays.com\/fr\/wp-json\/wp\/v2\/tags?post=169926"}],"curies":[{"name":"wp","href":"https:\/\/api.w.org\/{rel}","templated":true}]}}