{"id":169928,"date":"2025-06-12T04:33:19","date_gmt":"2025-06-12T04:33:19","guid":{"rendered":"https:\/\/www.europesays.com\/fr\/169928\/"},"modified":"2025-06-12T04:33:19","modified_gmt":"2025-06-12T04:33:19","slug":"la-russie-et-lukraine-confirment-lechange-des-corps-des-soldats-tombes-au-combat","status":"publish","type":"post","link":"https:\/\/www.europesays.com\/fr\/169928\/","title":{"rendered":"La Russie et l&rsquo;Ukraine confirment l&rsquo;\u00e9change des corps des soldats tomb\u00e9s au combat"},"content":{"rendered":"<p>&#13;<br \/>\n                        La Russie et l&rsquo;Ukraine confirment l&rsquo;\u00e9change des corps des soldats tomb\u00e9s au combat&#13;\n                    <\/p>\n<p style=\"text-align:\">La Russie a transf\u00e9r\u00e9 vers l&rsquo;Ukraine 1.212 corps de soldats ukrainiens tomb\u00e9s au combat, a d\u00e9clar\u00e9 mercredi 11 juin Vladimir Medinski, conseiller du pr\u00e9sident russe.<\/p>\n<p><a href=\"https:\/\/lecourrier.vn\/lukraine-et-la-russie-concluent-leurs-pourparlers-de-paix-a-istanbul-sur-des-resultats-positifs\/1284227.html\" title=\"L&#039;Ukraine et la Russie concluent leurs pourparlers de paix \u00e0 Istanbul sur des r\u00e9sultats positifs\" rel=\"nofollow noopener\" target=\"_blank\">&gt;&gt; L&rsquo;Ukraine et la Russie concluent leurs pourparlers de paix \u00e0 Istanbul sur des r\u00e9sultats positifs<\/a><\/p>\n<p><a href=\"https:\/\/lecourrier.vn\/lukraine-et-la-russie-realisent-la-premiere-etape-dun-echange-de-prisonniers\/1284632.html\" title=\"L&#039;Ukraine et la Russie r\u00e9alisent la premi\u00e8re \u00e9tape d&#039;un \u00e9change de prisonniers\" rel=\"nofollow noopener\" target=\"_blank\">&gt;&gt; L&rsquo;Ukraine et la Russie r\u00e9alisent la premi\u00e8re \u00e9tape d&rsquo;un \u00e9change de prisonniers<\/a><\/p>\n<tr>\n<td class=\"pic\"><img decoding=\"async\" class=\"lazyload\" src=\"https:\/\/www.europesays.com\/fr\/wp-content\/uploads\/2025\/06\/091644-2.jpg\" alt=\"\"\/><\/td>\n<\/tr>\n<tr>\n<td class=\"caption\">L&rsquo;Ukraine a annonc\u00e9 avoir r\u00e9cup\u00e9r\u00e9 des corps de soldats morts sur le front, comme convenu avec la Russie d\u00e9but juin. <\/td>\n<\/tr>\n<tr align=\"right\">\n<td class=\"author\">Photo : AFP\/VNA\/CVN<\/td>\n<\/tr>\n<p style=\"text-align:left\">M. Medinski a d\u00e9clar\u00e9 sur Telegram que 27 corps de soldats russes avaient \u00e9t\u00e9 restitu\u00e9s, ajoutant que le travail se poursuivrait au cours des prochains jours.<\/p>\n<p style=\"text-align:left\">Les deux parties commencent \u00e9galement \u00e0 \u00e9changer des prisonniers gravement bless\u00e9s \u00e0 partir de jeudi 12 juin, a-t-il fait savoir.<\/p>\n<p style=\"text-align:left\">Le rapatriement des d\u00e9funts a \u00e9t\u00e9 rendu possible gr\u00e2ce \u00e0 l&rsquo;aide des forces arm\u00e9es ukrainiennes, du minist\u00e8re de l&rsquo;Int\u00e9rieur et d&rsquo;autres agences, a d\u00e9clar\u00e9 mercredi 11 juin dans un communiqu\u00e9 le quartier g\u00e9n\u00e9ral ukrainien charg\u00e9 de la coordination du traitement des prisonniers de guerre.<\/p>\n<p style=\"text-align:left\">L&rsquo;agence a \u00e9galement exprim\u00e9 sa gratitude envers le Comit\u00e9 international de la Croix-Rouge pour son soutien dans le rapatriement des corps.<\/p>\n<p style=\"text-align:left\">Ce rapatriement fait partie d&rsquo;un accord conclu lors des pourparlers entre la Russie et l&rsquo;Ukraine \u00e0 Istanbul, en Turquie, le 2 juin.<\/p>\n<p style=\"text-align:left\">Lors de leur derni\u00e8re s\u00e9rie de pourparlers, la Russie et l&rsquo;Ukraine se sont mises d&rsquo;accord sur un \u00e9change \u00ab\u00a0tous contre tous\u00a0\u00bb impliquant les prisonniers gravement malades et bless\u00e9s, ainsi que les soldats \u00e2g\u00e9s de moins de 25 ans, selon M. Medinski.<\/p>\n<p style=\"text-align:left\">Conform\u00e9ment \u00e0 cet accord, la premi\u00e8re phase de l&rsquo;\u00e9change de prisonniers a \u00e9t\u00e9 men\u00e9e \u00e0 bien lundi 9 juin.\u00a0<\/p>\n<p style=\"text-align:right\"><b>Xinhua\/VNA\/CVN<\/b><\/p>\n","protected":false},"excerpt":{"rendered":"&#13; La Russie et l&rsquo;Ukraine confirment l&rsquo;\u00e9change des corps des soldats tomb\u00e9s au combat&#13; La Russie a transf\u00e9r\u00e9&hellip;\n","protected":false},"author":2,"featured_media":169929,"comment_status":"","ping_status":"","sticky":false,"template":"","format":"standard","meta":{"footnotes":""},"categories":[1590],"tags":[11,1777,674,12,132,11232,220],"class_list":{"0":"post-169928","1":"post","2":"type-post","3":"status-publish","4":"format-standard","5":"has-post-thumbnail","7":"category-ukraine","8":"tag-actualites","9":"tag-eu","10":"tag-europe","11":"tag-news","12":"tag-russie","13":"tag-soldats","14":"tag-ukraine"},"share_on_mastodon":{"url":"https:\/\/pubeurope.com\/@fr\/114668529598661113","error":""},"_links":{"self":[{"href":"https:\/\/www.europesays.com\/fr\/wp-json\/wp\/v2\/posts\/169928","targetHints":{"allow":["GET"]}}],"collection":[{"href":"https:\/\/www.europesays.com\/fr\/wp-json\/wp\/v2\/posts"}],"about":[{"href":"https:\/\/www.europesays.com\/fr\/wp-json\/wp\/v2\/types\/post"}],"author":[{"embeddable":true,"href":"https:\/\/www.europesays.com\/fr\/wp-json\/wp\/v2\/users\/2"}],"replies":[{"embeddable":true,"href":"https:\/\/www.europesays.com\/fr\/wp-json\/wp\/v2\/comments?post=169928"}],"version-history":[{"count":0,"href":"https:\/\/www.europesays.com\/fr\/wp-json\/wp\/v2\/posts\/169928\/revisions"}],"wp:featuredmedia":[{"embeddable":true,"href":"https:\/\/www.europesays.com\/fr\/wp-json\/wp\/v2\/media\/169929"}],"wp:attachment":[{"href":"https:\/\/www.europesays.com\/fr\/wp-json\/wp\/v2\/media?parent=169928"}],"wp:term":[{"taxonomy":"category","embeddable":true,"href":"https:\/\/www.europesays.com\/fr\/wp-json\/wp\/v2\/categories?post=169928"},{"taxonomy":"post_tag","embeddable":true,"href":"https:\/\/www.europesays.com\/fr\/wp-json\/wp\/v2\/tags?post=169928"}],"curies":[{"name":"wp","href":"https:\/\/api.w.org\/{rel}","templated":true}]}}