{"id":169931,"date":"2025-06-12T04:35:11","date_gmt":"2025-06-12T04:35:11","guid":{"rendered":"https:\/\/www.europesays.com\/fr\/169931\/"},"modified":"2025-06-12T04:35:11","modified_gmt":"2025-06-12T04:35:11","slug":"lue-lespagne-le-royaume-uni-et-gibraltar-saccordent-sur-un-futur-accord","status":"publish","type":"post","link":"https:\/\/www.europesays.com\/fr\/169931\/","title":{"rendered":"L&rsquo;UE, l&rsquo;Espagne, le Royaume-Uni et Gibraltar s&rsquo;accordent sur un futur accord"},"content":{"rendered":"<p>&#13;<br \/>\n                            Zone sans fronti\u00e8res&#13;\n                        <\/p>\n<p>&#13;<br \/>\n                        L&rsquo;UE, l&rsquo;Espagne, le Royaume-Uni et Gibraltar s&rsquo;accordent sur un futur accord &#13;\n                    <\/p>\n<p style=\"text-align:\">De hauts responsables de l&rsquo;Union europ\u00e9enne (UE), d&rsquo;Espagne et du Royaume-Uni, ainsi que des repr\u00e9sentants de Gibraltar, ont conclu un accord mercredi 11 juin \u00e0 Bruxelles sur les aspects fondamentaux d&rsquo;un futur trait\u00e9 entre l&rsquo;UE et le Royaume-Uni relatif \u00e0 Gibraltar, dont l&rsquo;objectif sera de lever les barri\u00e8res commerciales et de promouvoir la prosp\u00e9rit\u00e9 r\u00e9gionale.<\/p>\n<p><a href=\"https:\/\/lecourrier.vn\/le-royaume-uni-et-lue-souhaitent-renforcer-leurs-liens\/1281933.html\" title=\"Le Royaume-Uni et l&#039;UE souhaitent renforcer leurs liens\" target=\"_blank\" rel=\"noopener\">&gt;&gt; Le Royaume-Uni et l&rsquo;UE souhaitent renforcer leurs liens<\/a><\/p>\n<p><a href=\"https:\/\/lecourrier.vn\/premier-sommet-entre-le-royaume-uni-et-lue-depuis-le-brexit-centre-sur-la-defense\/1283292.html\" title=\"Premier sommet entre le Royaume-Uni et l&#039;UE depuis le Brexit, centr\u00e9 sur la d\u00e9fense\" target=\"_blank\" rel=\"noopener\">&gt;&gt; Premier sommet entre le Royaume-Uni et l&rsquo;UE depuis le Brexit, centr\u00e9 sur la d\u00e9fense<\/a><\/p>\n<tr>\n<td class=\"pic\"><img decoding=\"async\" class=\"lazyload\" src=\"https:\/\/www.europesays.com\/fr\/wp-content\/uploads\/2025\/06\/085218-1.webp.webp\" alt=\"\"\/><\/td>\n<\/tr>\n<tr>\n<td class=\"caption\">Des v\u00e9hicules faisant la queue \u00e0 la fronti\u00e8re entre l&rsquo;Espagne et Gibraltar. <\/td>\n<\/tr>\n<tr align=\"right\">\n<td class=\"author\">Photo : AFP\/VNA\/CVN<\/td>\n<\/tr>\n<p style=\"text-align:left\">\u00ab\u00a0Le futur accord ne portera aucun pr\u00e9judice aux positions juridiques respectives de l&rsquo;Espagne et du Royaume-Uni \u00e0 l&rsquo;\u00e9gard de leur souverainet\u00e9 et de leur juridiction\u00a0\u00bb, selon une d\u00e9claration conjointe.<\/p>\n<p style=\"text-align:left\">Le but de ce futur accord est d&rsquo;assurer la prosp\u00e9rit\u00e9 de la r\u00e9gion en levant toutes les barri\u00e8res physiques, les contr\u00f4les et les inspections qui emp\u00eachent la libre circulation des personnes et des biens entre l&rsquo;Espagne et Gibraltar, d&rsquo;apr\u00e8s la d\u00e9claration.<\/p>\n<p style=\"text-align:left\">Cela sera fait tout en pr\u00e9servant l&rsquo;espace Schengen, le march\u00e9 unique europ\u00e9en et l&rsquo;union douani\u00e8re.<\/p>\n<p style=\"text-align:left\">Concernant la circulation des personnes, les contr\u00f4les op\u00e9r\u00e9s au poste-fronti\u00e8re entre Gibraltar et la ville espagnole de La Linea seront supprim\u00e9s pour les individus qui traversent quotidiennement la fronti\u00e8re pour aller travailler. Un double contr\u00f4le sera effectu\u00e9 au port \u00e0 l&rsquo;a\u00e9roport de Gibraltar.<\/p>\n<p style=\"text-align:left\">Quant aux biens, une forte coop\u00e9ration entre les deux autorit\u00e9s douani\u00e8res et la lev\u00e9e des inspections des biens m\u00e8nera \u00e0 l&rsquo;\u00e9tablissement d&rsquo;une union douani\u00e8re entre l&rsquo;UE et Gibraltar.<\/p>\n<p style=\"text-align:left\">D&rsquo;autres domaines seront couverts par le futur accord, \u00e0 savoir les aides de l&rsquo;\u00c9tat, les taxes, le travail, l&rsquo;environnement, le commerce et le d\u00e9veloppement durable, la lutte contre le blanchiment d&rsquo;argent, le transport, la coh\u00e9sion et l&#8217;emploi.<\/p>\n<p style=\"text-align:right\"><b>Xinhua\/VNA\/CVN<\/b><\/p>\n","protected":false},"excerpt":{"rendered":"&#13; Zone sans fronti\u00e8res&#13; &#13; L&rsquo;UE, l&rsquo;Espagne, le Royaume-Uni et Gibraltar s&rsquo;accordent sur un futur accord &#13; De&hellip;\n","protected":false},"author":2,"featured_media":169932,"comment_status":"","ping_status":"","sticky":false,"template":"","format":"standard","meta":{"footnotes":""},"categories":[1588],"tags":[11,123,1777,674,30248,12,473,1853,1778,1851,1850,1852],"class_list":{"0":"post-169931","1":"post","2":"type-post","3":"status-publish","4":"format-standard","5":"has-post-thumbnail","7":"category-royaume-uni","8":"tag-actualites","9":"tag-espagne","10":"tag-eu","11":"tag-europe","12":"tag-gibraltar","13":"tag-news","14":"tag-royaume-uni","15":"tag-royaume-uni-de-grande-bretagne-et-dirlande-du-nord","16":"tag-ue","17":"tag-uk","18":"tag-united-kingdom","19":"tag-united-kingdom-of-great-britain-and-northern-ireland"},"share_on_mastodon":{"url":"https:\/\/pubeurope.com\/@fr\/114668537378793637","error":""},"_links":{"self":[{"href":"https:\/\/www.europesays.com\/fr\/wp-json\/wp\/v2\/posts\/169931","targetHints":{"allow":["GET"]}}],"collection":[{"href":"https:\/\/www.europesays.com\/fr\/wp-json\/wp\/v2\/posts"}],"about":[{"href":"https:\/\/www.europesays.com\/fr\/wp-json\/wp\/v2\/types\/post"}],"author":[{"embeddable":true,"href":"https:\/\/www.europesays.com\/fr\/wp-json\/wp\/v2\/users\/2"}],"replies":[{"embeddable":true,"href":"https:\/\/www.europesays.com\/fr\/wp-json\/wp\/v2\/comments?post=169931"}],"version-history":[{"count":0,"href":"https:\/\/www.europesays.com\/fr\/wp-json\/wp\/v2\/posts\/169931\/revisions"}],"wp:featuredmedia":[{"embeddable":true,"href":"https:\/\/www.europesays.com\/fr\/wp-json\/wp\/v2\/media\/169932"}],"wp:attachment":[{"href":"https:\/\/www.europesays.com\/fr\/wp-json\/wp\/v2\/media?parent=169931"}],"wp:term":[{"taxonomy":"category","embeddable":true,"href":"https:\/\/www.europesays.com\/fr\/wp-json\/wp\/v2\/categories?post=169931"},{"taxonomy":"post_tag","embeddable":true,"href":"https:\/\/www.europesays.com\/fr\/wp-json\/wp\/v2\/tags?post=169931"}],"curies":[{"name":"wp","href":"https:\/\/api.w.org\/{rel}","templated":true}]}}