{"id":169937,"date":"2025-06-12T04:38:21","date_gmt":"2025-06-12T04:38:21","guid":{"rendered":"https:\/\/www.europesays.com\/fr\/169937\/"},"modified":"2025-06-12T04:38:21","modified_gmt":"2025-06-12T04:38:21","slug":"les-pays-beneficiaires-de-fonds-europeens-sont-appeles-a-devenir-contributeurs","status":"publish","type":"post","link":"https:\/\/www.europesays.com\/fr\/169937\/","title":{"rendered":"les pays b\u00e9n\u00e9ficiaires de fonds europ\u00e9ens sont appel\u00e9s \u00e0 devenir contributeurs"},"content":{"rendered":"<p>L&rsquo;Union europ\u00e9enne pourrait bient\u00f4t r\u00e9duire ses fonds de coh\u00e9sion et les pays qui en b\u00e9n\u00e9ficient, comme le Portugal, sont appel\u00e9s \u00e0 contribuer davantage au budget de l&rsquo;UE.<\/p>\n<p>Lors d&rsquo;un entretien exclusif accord\u00e9 \u00e0 Euronews, la commissaire europ\u00e9enne aux Services financiers et \u00e0 l&rsquo;Union de l&rsquo;\u00e9pargne, Maria Lu\u00eds Albuquerque, admet le sc\u00e9nario d&rsquo;une r\u00e9duction \u00e0 moyen terme des \u00ab\u00a0fonds de coh\u00e9sion\u00a0\u00bb destin\u00e9s aux \u00c9tats membres.<\/p>\n<p>\u00ab\u00a0Les fonds destin\u00e9s \u00e0 la convergence sont li\u00e9s \u00e0 l&rsquo;\u00e9cart qui s\u00e9pare chaque pays de la moyenne. Au fur et \u00e0 mesure que de nouveaux pays arrivent avec des niveaux inf\u00e9rieurs, cette moyenne se d\u00e9place et notre position relative aussi\u00a0\u00bb, explique-t-elle.<\/p>\n<p>Passer du statut de b\u00e9n\u00e9ficiaire \u00e0 celui de contributeur<\/p>\n<p>La commissaire pr\u00e9vient que des pays comme le Portugal &#8211; qui f\u00eatera en janvier prochain les 40 ans de son adh\u00e9sion \u00e0 l&rsquo;Union europ\u00e9enne &#8211; doivent se pr\u00e9parer \u00e0 passer du statut de b\u00e9n\u00e9ficiaires \u00e0 celui de contributeurs nets aux fonds de l&rsquo;UE.<\/p>\n<p>\u00ab\u00a0Tous les pays qui re\u00e7oivent ce soutien le rendent par leur capacit\u00e9 de d\u00e9veloppement et de croissance. Et l&rsquo;ambition de tout pays devrait \u00eatre de cesser d&rsquo;\u00eatre un b\u00e9n\u00e9ficiaire net et de devenir un contributeur net\u00a0\u00bb, estime Maria Lu\u00eds Albuquerque.<\/p>\n<p>\u00ab\u00a0Car cela signifie vraiment que nous sommes plus riches, ce qui est, \u00e0 mon avis, ce que nous voulons tous et ce que l&rsquo;Europe nous a aid\u00e9s \u00e0 construire\u00a0\u00bb.<\/p>\n<p><img decoding=\"async\" class=\"caas-img caas-lazy has-preview\" alt=\"Maria Lu\u00eds Albuquerque s'exprime lors de son audition de confirmation au Parlement europ\u00e9en \u00e0 Bruxelles, le mercredi 6 novembre 2024\" src=\"https:\/\/www.europesays.com\/fr\/wp-content\/uploads\/2025\/06\/49c215b7d077e41f8743f708ab9664de.jpeg\"\/><\/p>\n<p> Maria Lu\u00eds Albuquerque s&rsquo;exprime lors de son audition de confirmation au Parlement europ\u00e9en \u00e0 Bruxelles, le mercredi 6 novembre 2024   &#8211; AP Photo\/Virginia Mayo <\/p>\n<p>Dans l&rsquo;interview accord\u00e9e \u00e0 l&rsquo;\u00e9mission \u00ab\u00a0The Europe Conversation\u00a0\u00bb, la commissaire europ\u00e9enne a \u00e9galement \u00e9voqu\u00e9 les d\u00e9fis auxquels est confront\u00e9 le syst\u00e8me financier de l&rsquo;UE.<\/p>\n<p>Elle exhorte les consommateurs \u00e0 investir leurs \u00e9conomies dans des placements financiers europ\u00e9ens \u00e0 moyen et long terme, m\u00eame s&rsquo;ils comportent un certain risque, et reconna\u00eet que les fusions dans le secteur bancaire europ\u00e9en pourraient \u00eatre une solution pour permettre \u00e0 l&rsquo;Europe de gagner en puissance sur les march\u00e9s internationaux.<\/p>\n","protected":false},"excerpt":{"rendered":"L&rsquo;Union europ\u00e9enne pourrait bient\u00f4t r\u00e9duire ses fonds de coh\u00e9sion et les pays qui en b\u00e9n\u00e9ficient, comme le Portugal,&hellip;\n","protected":false},"author":2,"featured_media":169938,"comment_status":"","ping_status":"","sticky":false,"template":"","format":"standard","meta":{"footnotes":""},"categories":[1586],"tags":[11,5979,30441,1777,674,1779,16103,1011,27,7738,12,5457,6996,25,1778,364],"class_list":{"0":"post-169937","1":"post","2":"type-post","3":"status-publish","4":"format-standard","5":"has-post-thumbnail","7":"category-europe","8":"tag-actualites","9":"tag-budget-de-lue","10":"tag-commissaire-europeenne","11":"tag-eu","12":"tag-europe","13":"tag-european-union","14":"tag-fonds","15":"tag-fr","16":"tag-france","17":"tag-lunion-europeenne","18":"tag-news","19":"tag-pays","20":"tag-portugal","21":"tag-republique-francaise","22":"tag-ue","23":"tag-union-europeenne"},"share_on_mastodon":{"url":"https:\/\/pubeurope.com\/@fr\/114668549206331259","error":""},"_links":{"self":[{"href":"https:\/\/www.europesays.com\/fr\/wp-json\/wp\/v2\/posts\/169937","targetHints":{"allow":["GET"]}}],"collection":[{"href":"https:\/\/www.europesays.com\/fr\/wp-json\/wp\/v2\/posts"}],"about":[{"href":"https:\/\/www.europesays.com\/fr\/wp-json\/wp\/v2\/types\/post"}],"author":[{"embeddable":true,"href":"https:\/\/www.europesays.com\/fr\/wp-json\/wp\/v2\/users\/2"}],"replies":[{"embeddable":true,"href":"https:\/\/www.europesays.com\/fr\/wp-json\/wp\/v2\/comments?post=169937"}],"version-history":[{"count":0,"href":"https:\/\/www.europesays.com\/fr\/wp-json\/wp\/v2\/posts\/169937\/revisions"}],"wp:featuredmedia":[{"embeddable":true,"href":"https:\/\/www.europesays.com\/fr\/wp-json\/wp\/v2\/media\/169938"}],"wp:attachment":[{"href":"https:\/\/www.europesays.com\/fr\/wp-json\/wp\/v2\/media?parent=169937"}],"wp:term":[{"taxonomy":"category","embeddable":true,"href":"https:\/\/www.europesays.com\/fr\/wp-json\/wp\/v2\/categories?post=169937"},{"taxonomy":"post_tag","embeddable":true,"href":"https:\/\/www.europesays.com\/fr\/wp-json\/wp\/v2\/tags?post=169937"}],"curies":[{"name":"wp","href":"https:\/\/api.w.org\/{rel}","templated":true}]}}