{"id":169951,"date":"2025-06-12T04:48:10","date_gmt":"2025-06-12T04:48:10","guid":{"rendered":"https:\/\/www.europesays.com\/fr\/169951\/"},"modified":"2025-06-12T04:48:10","modified_gmt":"2025-06-12T04:48:10","slug":"1000e-victoire-de-lequipe-quick-step-en-formule-1-seule-la-scuderia-ferrari-a-participe-a-plus-de-1000-grands-prix","status":"publish","type":"post","link":"https:\/\/www.europesays.com\/fr\/169951\/","title":{"rendered":"1000e victoire de l&rsquo;\u00e9quipe Quick-Step: en Formule 1, seule la Scuderia Ferrari a particip\u00e9 \u00e0 plus de 1000 Grands Prix"},"content":{"rendered":"<p class=\"ap-StoryElement ap-StoryElement--mb ap-StoryText\">Pour l&rsquo;occasion, Ferrari avait marqu\u00e9 le coup en renouant avec son pass\u00e9. Les SF1000 arboraient une livr\u00e9e bordeaux, fid\u00e8le reproduction de la teinte de la toute premi\u00e8re Ferrari, la 125 S, ainsi que de la 125 F1 align\u00e9e lors du Grand Prix de Monaco 1950.\u00a0\u00bb Le 1000e Grand Prix de la Scuderia Ferrari est une \u00e9tape tr\u00e8s importante, il fallait donc le c\u00e9l\u00e9brer de mani\u00e8re sp\u00e9ciale\u00a0\u00bb, expliquait Piero Ferrari.<\/p>\n<p class=\"ap-StoryElement ap-StoryElement--mb ap-StoryText\">Derri\u00e8re, McLaren suit. L&rsquo;\u00e9curie britannique, en Formule 1 depuis 1966, totalise actuellement 979 d\u00e9parts. Si tout se d\u00e9roule comme pr\u00e9vu, elle franchira elle aussi la barre des 1000 la saison prochaine, lors du Grand Prix de Miami, pr\u00e9vu du 1er au 3 mai 2026.<\/p>\n<p><a href=\"https:\/\/www.dhnet.be\/sports\/moteurs\/2025\/06\/11\/qui-sera-la-meilleure-gt-au-mans-notre-guide-des-24-heures-2025-pour-ne-rien-rater-YRCD67MIMRHUVGWPCA2G4OLSSM\/\" target=\"_blank\" rel=\"noopener noreferrer\" class=\"ap-StoryInterstitialLink ap-StoryElement ap-StoryElement--mb\">Qui sera la meilleure GT au Mans ? Notre guide des 24 Heures 2025 pour ne rien rater<\/a><\/p>\n","protected":false},"excerpt":{"rendered":"Pour l&rsquo;occasion, Ferrari avait marqu\u00e9 le coup en renouant avec son pass\u00e9. Les SF1000 arboraient une livr\u00e9e bordeaux,&hellip;\n","protected":false},"author":2,"featured_media":169952,"comment_status":"","ping_status":"","sticky":false,"template":"","format":"standard","meta":{"footnotes":""},"categories":[1412],"tags":[16916,207,1451,1452,1453,1454,1455,1011,27,19717,60],"class_list":{"0":"post-169951","1":"post","2":"type-post","3":"status-publish","4":"format-standard","5":"has-post-thumbnail","7":"category-f1","8":"tag-16916","9":"tag-cyclisme","10":"tag-f1","11":"tag-formula-1","12":"tag-formula1","13":"tag-formule-1","14":"tag-formule1","15":"tag-fr","16":"tag-france","17":"tag-quick-step","18":"tag-sports"},"share_on_mastodon":{"url":"https:\/\/pubeurope.com\/@fr\/114668588537649832","error":""},"_links":{"self":[{"href":"https:\/\/www.europesays.com\/fr\/wp-json\/wp\/v2\/posts\/169951","targetHints":{"allow":["GET"]}}],"collection":[{"href":"https:\/\/www.europesays.com\/fr\/wp-json\/wp\/v2\/posts"}],"about":[{"href":"https:\/\/www.europesays.com\/fr\/wp-json\/wp\/v2\/types\/post"}],"author":[{"embeddable":true,"href":"https:\/\/www.europesays.com\/fr\/wp-json\/wp\/v2\/users\/2"}],"replies":[{"embeddable":true,"href":"https:\/\/www.europesays.com\/fr\/wp-json\/wp\/v2\/comments?post=169951"}],"version-history":[{"count":0,"href":"https:\/\/www.europesays.com\/fr\/wp-json\/wp\/v2\/posts\/169951\/revisions"}],"wp:featuredmedia":[{"embeddable":true,"href":"https:\/\/www.europesays.com\/fr\/wp-json\/wp\/v2\/media\/169952"}],"wp:attachment":[{"href":"https:\/\/www.europesays.com\/fr\/wp-json\/wp\/v2\/media?parent=169951"}],"wp:term":[{"taxonomy":"category","embeddable":true,"href":"https:\/\/www.europesays.com\/fr\/wp-json\/wp\/v2\/categories?post=169951"},{"taxonomy":"post_tag","embeddable":true,"href":"https:\/\/www.europesays.com\/fr\/wp-json\/wp\/v2\/tags?post=169951"}],"curies":[{"name":"wp","href":"https:\/\/api.w.org\/{rel}","templated":true}]}}