{"id":169957,"date":"2025-06-12T04:51:20","date_gmt":"2025-06-12T04:51:20","guid":{"rendered":"https:\/\/www.europesays.com\/fr\/169957\/"},"modified":"2025-06-12T04:51:20","modified_gmt":"2025-06-12T04:51:20","slug":"kelly-vedovelli-va-t-elle-integrer-la-nouvelle-emission-de-cyril-hanouna-tout-beau-tout-9-sur-w9-elle-repond","status":"publish","type":"post","link":"https:\/\/www.europesays.com\/fr\/169957\/","title":{"rendered":"Kelly Vedovelli va-t-elle int\u00e9grer la nouvelle \u00e9mission de Cyril Hanouna Tout beau, tout 9 sur W9 ? Elle r\u00e9pond"},"content":{"rendered":"<p>Le 26 mars dernier, <a href=\"https:\/\/www.programme-tv.net\/news\/tv\/372917-kelly-vedovelli-absente-dans-les-derniers-numeros-de-tpmp-la-chroniqueuse-fait-une-mise-au-point-sur-son-avenir-dans-l-emission\/\" data-api-deeplink=\"teleloisirs:\/\/news\/372917\" target=\"_blank\" rel=\"noopener\">Cyril Hanouna a pr\u00e9sent\u00e9 la derni\u00e8re de TPMP<\/a>, apr\u00e8s la suppression de C8. Si Kelly Vedovelli n&rsquo;\u00e9tait pas pr\u00e9sente,<a href=\"https:\/\/www.programme-tv.net\/news\/people\/374472-on-a-traverse-plein-de-choses-cyril-hanouna-parle-de-sa-relation-avec-kelly-vedovelli-absente-de-tpmp-depuis-plusieurs-semaines\/\" data-api-deeplink=\"teleloisirs:\/\/news\/374472\" target=\"_blank\" rel=\"noopener\"> l&rsquo;animateur avait eu une pens\u00e9e pour elle<\/a>. \u00ab\u00a0On a v\u00e9cu plein de choses, on a travers\u00e9 plein de choses, la Tunisie, on a fait des voyages de fou. Elle sait que quoi qu&rsquo;il arrive, quoi qui se passe ici, quoi qui se passe ailleurs, c&rsquo;est la famille. Elle sera la bienvenue bien entendu sur notre prochain projet\u00a0\u00bb, avait-il d\u00e9clar\u00e9. \u00c0 la rentr\u00e9e prochaine, Cyril Hanouna sera de retour \u00e0 la t\u00e9l\u00e9 avec l&rsquo;\u00e9mission <a href=\"https:\/\/www.programme-tv.net\/news\/tv\/380319-ca-va-fortement-ressembler-a-tpmp-cyril-hanouna-donne-de-precieuses-informations-sur-tout-beau-tout-9-et-revele-l-horaire-de-diffusion-de-sa-nouvelle-emission\/\" data-api-deeplink=\"teleloisirs:\/\/news\/380319\" target=\"_blank\" rel=\"noopener\">Tout beau, tout 9 qu&rsquo;il animera sur W9<\/a>.<\/p>\n<p>Kelly Vedovelli \u00e9voque la nouvelle \u00e9mission de Cyril Hanouna sur W9<\/p>\n<p>Invit\u00e9e sur le plateau du <a href=\"https:\/\/www.youtube.com\/watch?v=X2cNhMweFKI&amp;list=PL_3P3xgnwTL1ew15AmUTiWCtfhnCw6ovS&amp;index=1\" target=\"_blank\" rel=\"noopener\">Buzz TV,<\/a> ce mercredi 11 juin, Kelly Vedovelli a \u00e9voqu\u00e9 <a href=\"https:\/\/www.programme-tv.net\/news\/tv\/380319-ca-va-fortement-ressembler-a-tpmp-cyril-hanouna-donne-de-precieuses-informations-sur-tout-beau-tout-9-et-revele-l-horaire-de-diffusion-de-sa-nouvelle-emission\/\" data-api-deeplink=\"teleloisirs:\/\/news\/380319\" target=\"_blank\" rel=\"noopener\">la nouvelle \u00e9mission de Cyril Hanouna.<\/a> \u00ab\u00a0Est-ce que vous lui conseillerez de rester sur le Touche pas \u00e0 mon post tel qu&rsquo;on la connu jusque-l\u00e0 (&#8230;) ou bien, sur toute autre chose ?\u00a0\u00bb, a demand\u00e9 Damien Canivez, reprenant une question de Matthieu Croissandeau, invit\u00e9 la veille. <b>\u00ab\u00a0Je pense qu\u2019il n\u2019a besoin des conseils de personne et il sait qu&rsquo;il a besoin des conseils de personne. <\/b>Donc ce n&rsquo;est pas Keke et Lulu (NDLR, <a href=\"https:\/\/www.programme-tv.net\/biographie\/385500-retory-ludivine\/\" data-link-people=\"13ce9dad-a4ba-4e5a-bdbb-8f2fa4d67e2a\" target=\"_blank\" rel=\"noopener\">Ludivine R\u00e9tory<\/a>) qui vont lui dire ce qu&rsquo;il a \u00e0 faire. Apr\u00e8s nous, on peut donner notre humble avis, mais qui sera entre nous et pour ceux qui veulent l&rsquo;entendre\u00a0\u00bb, a d&rsquo;abord d\u00e9clar\u00e9 l&rsquo;ancienne chroniqueuse avant d&rsquo;ajouter : <b>\u00ab\u00a0Je pense qu\u2019il a peut-\u00eatre envie aussi de revenir au temps o\u00f9 on s\u2019amusait.<\/b> Ce qui est chouette, c&rsquo;est qu&rsquo;il sait se diversifier, dans une \u00e9mission, on peut s\u2019amuser, parler m\u00e9dias, actus\u2026\u00a0Mais il aime aussi s&rsquo;amuser. Donc, il va savoir quoi faire, quand il faudra le faire\u00a0\u00bb. <\/p>\n<p>                        Kelly Vedovelli sera-t-elle chroniqueuse dans la nouvelle \u00e9mission de Cyril Hanouna ? Elle r\u00e9pond<\/p>\n<p>Si <a href=\"https:\/\/www.programme-tv.net\/biographie\/9864-benaim-valerie\/\" data-api-deeplink=\"teleloisirs:\/\/person\/9864\" target=\"_blank\" rel=\"noopener\">Val\u00e9rie Bena\u00efm<\/a> <a href=\"https:\/\/www.programme-tv.net\/news\/tv\/378801-tout-beau-tout-9-cyril-hanouna-devoile-le-nom-des-premiers-chroniqueurs-de-sa-nouvelle-emission-sur-w9\/\" data-api-deeplink=\"teleloisirs:\/\/news\/378801\" target=\"_blank\" rel=\"noopener\">devrait rejoindre<\/a> Cyril Hanouna <a href=\"https:\/\/www.programme-tv.net\/news\/tv\/380319-ca-va-fortement-ressembler-a-tpmp-cyril-hanouna-donne-de-precieuses-informations-sur-tout-beau-tout-9-et-revele-l-horaire-de-diffusion-de-sa-nouvelle-emission\/\" data-api-deeplink=\"teleloisirs:\/\/news\/380319\" target=\"_blank\" rel=\"noopener\">au sein du groupe M6<\/a>, d&rsquo;anciens chroniqueurs de TPMP devraient \u00e9galement \u00eatre de la partie comme <a href=\"https:\/\/www.programme-tv.net\/news\/tv\/378801-tout-beau-tout-9-cyril-hanouna-devoile-le-nom-des-premiers-chroniqueurs-de-sa-nouvelle-emission-sur-w9\/\" data-api-deeplink=\"teleloisirs:\/\/news\/378801\" target=\"_blank\" rel=\"noopener\">G\u00e9raldine Maillet ou encore Jordan De Luxe.<\/a> Et qu&rsquo;en est-il de Kelly Vedovelli ? \u00ab\u00a0Nous, notre carri\u00e8re, moi, j&rsquo;appelle \u00e7a un amusement, on l&rsquo;a toujours v\u00e9cu au jour le jour. Donc ce qu&rsquo;on va faire demain, on n&rsquo;est pas au courant\u00a0\u00bb, a d\u00e9clar\u00e9 Kelly Vedovelli. \u00ab\u00a0Est-ce que vous avez envie de faire partie de cette aventure ?\u00a0\u00bb, a demand\u00e9, une nouvelle fois, Damien Canivez. <b>\u00ab\u00a0Comme toute aventure, c&rsquo;est g\u00e9nial en fait. On s\u2019\u00e9clate l\u00e0-bas, qui n\u2019aurait pas envie de s\u2019amuser et de retrouver ses copains\u00a0?\u00a0\u00bb,<\/b> a r\u00e9pondu la jeune femme de 35 ans.<\/p>\n","protected":false},"excerpt":{"rendered":"Le 26 mars dernier, Cyril Hanouna a pr\u00e9sent\u00e9 la derni\u00e8re de TPMP, apr\u00e8s la suppression de C8. Si&hellip;\n","protected":false},"author":2,"featured_media":169958,"comment_status":"","ping_status":"","sticky":false,"template":"","format":"standard","meta":{"footnotes":""},"categories":[1359],"tags":[244,1083,58,59,1011,27,1675,973],"class_list":{"0":"post-169957","1":"post","2":"type-post","3":"status-publish","4":"format-standard","5":"has-post-thumbnail","7":"category-people","8":"tag-commentaire","9":"tag-cyril-hanouna","10":"tag-divertissement","11":"tag-entertainment","12":"tag-fr","13":"tag-france","14":"tag-kelly-vedovelli","15":"tag-people"},"share_on_mastodon":{"url":"https:\/\/pubeurope.com\/@fr\/114668600214620566","error":""},"_links":{"self":[{"href":"https:\/\/www.europesays.com\/fr\/wp-json\/wp\/v2\/posts\/169957","targetHints":{"allow":["GET"]}}],"collection":[{"href":"https:\/\/www.europesays.com\/fr\/wp-json\/wp\/v2\/posts"}],"about":[{"href":"https:\/\/www.europesays.com\/fr\/wp-json\/wp\/v2\/types\/post"}],"author":[{"embeddable":true,"href":"https:\/\/www.europesays.com\/fr\/wp-json\/wp\/v2\/users\/2"}],"replies":[{"embeddable":true,"href":"https:\/\/www.europesays.com\/fr\/wp-json\/wp\/v2\/comments?post=169957"}],"version-history":[{"count":0,"href":"https:\/\/www.europesays.com\/fr\/wp-json\/wp\/v2\/posts\/169957\/revisions"}],"wp:featuredmedia":[{"embeddable":true,"href":"https:\/\/www.europesays.com\/fr\/wp-json\/wp\/v2\/media\/169958"}],"wp:attachment":[{"href":"https:\/\/www.europesays.com\/fr\/wp-json\/wp\/v2\/media?parent=169957"}],"wp:term":[{"taxonomy":"category","embeddable":true,"href":"https:\/\/www.europesays.com\/fr\/wp-json\/wp\/v2\/categories?post=169957"},{"taxonomy":"post_tag","embeddable":true,"href":"https:\/\/www.europesays.com\/fr\/wp-json\/wp\/v2\/tags?post=169957"}],"curies":[{"name":"wp","href":"https:\/\/api.w.org\/{rel}","templated":true}]}}