{"id":169961,"date":"2025-06-12T04:53:11","date_gmt":"2025-06-12T04:53:11","guid":{"rendered":"https:\/\/www.europesays.com\/fr\/169961\/"},"modified":"2025-06-12T04:53:11","modified_gmt":"2025-06-12T04:53:11","slug":"une-journee-dediee-aux-mots","status":"publish","type":"post","link":"https:\/\/www.europesays.com\/fr\/169961\/","title":{"rendered":"une journ\u00e9e d\u00e9di\u00e9e aux mots"},"content":{"rendered":"<p>Niederbronn-les-Bains accueillera pr\u00e8s de 100 exposants, dont plus de 80 auteurs, \u00e9diteurs et illustrateurs venus partager leur passion de l\u2019\u00e9crit et de l\u2019image \u00e0 l\u2019occasion d\u2019une journ\u00e9e d\u00e9di\u00e9e aux mots pour <a href=\"https:\/\/www.dna.fr\/culture-loisirs\/2024\/06\/28\/l-edition-2024-de-livres-en-fete-prevue-dimanche-30-juin-est-annulee\" target=\"_blank\" rel=\"noopener\">la 10e \u00e9dition de \u00ab\u00a0Livres en F\u00eate\u00a0\u00bb<\/a> , au parc du Golf. Tous les genres litt\u00e9raires seront repr\u00e9sent\u00e9s.<\/p>\n<p>  Dict\u00e9e, chasse au tr\u00e9sor, collecte de livres\u2026<\/p>\n<p>Des animations sont pr\u00e9vues tout au long de la manifestation, qui d\u00e9butera \u00e0 15\u00a0h et se terminera \u00e0 19\u00a0h. Une grande dict\u00e9e pour enfants et adultes sera anim\u00e9e \u00e0 16\u00a0h par <a href=\"https:\/\/www.dna.fr\/elections\/2024\/04\/06\/nathalie-marajo-guthmuller-nouvelle-presidente-du-parc-des-vosges-du-nord-le-parc-doit-rester-un-laboratoire-pour-pouvoir-experimenter-des-solutions\" target=\"_blank\" rel=\"noopener\">Nathalie Marajo-Guthmuller<\/a>, conseill\u00e8re d\u2019Alsace. L\u2019\u00e9quipe de l\u2019animation jeunesse du R\u00e9seau animation intercommunal proposera, elle, de partir \u00e0 l\u2019aventure avec une chasse au tr\u00e9sor litt\u00e9raire. Il sera \u00e9galement possible de d\u00e9couvrir le m\u00e9tier de relieur avec des d\u00e9monstrations, tout en profitant d\u2019une vente de papeterie artisanale avec Larissa Bouquerel et Chlo\u00e9 Kolb-Kuntzmann. La calligraphie artistique ne sera pas en reste, puisque Marguerite Nguyen proposera une d\u00e9monstration. De son c\u00f4t\u00e9, le Point Lecture communal proposera une lecture de contes \u00ab\u00a0Kamishiba\u00ef\u00a0\u00bb et \u00ab\u00a0Histoires en tablier\u00a0\u00bb.<\/p>\n<p>Avec <a href=\"https:\/\/www.dna.fr\/culture-loisirs\/2024\/04\/07\/deux-jours-pour-feter-le-printemps-et-les-createurs\" target=\"_blank\" rel=\"noopener\">l\u2019association Des livres et vous<\/a>, les visiteurs pourront aussi profiter d\u2019un coin vente, avec des objets recycl\u00e9s, livres, marque-pages, ou se d\u00e9lester de leurs vieux ouvrages en les d\u00e9posant dans un bac de collecte. Sans oublier le coin alsacien avec des contes propos\u00e9s par Manon Zinck, des interludes musicaux de Serge Rieger et la remorque \u00e0 livres de Jean-Jacques Bastian.<\/p>\n<p class=\"note\">Plus d\u2019informations sur www.niederbronn-les-bains.fr<\/p>\n","protected":false},"excerpt":{"rendered":"Niederbronn-les-Bains accueillera pr\u00e8s de 100 exposants, dont plus de 80 auteurs, \u00e9diteurs et illustrateurs venus partager leur passion&hellip;\n","protected":false},"author":2,"featured_media":169962,"comment_status":"","ping_status":"","sticky":false,"template":"","format":"standard","meta":{"footnotes":""},"categories":[1357],"tags":[1379,1687,58,4877,59,3326,107,1011,27,1380,2410,30442,30443],"class_list":{"0":"post-169961","1":"post","2":"type-post","3":"status-publish","4":"format-standard","5":"has-post-thumbnail","7":"category-livres","8":"tag-books","9":"tag-culture-loisirs","10":"tag-divertissement","11":"tag-edition-haguenau-wissembourg","12":"tag-entertainment","13":"tag-fete-locale","14":"tag-fil-info","15":"tag-fr","16":"tag-france","17":"tag-livres","18":"tag-livres-bd","19":"tag-niederbronn-les-bains","20":"tag-secteur-de-niederbronn"},"share_on_mastodon":{"url":"https:\/\/pubeurope.com\/@fr\/114668608103330552","error":""},"_links":{"self":[{"href":"https:\/\/www.europesays.com\/fr\/wp-json\/wp\/v2\/posts\/169961","targetHints":{"allow":["GET"]}}],"collection":[{"href":"https:\/\/www.europesays.com\/fr\/wp-json\/wp\/v2\/posts"}],"about":[{"href":"https:\/\/www.europesays.com\/fr\/wp-json\/wp\/v2\/types\/post"}],"author":[{"embeddable":true,"href":"https:\/\/www.europesays.com\/fr\/wp-json\/wp\/v2\/users\/2"}],"replies":[{"embeddable":true,"href":"https:\/\/www.europesays.com\/fr\/wp-json\/wp\/v2\/comments?post=169961"}],"version-history":[{"count":0,"href":"https:\/\/www.europesays.com\/fr\/wp-json\/wp\/v2\/posts\/169961\/revisions"}],"wp:featuredmedia":[{"embeddable":true,"href":"https:\/\/www.europesays.com\/fr\/wp-json\/wp\/v2\/media\/169962"}],"wp:attachment":[{"href":"https:\/\/www.europesays.com\/fr\/wp-json\/wp\/v2\/media?parent=169961"}],"wp:term":[{"taxonomy":"category","embeddable":true,"href":"https:\/\/www.europesays.com\/fr\/wp-json\/wp\/v2\/categories?post=169961"},{"taxonomy":"post_tag","embeddable":true,"href":"https:\/\/www.europesays.com\/fr\/wp-json\/wp\/v2\/tags?post=169961"}],"curies":[{"name":"wp","href":"https:\/\/api.w.org\/{rel}","templated":true}]}}