{"id":169978,"date":"2025-06-12T05:02:09","date_gmt":"2025-06-12T05:02:09","guid":{"rendered":"https:\/\/www.europesays.com\/fr\/169978\/"},"modified":"2025-06-12T05:02:09","modified_gmt":"2025-06-12T05:02:09","slug":"qui-est-stephen-miller-architecte-de-la-repression-antimigrants-de-donald-trump","status":"publish","type":"post","link":"https:\/\/www.europesays.com\/fr\/169978\/","title":{"rendered":"Qui est Stephen Miller, architecte de la r\u00e9pression antimigrants de Donald Trump\u00a0?"},"content":{"rendered":"<p>Aux <a href=\"https:\/\/www.20minutes.fr\/monde\/etats-unis\/\" target=\"_blank\" class=\"color-ultramarine c-link\" rel=\"nofollow noopener\">Etats-Unis<\/a>, c\u2019est le visage de la r\u00e9pression antimigrants de <a href=\"https:\/\/www.20minutes.fr\/dossier\/donald_trump\" target=\"_blank\" class=\"color-ultramarine c-link\" rel=\"nofollow noopener\">Donald Trump<\/a>. Fid\u00e8le parmi les fid\u00e8les du pr\u00e9sident am\u00e9ricain, Stephen Miller consid\u00e8re que les manifestations de Los Angeles ne sont rien moins que la ligne de front d\u2019une guerre destin\u00e9e \u00e0 \u00ab\u00a0prot\u00e9ger la civilisation elle-m\u00eame\u00a0\u00bb.<\/p>\n<p>Conseiller extr\u00e9miste ultra-puissant pour les questions de lutte contre l\u2019<a href=\"https:\/\/www.20minutes.fr\/dossier\/immigration\" target=\"_blank\" class=\"color-ultramarine c-link\" rel=\"nofollow noopener\">immigration<\/a>, il est \u00e0 39 ans une pi\u00e8ce ma\u00eetresse du programme de Donald Trump. Il sort d\u2019ailleurs r\u00e9guli\u00e8rement de la Maison-Blanche pour surench\u00e9rir devant les cam\u00e9ras sur les commentaires du dirigeant am\u00e9ricain, s\u2019en prenant souvent aux journalistes.<\/p>\n<p>Des propos en ligne avec la droite radicale<\/p>\n<p>Toujours v\u00eatu d\u2019\u00e9l\u00e9gants costumes, ses propos font \u00e9cho aux discours de la droite radicale sur un d\u00e9clin suppos\u00e9 de l\u2019Occident face \u00e0 \u00ab\u00a0l\u2019invasion\u00a0\u00bb de migrants. Pour lui, le sujet est existentiel. Et quand Donald Trump cherche \u00e0 \u00e9tendre le pouvoir ex\u00e9cutif jusqu\u2019\u00e0 des limites inusit\u00e9es, y compris en se servant de lois d\u2019exception pour expulser des migrants, on devine son influence.<\/p>\n<\/p>\n<p>Le directeur adjoint de cabinet pour la strat\u00e9gie politique et conseiller \u00e0 la s\u00e9curit\u00e9 int\u00e9rieure, est \u00e9galement en premi\u00e8re ligne s\u2019agissant de l\u2019application des politiques de Donald Trump. D\u2019apr\u00e8s le Wall Street Journal, c\u2019est lui qui en mai a donn\u00e9 l\u2019ordre \u00e0 ICE, la police de l\u2019immigration, de redoubler d\u2019efforts lorsque le nombre d\u2019expulsions quotidiennes s\u2019est r\u00e9v\u00e9l\u00e9 inf\u00e9rieur \u00e0 celui recens\u00e9 l\u2019ann\u00e9e derni\u00e8re sous <a href=\"https:\/\/www.20minutes.fr\/dossier\/joe_biden\" target=\"_blank\" class=\"color-ultramarine c-link\" rel=\"nofollow noopener\">Joe Biden<\/a>.<\/p>\n<p>A <a href=\"https:\/\/www.20minutes.fr\/dossier\/los_angeles\" target=\"_blank\" class=\"color-ultramarine c-link\" rel=\"nofollow noopener\">Los Angeles<\/a>, cet ordre a d\u00e9bouch\u00e9 sur une descente d\u2019ICE dans un magasin de bricolage qui a d\u00e9clench\u00e9 des heurts entre manifestants et forces de l\u2019ordre et in fine, sur la d\u00e9cision de Donald Trump de d\u00e9ployer des militaires contre l\u2019avis du gouverneur d\u00e9mocrate de Californie Gavin Newsom. Depuis, le conseiller, qui a grandi \u00e0 Santa Monica, dans le comt\u00e9 de Los Angeles, d\u00e9fend avec force la d\u00e9cision du pr\u00e9sident face \u00e0 ceux qui l\u2019accusent d\u2019autoritarisme.<\/p>\n<p>Sa route croise celle de Steve Bannon<\/p>\n<p>N\u00e9 en Californie dans une famille juive, de parents ayant fr\u00e9quent\u00e9 les meilleures universit\u00e9s, le conseiller avait plut\u00f4t le profil d\u2019un futur \u00e9lecteur d\u00e9mocrate. Mais d\u00e8s le lyc\u00e9e, puis \u00e0 l\u2019universit\u00e9 de Duke, en Caroline du Nord, il d\u00e9fend, avec force provocations, les id\u00e9es de la droite radicale.<\/p>\n<p>David Horowitz, un influent id\u00e9ologue conservateur, lui offre son ticket d\u2019entr\u00e9e dans les cercles ultra-conservateurs, o\u00f9 il croise Steve Bannon et Tucker Carlson avant de rejoindre, \u00e0 30 ans, la premi\u00e8re campagne de Donald Trump.<\/p>\n<p>Sous Trump II, il fait part de sa vision radicale des choses en d\u00e9fendant la m\u00e9ga loi budg\u00e9taire qui comprend des mesures antimigrants. \u00ab\u00a0Nous allons discuter de ces sujets au milieu des ruines de l\u2019Occident si nous ne contr\u00f4lons pas les migrations\u00a0\u00bb, \u00e9crit celui que l\u2019entourage de Gavin Newsom appelle \u00ab\u00a0Voldemort\u00a0\u00bb, du nom d\u2019un personnage mal\u00e9fique de la s\u00e9rie des Harry Potter.<\/p>\n<p>Une omnipr\u00e9sence sous Trump II<\/p>\n<p>Pendant le premier mandat de Trump (2017-2021), les id\u00e9es de Stephen Miller semblaient un peu marginales. Il fut tout de m\u00eame un architecte du \u00ab\u00a0Muslim ban\u00a0\u00bb, ces restrictions \u00e0 l\u2019entr\u00e9e sur le territoire inflig\u00e9es aux ressortissants de pays majoritairement musulmans, qui se sont ensuite heurt\u00e9es \u00e0 la justice. Le conseiller avait en outre soutenu sans r\u00e9serves son patron lorsque des manifestants pro-Trump avaient pris d\u2019assaut le Capitole le 6\u00a0janvier 2021 pour tenter d\u2019emp\u00eacher la certification de la victoire de Joe Biden.<\/p>\n<p><a href=\"https:\/\/www.20minutes.fr\/monde\/etats-unis\/\" target=\"_blank\" class=\"c-link c-btn c-btn--primary\" rel=\"nofollow noopener\">Notre dossier sur les Etats-Unis<\/a><\/p>\n<p>Aujourd\u2019hui, ses id\u00e9es sont partout \u00e0 Washington. Seul accroc, Stephen Miller et sa femme Katie se sont retrouv\u00e9s dans des camps oppos\u00e9s lors du conflit entre <a href=\"https:\/\/www.20minutes.fr\/monde\/4158047-20250611-etats-unis-donald-trump-dit-reconnaissant-apres-excuses-elon-musk\" target=\"_blank\" class=\"color-ultramarine c-link\" rel=\"nofollow noopener\">Donald Trump et Elon Musk<\/a>, l\u2019\u00e9pouse s\u2019appr\u00eatant selon la presse \u00e0 travailler pour l\u2019une des entreprises de l\u2019homme le plus riche du monde apr\u00e8s avoir \u00e9t\u00e9 sa conseill\u00e8re.<\/p>\n","protected":false},"excerpt":{"rendered":"Aux Etats-Unis, c\u2019est le visage de la r\u00e9pression antimigrants de Donald Trump. Fid\u00e8le parmi les fid\u00e8les du pr\u00e9sident&hellip;\n","protected":false},"author":2,"featured_media":169979,"comment_status":"","ping_status":"","sticky":false,"template":"","format":"standard","meta":{"footnotes":""},"categories":[5],"tags":[47,11,2139,75,10643,73,1011,27,1061,14,6116,74,12,133,7501,28],"class_list":{"0":"post-169978","1":"post","2":"type-post","3":"status-publish","4":"format-standard","5":"has-post-thumbnail","7":"category-international","8":"tag-actualite","9":"tag-actualites","10":"tag-californie","11":"tag-donald-trump","12":"tag-emeutes","13":"tag-etats-unis","14":"tag-fr","15":"tag-france","16":"tag-immigration","17":"tag-international","18":"tag-los-angeles","19":"tag-monde","20":"tag-news","21":"tag-video","22":"tag-violences-urbaines","23":"tag-world"},"share_on_mastodon":{"url":"https:\/\/pubeurope.com\/@fr\/114668643569367943","error":""},"_links":{"self":[{"href":"https:\/\/www.europesays.com\/fr\/wp-json\/wp\/v2\/posts\/169978","targetHints":{"allow":["GET"]}}],"collection":[{"href":"https:\/\/www.europesays.com\/fr\/wp-json\/wp\/v2\/posts"}],"about":[{"href":"https:\/\/www.europesays.com\/fr\/wp-json\/wp\/v2\/types\/post"}],"author":[{"embeddable":true,"href":"https:\/\/www.europesays.com\/fr\/wp-json\/wp\/v2\/users\/2"}],"replies":[{"embeddable":true,"href":"https:\/\/www.europesays.com\/fr\/wp-json\/wp\/v2\/comments?post=169978"}],"version-history":[{"count":0,"href":"https:\/\/www.europesays.com\/fr\/wp-json\/wp\/v2\/posts\/169978\/revisions"}],"wp:featuredmedia":[{"embeddable":true,"href":"https:\/\/www.europesays.com\/fr\/wp-json\/wp\/v2\/media\/169979"}],"wp:attachment":[{"href":"https:\/\/www.europesays.com\/fr\/wp-json\/wp\/v2\/media?parent=169978"}],"wp:term":[{"taxonomy":"category","embeddable":true,"href":"https:\/\/www.europesays.com\/fr\/wp-json\/wp\/v2\/categories?post=169978"},{"taxonomy":"post_tag","embeddable":true,"href":"https:\/\/www.europesays.com\/fr\/wp-json\/wp\/v2\/tags?post=169978"}],"curies":[{"name":"wp","href":"https:\/\/api.w.org\/{rel}","templated":true}]}}