{"id":169980,"date":"2025-06-12T05:03:09","date_gmt":"2025-06-12T05:03:09","guid":{"rendered":"https:\/\/www.europesays.com\/fr\/169980\/"},"modified":"2025-06-12T05:03:09","modified_gmt":"2025-06-12T05:03:09","slug":"trous-de-memoire-et-deni-aux-premiers-jours-du-proces-afo-liberation","status":"publish","type":"post","link":"https:\/\/www.europesays.com\/fr\/169980\/","title":{"rendered":"trous de m\u00e9moire et d\u00e9ni aux premiers jours du proc\u00e8s AFO \u2013 Lib\u00e9ration"},"content":{"rendered":"<p class=\"sc-ksZaOG ehjQrN text-element\">\u00abJ\u2019ai compris maintenant.\u00bb Lorsque Philippe C., taille moyenne, costume, fines lunettes et calvitie avanc\u00e9e mal camoufl\u00e9e, le premier des pr\u00e9venus \u00e0 passer \u00e0 la barre ce mercredi dans le dossier AFO, lance ces mots, le proc\u00e8s de ce groupe d\u2019extr\u00eame droite terroriste pr\u00e9sum\u00e9 \u2013 l\u2019organisation clandestine avait, en 2018, <a href=\"https:\/\/www.liberation.fr\/france\/2018\/06\/25\/qui-se-cache-derriere-l-afo-le-groupuscule-d-extreme-droite-qui-prevoyait-de-s-en-prendre-a-des-musu_1661843\/\" target=\"_blank\" rel=\"nofollow noopener\" title=\"https:\/\/www.liberation.fr\/france\/2018\/06\/25\/qui-se-cache-derriere-l-afo-le-groupuscule-d-extreme-droite-qui-prevoyait-de-s-en-prendre-a-des-musu_1661843\/\">projet\u00e9 des actions violentes contre la communaut\u00e9 musulmane<\/a> \u2013 semble prendre le chemin d\u2019un grand d\u00e9ballage. Celui du repentir de t\u00eates d\u00e9sormais chenues qui r\u00e9alisent qu\u2019elles ont franchi la ligne rouge il y a huit ans de cela, entre 2017 et 2018. Une p\u00e9riode que l\u2019int\u00e9ress\u00e9 d\u00e9crit comme \u00abpas facile, d\u2019attentats \u00e0 n\u2019en pas finir\u00bb qui l\u2019a convaincu, dit-il, qu\u2019une \u00abguerre civile\u00bb \u00e9tait imminente. Celle des \u00abFran\u00e7ais\u00bb contre les musulmans. Alors ses comparses et lui s\u2019y sont \u00abpr\u00e9par\u00e9s\u00bb, constituant une cellule clandestine destin\u00e9e \u00e0 agir, accumulant des armes et des explosifs pour \u00eatre pr\u00eats en cas de nouvel attentat.<\/p>\n<p class=\"sc-ksZaOG ehjQrN text-element\">De grand d\u00e9ballage, il n\u2019en est rien \u00e0 ce stade. Si le d\u00e9sormais sexag\u00e9naire, 54 ans et adjoint du chef de la cellule \u00cele-de-France du groupe au moment des faits, a a<\/p>\n","protected":false},"excerpt":{"rendered":"\u00abJ\u2019ai compris maintenant.\u00bb Lorsque Philippe C., taille moyenne, costume, fines lunettes et calvitie avanc\u00e9e mal camoufl\u00e9e, le premier&hellip;\n","protected":false},"author":2,"featured_media":169981,"comment_status":"","ping_status":"","sticky":false,"template":"","format":"standard","meta":{"footnotes":""},"categories":[4],"tags":[11,1076,1011,27,12,25,1254],"class_list":{"0":"post-169980","1":"post","2":"type-post","3":"status-publish","4":"format-standard","5":"has-post-thumbnail","7":"category-france","8":"tag-actualites","9":"tag-extreme-droite","10":"tag-fr","11":"tag-france","12":"tag-news","13":"tag-republique-francaise","14":"tag-terrorisme"},"share_on_mastodon":{"url":"https:\/\/pubeurope.com\/@fr\/114668647423272124","error":""},"_links":{"self":[{"href":"https:\/\/www.europesays.com\/fr\/wp-json\/wp\/v2\/posts\/169980","targetHints":{"allow":["GET"]}}],"collection":[{"href":"https:\/\/www.europesays.com\/fr\/wp-json\/wp\/v2\/posts"}],"about":[{"href":"https:\/\/www.europesays.com\/fr\/wp-json\/wp\/v2\/types\/post"}],"author":[{"embeddable":true,"href":"https:\/\/www.europesays.com\/fr\/wp-json\/wp\/v2\/users\/2"}],"replies":[{"embeddable":true,"href":"https:\/\/www.europesays.com\/fr\/wp-json\/wp\/v2\/comments?post=169980"}],"version-history":[{"count":0,"href":"https:\/\/www.europesays.com\/fr\/wp-json\/wp\/v2\/posts\/169980\/revisions"}],"wp:featuredmedia":[{"embeddable":true,"href":"https:\/\/www.europesays.com\/fr\/wp-json\/wp\/v2\/media\/169981"}],"wp:attachment":[{"href":"https:\/\/www.europesays.com\/fr\/wp-json\/wp\/v2\/media?parent=169980"}],"wp:term":[{"taxonomy":"category","embeddable":true,"href":"https:\/\/www.europesays.com\/fr\/wp-json\/wp\/v2\/categories?post=169980"},{"taxonomy":"post_tag","embeddable":true,"href":"https:\/\/www.europesays.com\/fr\/wp-json\/wp\/v2\/tags?post=169980"}],"curies":[{"name":"wp","href":"https:\/\/api.w.org\/{rel}","templated":true}]}}