{"id":169992,"date":"2025-06-12T05:09:12","date_gmt":"2025-06-12T05:09:12","guid":{"rendered":"https:\/\/www.europesays.com\/fr\/169992\/"},"modified":"2025-06-12T05:09:12","modified_gmt":"2025-06-12T05:09:12","slug":"toulon-le-musee-national-de-la-marin-fait-voyager-son-neptune","status":"publish","type":"post","link":"https:\/\/www.europesays.com\/fr\/169992\/","title":{"rendered":"Toulon. Le Mus\u00e9e national de la marin fait voyager son Neptune&#8230;"},"content":{"rendered":"<p><img decoding=\"async\" src=\"https:\/\/www.europesays.com\/fr\/wp-content\/uploads\/2025\/06\/toulon-1.jpg\" title=\"\" alt=\"\"\/><br \/>&#8211; Neptune (1818) \u00a9 mus\u00e9e national de la Marine\/R. Osi &#8211;<\/p>\n<p>Ce d\u00e9part est l&rsquo;occasion pour le mus\u00e9e de faire revenir de ses r\u00e9serves un autre chef-d&rsquo;\u0153uvre de la sculpture navale\u00a0: un buste de femme \u00e0 l&rsquo;antique, figure de proue de la fr\u00e9gate la Sibylle, lanc\u00e9e \u00e0 Toulon en 1847. En parall\u00e8le de ces op\u00e9rations, des mouvements d&rsquo;\u0153uvres auront lieu dans le parcours permanent du mus\u00e9e. Une vingtaine d&rsquo;outils de navigations, pr\u00e9sent\u00e9s dans la vitrine \u00ab\u00a0Se rep\u00e9rer en mer\u00a0\u00bb, seront sortis pour \u00eatre restaur\u00e9s dans l&rsquo;atelier de restauration du mus\u00e9e en Seine-Saint-Denis. Dans quelques mois, les visiteurs d\u00e9couvriront ainsi ces objets sous un nouveau jour ainsi que des pi\u00e8ces sorties des r\u00e9serves, dans une vitrine totalement renouvel\u00e9e.<\/p>\n<p>La d\u00e9coration navale est \u00e0 bien des \u00e9gards un outil de propagande utilis\u00e9 par la royaut\u00e9. \u00c0 cette fin, les figures de proue et les ornements des navires s\u2019inspirent, d\u00e8s le r\u00e8gne de Louis XIV (1638-1715), de l\u2019\u00e9poque antique. Plus tard, sous le Consulat et l\u2019Empire (1799-1815), la grande majorit\u00e9 des navires de guerre arborent \u00e0 l\u2019avant un aigle, symbole se r\u00e9f\u00e9rant \u00e0 la Rome imp\u00e9riale, tandis que d\u2019autres trouvent leurs noms dans la mythologie romaine.<\/p>\n<p>C\u2019est le cas, par exemple, de la figure de proue du Neptune, vaisseau de 80 canons, construit en 1810 \u00e0 Lorient. Lors de son d\u00e9sarmement \u00e0 Toulon, en 1868, le buste de Neptune est recueilli par les ouvriers de l\u2019atelier de sculpture de l\u2019arsenal et rejoint le mus\u00e9e de la Marine ouvert en 1814 dans l\u2019arsenal. Les bombardements de Toulon de 1944 endommagent cette impressionnante figure. Alors que le buste est enti\u00e8rement sculpt\u00e9 dans du pitchpin, bois r\u00e9sineux tr\u00e8s pris\u00e9 en construction navale, l\u2019essence d\u2019orme a \u00e9t\u00e9 utilis\u00e9e pour sa restauration, visible sur la m\u00e9diane du torse et des pectoraux.<\/p>\n<p>Ce Neptune est l\u2019un des derniers et rares vestiges du savoir-faire des ateliers de sculpture des arsenaux, annon\u00e7ant la standardisation des figures de proue en buste \u00e0 partir de 1829, avant leur disparition totale dans les ann\u00e9es 1850 &#8211; cons\u00e9quence de la profonde mutation de la construction navale dans le monde.<\/p>\n<p><img decoding=\"async\" src=\"https:\/\/www.europesays.com\/fr\/wp-content\/uploads\/2025\/06\/toulon-2.jpg\" title=\"\" alt=\"\"\/><br \/>&#8211; Figure de proue de la Sybille \u00a9 mus\u00e9e national de la Marine\/R. Osi &#8211;<\/p>\n","protected":false},"excerpt":{"rendered":"&#8211; Neptune (1818) \u00a9 mus\u00e9e national de la Marine\/R. Osi &#8211; Ce d\u00e9part est l&rsquo;occasion pour le mus\u00e9e&hellip;\n","protected":false},"author":2,"featured_media":169993,"comment_status":"","ping_status":"","sticky":false,"template":"","format":"standard","meta":{"footnotes":""},"categories":[9619],"tags":[1111,47,11,1777,674,1011,27,1110,1031,12,882,25,2310],"class_list":{"0":"post-169992","1":"post","2":"type-post","3":"status-publish","4":"format-standard","5":"has-post-thumbnail","7":"category-toulon","8":"tag-actu","9":"tag-actualite","10":"tag-actualites","11":"tag-eu","12":"tag-europe","13":"tag-fr","14":"tag-france","15":"tag-informations","16":"tag-magazine","17":"tag-news","18":"tag-provence-alpes-cote-dazur","19":"tag-republique-francaise","20":"tag-toulon"},"share_on_mastodon":{"url":"https:\/\/pubeurope.com\/@fr\/114668671114971920","error":""},"_links":{"self":[{"href":"https:\/\/www.europesays.com\/fr\/wp-json\/wp\/v2\/posts\/169992","targetHints":{"allow":["GET"]}}],"collection":[{"href":"https:\/\/www.europesays.com\/fr\/wp-json\/wp\/v2\/posts"}],"about":[{"href":"https:\/\/www.europesays.com\/fr\/wp-json\/wp\/v2\/types\/post"}],"author":[{"embeddable":true,"href":"https:\/\/www.europesays.com\/fr\/wp-json\/wp\/v2\/users\/2"}],"replies":[{"embeddable":true,"href":"https:\/\/www.europesays.com\/fr\/wp-json\/wp\/v2\/comments?post=169992"}],"version-history":[{"count":0,"href":"https:\/\/www.europesays.com\/fr\/wp-json\/wp\/v2\/posts\/169992\/revisions"}],"wp:featuredmedia":[{"embeddable":true,"href":"https:\/\/www.europesays.com\/fr\/wp-json\/wp\/v2\/media\/169993"}],"wp:attachment":[{"href":"https:\/\/www.europesays.com\/fr\/wp-json\/wp\/v2\/media?parent=169992"}],"wp:term":[{"taxonomy":"category","embeddable":true,"href":"https:\/\/www.europesays.com\/fr\/wp-json\/wp\/v2\/categories?post=169992"},{"taxonomy":"post_tag","embeddable":true,"href":"https:\/\/www.europesays.com\/fr\/wp-json\/wp\/v2\/tags?post=169992"}],"curies":[{"name":"wp","href":"https:\/\/api.w.org\/{rel}","templated":true}]}}