{"id":169998,"date":"2025-06-12T05:12:14","date_gmt":"2025-06-12T05:12:14","guid":{"rendered":"https:\/\/www.europesays.com\/fr\/169998\/"},"modified":"2025-06-12T05:12:14","modified_gmt":"2025-06-12T05:12:14","slug":"le-conseiller-sportif-de-lol-daniel-congre-nie-une-tentative-de-suicide-et-rassure-sur-sa-sante","status":"publish","type":"post","link":"https:\/\/www.europesays.com\/fr\/169998\/","title":{"rendered":"Le conseiller sportif de l\u2019OL Daniel Congr\u00e9 nie une tentative de suicide et rassure sur sa sant\u00e9"},"content":{"rendered":"<p><strong>Mise au point &#8211; L\u2019ancien d\u00e9fenseur de Toulouse et de Montpellier a donn\u00e9 de ses nouvelles mercredi soir, deux jours apr\u00e8s avoir \u00e9t\u00e9 victime d\u2019un coup de couteau \u00e0 son domicile de P\u00e9rols (H\u00e9rault). Il s\u2019agissait d\u2019un \u00ab\u00a0accident domestique\u00a0\u00bb, assure Daniel Congr\u00e9<\/strong><\/p>\n<p>Hospitalis\u00e9 dans un \u00e9tat grave, lundi soir au CHU de <a href=\"https:\/\/www.20minutes.fr\/montpellier\/?at_medium=RSS%20feed&amp;at_campaign=ynews&amp;utm_source=yahoo&amp;utm_medium=rss&amp;utm_campaign=news_feed&amp;utm_content=in_article_link\" rel=\"nofollow noopener\" target=\"_blank\" data-ylk=\"slk:Montpellier;elm:context_link;itc:0;sec:content-canvas\" class=\"link \">Montpellier<\/a>, Daniel Congr\u00e9 va mieux. Dans un communiqu\u00e9 qu\u2019il a transmis mercredi soir \u00e0 <a href=\"https:\/\/www.lequipe.fr\/Football\/Actualites\/Daniel-congre-refute-la-tentative-de-suicide-et-assure-avoir-ete-victime-d-un-accident-domestique\/1569435?at_medium=RSS%20feed&amp;at_campaign=ynews&amp;utm_source=yahoo&amp;utm_medium=rss&amp;utm_campaign=news_feed&amp;utm_content=in_article_link\" rel=\"nofollow noopener\" target=\"_blank\" data-ylk=\"slk:L\u2019Equipe;elm:context_link;itc:0;sec:content-canvas\" class=\"link \">L\u2019Equipe<\/a>, l\u2019ancien footballeur professionnel de Toulouse et du <a href=\"https:\/\/www.20minutes.fr\/sport\/mhsc\/?at_medium=RSS%20feed&amp;at_campaign=ynews&amp;utm_source=yahoo&amp;utm_medium=rss&amp;utm_campaign=news_feed&amp;utm_content=in_article_link\" rel=\"nofollow noopener\" target=\"_blank\" data-ylk=\"slk:MHSC;elm:context_link;itc:0;sec:content-canvas\" class=\"link \">MHSC<\/a> a en effet tenu \u00e0 \u00ab\u00a0rassurer\u00a0\u00bb tout le monde quant \u00e0 sa sant\u00e9.<\/p>\n<p>Victime d\u2019une <a href=\"https:\/\/www.20minutes.fr\/faits_divers\/faits-divers-montpellier\/4157719-20250610-montpellier-ancien-joueur-mhsc-retrouve-poignarde-domicile?at_medium=RSS%20feed&amp;at_campaign=ynews&amp;utm_source=yahoo&amp;utm_medium=rss&amp;utm_campaign=news_feed&amp;utm_content=in_article_link\" rel=\"nofollow noopener\" target=\"_blank\" data-ylk=\"slk:blessure au couteau dans le thorax;elm:context_link;itc:0;sec:content-canvas\" class=\"link \">blessure au couteau dans le thorax<\/a>, alors qu\u2019il se trouvait \u00e0 son domicile de P\u00e9rols (H\u00e9rault), l\u2019ex-d\u00e9fenseur de 40 ans est \u00e0 pr\u00e9sent dans un \u00e9tat stable et il s\u2019appr\u00eate \u00e0 quitter l\u2019h\u00f4pital. Celui-ci a tenu \u00e0 donner sa version de cette affaire fortement m\u00e9diatis\u00e9e mardi, notamment car<a href=\"https:\/\/www.20minutes.fr\/faits_divers\/faits-divers-montpellier\/4157719-20250610-montpellier-ancien-joueur-mhsc-retrouve-poignarde-domicile?at_medium=RSS%20feed&amp;at_campaign=ynews&amp;utm_source=yahoo&amp;utm_medium=rss&amp;utm_campaign=news_feed&amp;utm_content=in_article_link\" rel=\"nofollow noopener\" target=\"_blank\" data-ylk=\"slk:Le Parisien;elm:context_link;itc:0;sec:content-canvas\" class=\"link \"> Le Parisien<\/a> assurait avoir \u00e9t\u00e9 inform\u00e9 par le parquet de Montpellier qu\u2019il s\u2019agissait d\u2019une \u00ab\u00a0tentative de suicide\u00a0\u00bb.<\/p>\n<p>\u00ab\u00a0Je n\u2019imaginais pas que \u00e7a prenne ces proportions\u00a0\u00bb<\/p>\n<p>\u00ab\u00a0Je veux r\u00e9tablir les faits de mani\u00e8re ferme et pr\u00e9cise, afin de couper court \u00e0 un certain nombre de fausses rumeurs, indique Daniel Congr\u00e9. J\u2019ai \u00e9t\u00e9 victime d\u2019un accident domestique, survenu alors que j\u2019\u00e9tais en famille. Cela aurait pu \u00eatre plus s\u00e9rieux mais c\u2019est heureusement sans cons\u00e9quence.\u00a0\u00bb <a href=\"https:\/\/www.20minutes.fr\/sport\/football\/ligue-1\/4109776-20241020-ol-pourquoi-john-textor-mise-daniel-congre-role-coordinateur-sportif?at_medium=RSS%20feed&amp;at_campaign=ynews&amp;utm_source=yahoo&amp;utm_medium=rss&amp;utm_campaign=news_feed&amp;utm_content=in_article_link\" rel=\"nofollow noopener\" target=\"_blank\" data-ylk=\"slk:Le coordinateur sportif de l\u2019OL;elm:context_link;itc:0;sec:content-canvas\" class=\"link \">Le coordinateur sportif de l\u2019OL<\/a>, en poste depuis octobre au sein du club lyonnais, nie donc fermement cette version de la \u00ab\u00a0tentative de suicide\u00a0\u00bb.<\/p>\n<p><a href=\"https:\/\/www.20minutes.fr\/sport\/ol\/\" rel=\"nofollow noopener\" target=\"_blank\" data-ylk=\"slk:Notre dossier sur l&#039;OL;elm:context_link;itc:0;sec:content-canvas\" class=\"link \">Notre dossier sur l&rsquo;OL<\/a><\/p>\n<p>\u00ab\u00a0Je n\u2019imaginais pas que cet \u00e9v\u00e9nement prenne ces proportions, pr\u00e9cise-t-il. Sur le plan de ma sant\u00e9, d\u2019abord. Sur le plan m\u00e9diatique, ensuite. Cet \u00e9pisode ne sera bient\u00f4t plus qu\u2019un lointain et mauvais souvenir pour mes proches et moi-m\u00eame.\u00a0\u00bb Apr\u00e8s une p\u00e9riode de convalescence \u00e0 la maison, celui qui s(&#8230;)<\/p>\n<p><a href=\"https:\/\/www.20minutes.fr\/sport\/football\/4158079-20250612-montpellier-conseiller-sportif-ol-daniel-congre-nie-tentative-suicide-rassure-sante?at_medium=RSS%20feed&amp;at_campaign=ynews&amp;utm_source=yahoo&amp;utm_medium=rss&amp;utm_campaign=news_feed&amp;utm_content=read_more_link&quot;\" rel=\"nofollow noopener\" target=\"_blank\" data-ylk=\"slk:Lire la suite sur 20minutes;elm:context_link;itc:0;sec:content-canvas\" class=\"link \">Lire la suite sur 20minutes<\/a><\/p>\n<p>\u00c0 lire aussi :<br \/><a href=\"https:\/\/www.20minutes.fr\/faits_divers\/faits-divers-montpellier\/4157719-20250610-montpellier-ancien-joueur-mhsc-retrouve-poignarde-domicile?at_medium=RSS%20feed&amp;at_campaign=ynews&amp;utm_source=yahoo&amp;utm_medium=rss&amp;utm_campaign=news_feed&amp;utm_content=related_content_link\" rel=\"nofollow noopener\" target=\"_blank\" data-ylk=\"slk:Montpellier\u00a0: Ancien joueur du MHSC, Daniel Congr\u00e9 retrouv\u00e9 poignard\u00e9 \u00e0 son domicile;elm:context_link;itc:0;sec:content-canvas\" class=\"link \">Montpellier\u00a0: Ancien joueur du MHSC, Daniel Congr\u00e9 retrouv\u00e9 poignard\u00e9 \u00e0 son domicile<\/a><br \/><a href=\"https:\/\/www.20minutes.fr\/sport\/football\/ligue-1\/4109776-20241020-ol-pourquoi-john-textor-mise-daniel-congre-role-coordinateur-sportif?at_medium=RSS%20feed&amp;at_campaign=ynews&amp;utm_source=yahoo&amp;utm_medium=rss&amp;utm_campaign=news_feed&amp;utm_content=related_content_link\" rel=\"nofollow noopener\" target=\"_blank\" data-ylk=\"slk:OL\u00a0: Pourquoi John Textor mise-t-il sur Daniel Congr\u00e9 dans un r\u00f4le de coordinateur sportif\u00a0?;elm:context_link;itc:0;sec:content-canvas\" class=\"link \">OL\u00a0: Pourquoi John Textor mise-t-il sur Daniel Congr\u00e9 dans un r\u00f4le de coordinateur sportif\u00a0?<\/a><\/p>\n","protected":false},"excerpt":{"rendered":"Mise au point &#8211; L\u2019ancien d\u00e9fenseur de Toulouse et de Montpellier a donn\u00e9 de ses nouvelles mercredi soir,&hellip;\n","protected":false},"author":2,"featured_media":169999,"comment_status":"","ping_status":"","sticky":false,"template":"","format":"standard","meta":{"footnotes":""},"categories":[9599],"tags":[30445,1111,11,7623,30444,1777,674,1011,27,2208,12,2680,23537,25,22128,2312],"class_list":{"0":"post-169998","1":"post","2":"type-post","3":"status-publish","4":"format-standard","5":"has-post-thumbnail","7":"category-montpellier","8":"tag-accident-domestique","9":"tag-actu","10":"tag-actualites","11":"tag-coup-de-couteau","12":"tag-daniel-congre","13":"tag-eu","14":"tag-europe","15":"tag-fr","16":"tag-france","17":"tag-montpellier","18":"tag-news","19":"tag-occitanie","20":"tag-perols","21":"tag-republique-francaise","22":"tag-tentative-de-suicide","23":"tag-toulouse"},"share_on_mastodon":{"url":"https:\/\/pubeurope.com\/@fr\/114668682955975376","error":""},"_links":{"self":[{"href":"https:\/\/www.europesays.com\/fr\/wp-json\/wp\/v2\/posts\/169998","targetHints":{"allow":["GET"]}}],"collection":[{"href":"https:\/\/www.europesays.com\/fr\/wp-json\/wp\/v2\/posts"}],"about":[{"href":"https:\/\/www.europesays.com\/fr\/wp-json\/wp\/v2\/types\/post"}],"author":[{"embeddable":true,"href":"https:\/\/www.europesays.com\/fr\/wp-json\/wp\/v2\/users\/2"}],"replies":[{"embeddable":true,"href":"https:\/\/www.europesays.com\/fr\/wp-json\/wp\/v2\/comments?post=169998"}],"version-history":[{"count":0,"href":"https:\/\/www.europesays.com\/fr\/wp-json\/wp\/v2\/posts\/169998\/revisions"}],"wp:featuredmedia":[{"embeddable":true,"href":"https:\/\/www.europesays.com\/fr\/wp-json\/wp\/v2\/media\/169999"}],"wp:attachment":[{"href":"https:\/\/www.europesays.com\/fr\/wp-json\/wp\/v2\/media?parent=169998"}],"wp:term":[{"taxonomy":"category","embeddable":true,"href":"https:\/\/www.europesays.com\/fr\/wp-json\/wp\/v2\/categories?post=169998"},{"taxonomy":"post_tag","embeddable":true,"href":"https:\/\/www.europesays.com\/fr\/wp-json\/wp\/v2\/tags?post=169998"}],"curies":[{"name":"wp","href":"https:\/\/api.w.org\/{rel}","templated":true}]}}