{"id":170000,"date":"2025-06-12T05:13:12","date_gmt":"2025-06-12T05:13:12","guid":{"rendered":"https:\/\/www.europesays.com\/fr\/170000\/"},"modified":"2025-06-12T05:13:12","modified_gmt":"2025-06-12T05:13:12","slug":"ophtalmo-cardiologue-dentiste-une-quinzaine-de-specialistes-de-la-sante-sinstallent-a-rouen","status":"publish","type":"post","link":"https:\/\/www.europesays.com\/fr\/170000\/","title":{"rendered":"Ophtalmo, cardiologue, dentiste&#8230; Une quinzaine de sp\u00e9cialistes de la sant\u00e9 s&rsquo;installent \u00e0 Rouen"},"content":{"rendered":"<p>            Par<br \/>\n        <strong><br \/>\n            <a href=\"https:\/\/actu.fr\/auteur\/jessie-leclerc\" title=\"Consulter tous les articles de Jessie Leclerc\" target=\"_blank\" rel=\"noopener\">Jessie Leclerc<\/a><br \/>\n        <\/strong><\/p>\n<p>        Publi\u00e9 le<\/p>\n<p>            12 juin 2025 \u00e0 6h50        <\/p>\n<p><strong>Bonne nouvelle<\/strong> pour les habitants de <a href=\"https:\/\/actu.fr\/normandie\/rouen_76540\" target=\"_blank\" rel=\"noopener\">Rouen (Seine-Maritime)<\/a> ! Alors que la p\u00e9nurie de m\u00e9decins frappe de nombreuses r\u00e9gions en France, la capitale normande pourrait bien <strong>faire figure d\u2019exception<\/strong>. Sur le boulevard de l\u2019Europe, rive gauche, un nouveau p\u00f4le m\u00e9dical baptis\u00e9 \u00ab\u2009Les Consultations de l\u2019Europe\u2009\u00bb, vient de voir le jour. La maison m\u00e9dicale du sport s\u2019y installe \u00e9galement. Le site ouvre tr\u00e8s prochainement.<\/p>\n<p>Une quinzaine de sp\u00e9cialistes<\/p>\n<p class=\" wall-content\">Le projet est ambitieux, \u00ab\u2009de l\u2019ordre de <strong>13\u00a0millions d\u2019euros<\/strong>\u2009\u00bb, confie Matthieu Leize, directeur du d\u00e9veloppement immobilier pour Legendre Grand Ouest, le porteur de projet.<\/p>\n<p class=\" wall-content\">La surface de 5\u2009000\u00a0m2 r\u00e9partie sur cinq niveaux va accueillir<strong> une quinzaine de sp\u00e9cialistes de domaines vari\u00e9s<\/strong>, avec une grosse part d\u00e9di\u00e9e \u00e0 la<strong> m\u00e9decine sportive<\/strong>. Et pour cause, la Maison M\u00e9dicale du Sport (MMS) de Rouen, actuellement install\u00e9e au 28 rue M\u00e9ridienne, y d\u00e9m\u00e9nage.<\/p>\n<p class=\" wall-content\">Au-del\u00e0 de cette branche tourn\u00e9e <a href=\"https:\/\/actu.fr\/normandie\/rouen_76540\/le-champion-alexis-hanquinquant-apporte-joie-et-energie-aux-jeunes-patients-du-chu-de-rouen_61712105.html\" target=\"_blank\" rel=\"noopener\">vers le sport<\/a>, le b\u00e2timent r\u00e9unit de nombreux professionnels, <strong>parfois rares sur le secteur\u2009<\/strong>: cardiologie, ophtalmologie, anesth\u00e9siste, orthop\u00e9die, urologie, angiologie, ost\u00e9opathie, chirurgie dentaire.<\/p>\n<p class=\" wall-content\">Ce<strong> large \u00e9ventail<\/strong> permet de r\u00e9pondre aux besoins croissants du territoire, dans un contexte dans lequel les d\u00e9lais d\u2019attente pour une consultation chez un sp\u00e9cialiste <a href=\"https:\/\/actu.fr\/societe\/medecin-generaliste-cardiologue-orl-voici-les-delais-pour-obtenir-un-rendez-vous-et-ils-explosent_60837929.html\" target=\"_blank\" rel=\"noopener\">explosent partout en France<\/a>.<\/p>\n<p>Les m\u00e9decins sont propri\u00e9taires des lieux<\/p>\n<p class=\" wall-content\">R\u00e9alis\u00e9 dans le cadre d\u2019une Vente en l\u2019\u00c9tat Futur d\u2019Ach\u00e8vement (VEFA), le projet est port\u00e9 par le promoteur Legendre D\u00e9veloppement Grand Ouest, en partenariat avec Vivalto Sant\u00e9 et en particulier avec les H\u00f4pitaux Priv\u00e9s Rouennais, et construit par l\u2019agence rouennaise de Legendre Ouest.<\/p>\n<p class=\" wall-content\">Mais ce sont les professionnels de sant\u00e9 eux-m\u00eames, r\u00e9unis en SCI (Soci\u00e9t\u00e9 Civile Immobili\u00e8re), qui sont propri\u00e9taires des locaux.<\/p>\n<blockquote class=\"ac-article-quote wall-content\">\n<p>C&rsquo;est un projet de longue date. Il y avait depuis longtemps une volont\u00e9 des m\u00e9decins d&rsquo;acqu\u00e9rir leurs propres locaux de consultation.<\/p>\n<p>    <strong>Matthieu Leize<\/strong><br \/>\n        Directeur D\u00e9veloppement Immobilier pour Legendre Grand Ouest.    <\/p><\/blockquote>\n<p class=\" wall-content\">La gestion du b\u00e2timent se fera donc en copropri\u00e9t\u00e9.<\/p>\n<p>Ouverture imminente<\/p>\n<p class=\" wall-content\">Les travaux avaient commenc\u00e9, il a un peu plus d\u2019un an, avec une premi\u00e8re pierre pos\u00e9e le 13 octobre 2023. L\u2019immeuble a \u00e9t\u00e9 livr\u00e9 en mai 2025.<\/p>\n<p class=\" wall-content\">L\u2019installation des <a href=\"https:\/\/actu.fr\/normandie\/rouen_76540\/medecin-a-rouen-il-a-secouru-une-passagere-lors-d-un-vol-en-avion-c-est-intimidant-comme-situation_62711237.html\" target=\"_blank\" rel=\"noopener\">professionnels de sant\u00e9<\/a> est imminente. Les sp\u00e9cialistes de la MMS d\u00e9ballent doucement leurs valises et accueilleront le public <strong>\u00e0 partir du 30\u00a0juin 2025<\/strong>. Pour ce qui est des autres professionnels, l\u2019ouverture est pr\u00e9vue fin juin \u00e9galement.<\/p>\n<p class=\" wall-content\">Un service<strong> radiologie<\/strong> est aussi attendu au rez-de-chauss\u00e9e pour compl\u00e9ter l\u2019offre de soins. Son arriv\u00e9e reste \u00e0 confirmer par le promoteur. Il reste, \u00e0 ce jour, un local de 30\u00a0m2 disponible \u00e0 la vente.<\/p>\n<p>81 boulevard de l\u2019Europe, 76100 Rouen.<\/p>\n<p>Suivez l\u2019actualit\u00e9 de Rouen <a href=\"https:\/\/www.whatsapp.com\/channel\/0029VaKfnf99hXF2ddApFB1D\" target=\"_blank\" rel=\"noopener\">sur notre cha\u00eene WhatsApp<\/a> et <a href=\"https:\/\/www.tiktok.com\/@76actu.fr?lang=fr\" target=\"_blank\" rel=\"noopener\">sur notre compte TikTok<\/a><\/p>\n<p class=\" wall-content\">Suivez toute l\u2019actualit\u00e9 de vos villes et m\u00e9dias favoris en vous inscrivant \u00e0 <a href=\"https:\/\/moncompte.actu.fr\" title=\"D\u00e9couvez Mon Actu\" rel=\"nofollow noopener\" data-trk=\"{&quot;cta&quot;:{&quot;action&quot;:&quot;https:\\\/\\\/moncompte.actu.fr&quot;,&quot;category&quot;:&quot;mon compte&quot;,&quot;from&quot;:&quot;article footer&quot;,&quot;name&quot;:&quot;Mon actu&quot;,&quot;type&quot;:&quot;cta&quot;}}\" target=\"_blank\">Mon Actu<\/a>.<\/p>\n<p>                    <script async src=\"\/\/www.tiktok.com\/embed.js\"><\/script><\/p>\n","protected":false},"excerpt":{"rendered":"Par Jessie Leclerc Publi\u00e9 le 12 juin 2025 \u00e0 6h50 Bonne nouvelle pour les habitants de Rouen (Seine-Maritime)&hellip;\n","protected":false},"author":2,"featured_media":170001,"comment_status":"","ping_status":"","sticky":false,"template":"","format":"standard","meta":{"footnotes":""},"categories":[9587],"tags":[1111,11,1777,674,1011,27,2673,12,5161,25,9590,71,104],"class_list":{"0":"post-170000","1":"post","2":"type-post","3":"status-publish","4":"format-standard","5":"has-post-thumbnail","7":"category-rouen","8":"tag-actu","9":"tag-actualites","10":"tag-eu","11":"tag-europe","12":"tag-fr","13":"tag-france","14":"tag-medecins","15":"tag-news","16":"tag-normandie","17":"tag-republique-francaise","18":"tag-rouen","19":"tag-sante","20":"tag-societe"},"share_on_mastodon":{"url":"https:\/\/pubeurope.com\/@fr\/114668686906803415","error":""},"_links":{"self":[{"href":"https:\/\/www.europesays.com\/fr\/wp-json\/wp\/v2\/posts\/170000","targetHints":{"allow":["GET"]}}],"collection":[{"href":"https:\/\/www.europesays.com\/fr\/wp-json\/wp\/v2\/posts"}],"about":[{"href":"https:\/\/www.europesays.com\/fr\/wp-json\/wp\/v2\/types\/post"}],"author":[{"embeddable":true,"href":"https:\/\/www.europesays.com\/fr\/wp-json\/wp\/v2\/users\/2"}],"replies":[{"embeddable":true,"href":"https:\/\/www.europesays.com\/fr\/wp-json\/wp\/v2\/comments?post=170000"}],"version-history":[{"count":0,"href":"https:\/\/www.europesays.com\/fr\/wp-json\/wp\/v2\/posts\/170000\/revisions"}],"wp:featuredmedia":[{"embeddable":true,"href":"https:\/\/www.europesays.com\/fr\/wp-json\/wp\/v2\/media\/170001"}],"wp:attachment":[{"href":"https:\/\/www.europesays.com\/fr\/wp-json\/wp\/v2\/media?parent=170000"}],"wp:term":[{"taxonomy":"category","embeddable":true,"href":"https:\/\/www.europesays.com\/fr\/wp-json\/wp\/v2\/categories?post=170000"},{"taxonomy":"post_tag","embeddable":true,"href":"https:\/\/www.europesays.com\/fr\/wp-json\/wp\/v2\/tags?post=170000"}],"curies":[{"name":"wp","href":"https:\/\/api.w.org\/{rel}","templated":true}]}}