{"id":170009,"date":"2025-06-12T05:20:11","date_gmt":"2025-06-12T05:20:11","guid":{"rendered":"https:\/\/www.europesays.com\/fr\/170009\/"},"modified":"2025-06-12T05:20:11","modified_gmt":"2025-06-12T05:20:11","slug":"huit-familles-en-route-vers-lemploi-et-un-logement-perenne","status":"publish","type":"post","link":"https:\/\/www.europesays.com\/fr\/170009\/","title":{"rendered":"huit familles en route vers l&#8217;emploi et un logement p\u00e9renne"},"content":{"rendered":"<p>Il y a tout juste un an, dans le cadre de la \u00ab\u00a0r\u00e9sorption\u00a0\u00bb du bidonville de Cronenbourg\u00a0\u2013 <a href=\"https:\/\/www.dna.fr\/faits-divers-justice\/2024\/06\/28\/le-bidonville-de-cronenbourg-evacue\" target=\"_blank\" rel=\"noopener\">dont les derniers occupants avaient \u00e9t\u00e9 d\u00e9log\u00e9s le 28\u00a0juin<\/a>, avant que le campement ne soit d\u00e9mantel\u00e9 et le terrain nettoy\u00e9 et cl\u00f4tur\u00e9 dans la foul\u00e9e \u2013, la Ville de Strasbourg avait d\u00e9ploy\u00e9 en quelques jours <a href=\"https:\/\/www.dna.fr\/social\/2024\/06\/27\/l-espace-16-accueillera-les-familles-du-bidonville-de-cronenbourg\" target=\"_blank\" rel=\"noopener\">une quinzaine de caravanes et de mobile-homes sur l\u2019Espace 16<\/a> , rue du Rempart. Objectif\u00a0: y accueillir de mani\u00e8re transitoire 13 familles roms, soit une soixantaine de personnes, originaires de Roumanie et de Hongrie. Il s\u2019agissait de leur assurer (enfin) des conditions de vie dignes et salubres, pour les mener en deux ans, et en y mettant les moyens, vers un logement p\u00e9renne.<\/p>\n<p>Une exp\u00e9rience \u00ab\u00a0complexe, mais porteuse de sens\u00a0\u00bb, estime le directeur g\u00e9n\u00e9ral de la F\u00e9d\u00e9ration de charit\u00e9 Caritas Alsace, Arnaud Fritsch, dont les travailleurs sociaux (\u00e0 raison de 2,5 ETP) accompagnent sur place et depuis un an la d\u00e9marche. Dans le cadre du service Carilogis de Caritas, ils assurent un suivi rapproch\u00e9&#8230;<\/p>\n","protected":false},"excerpt":{"rendered":"Il y a tout juste un an, dans le cadre de la \u00ab\u00a0r\u00e9sorption\u00a0\u00bb du bidonville de Cronenbourg\u00a0\u2013 dont&hellip;\n","protected":false},"author":2,"featured_media":170010,"comment_status":"","ping_status":"","sticky":false,"template":"","format":"standard","meta":{"footnotes":""},"categories":[2820],"tags":[1111,11,2389,2649,6084,2880,1777,674,107,1011,27,775,1061,3539,1908,12,316,25,104,640,2879,1631],"class_list":{"0":"post-170009","1":"post","2":"type-post","3":"status-publish","4":"format-standard","5":"has-post-thumbnail","7":"category-strasbourg","8":"tag-actu","9":"tag-actualites","10":"tag-alsace","11":"tag-bas-rhin","12":"tag-droit","13":"tag-edition-strasbourg","14":"tag-eu","15":"tag-europe","16":"tag-fil-info","17":"tag-fr","18":"tag-france","19":"tag-grand-est","20":"tag-immigration","21":"tag-les-ecologistes","22":"tag-logement","23":"tag-news","24":"tag-politique","25":"tag-republique-francaise","26":"tag-societe","27":"tag-strasbourg","28":"tag-strasbourg-ville","29":"tag-vie-associative"},"share_on_mastodon":{"url":"https:\/\/pubeurope.com\/@fr\/114668714366123020","error":""},"_links":{"self":[{"href":"https:\/\/www.europesays.com\/fr\/wp-json\/wp\/v2\/posts\/170009","targetHints":{"allow":["GET"]}}],"collection":[{"href":"https:\/\/www.europesays.com\/fr\/wp-json\/wp\/v2\/posts"}],"about":[{"href":"https:\/\/www.europesays.com\/fr\/wp-json\/wp\/v2\/types\/post"}],"author":[{"embeddable":true,"href":"https:\/\/www.europesays.com\/fr\/wp-json\/wp\/v2\/users\/2"}],"replies":[{"embeddable":true,"href":"https:\/\/www.europesays.com\/fr\/wp-json\/wp\/v2\/comments?post=170009"}],"version-history":[{"count":0,"href":"https:\/\/www.europesays.com\/fr\/wp-json\/wp\/v2\/posts\/170009\/revisions"}],"wp:featuredmedia":[{"embeddable":true,"href":"https:\/\/www.europesays.com\/fr\/wp-json\/wp\/v2\/media\/170010"}],"wp:attachment":[{"href":"https:\/\/www.europesays.com\/fr\/wp-json\/wp\/v2\/media?parent=170009"}],"wp:term":[{"taxonomy":"category","embeddable":true,"href":"https:\/\/www.europesays.com\/fr\/wp-json\/wp\/v2\/categories?post=170009"},{"taxonomy":"post_tag","embeddable":true,"href":"https:\/\/www.europesays.com\/fr\/wp-json\/wp\/v2\/tags?post=170009"}],"curies":[{"name":"wp","href":"https:\/\/api.w.org\/{rel}","templated":true}]}}