{"id":170013,"date":"2025-06-12T05:22:12","date_gmt":"2025-06-12T05:22:12","guid":{"rendered":"https:\/\/www.europesays.com\/fr\/170013\/"},"modified":"2025-06-12T05:22:12","modified_gmt":"2025-06-12T05:22:12","slug":"cest-un-souffle-face-a-labyssale-pollution-plastique-95-pays-signent-a-lunoc-lappel-de-nice-pour-un-texte-international-efficace-2","status":"publish","type":"post","link":"https:\/\/www.europesays.com\/fr\/170013\/","title":{"rendered":"\u00ab\u00a0C\u2019est un souffle!\u00a0\u00bb: face \u00e0 l\u2019abyssale pollution plastique, 95 pays signent \u00e0 l\u2019Unoc l\u2019appel de Nice pour un texte international efficace"},"content":{"rendered":"<p>\u00ab\u00a0La pollution plastique \u00e9touffe la vie marine et contamine notre alimentation, jusqu\u2019\u00e0 se retrouver dans notre sang\u2026 et m\u00eame dans notre cerveau.\u00a0\u00bb L\u2019alerte n\u2019est pas sign\u00e9e d\u2019une ONG mais d\u2019Antonio Guterres. Ce mardi, c\u2019est en ces termes que le secr\u00e9taire g\u00e9n\u00e9ral de l\u2019ONU a parl\u00e9 des dangers du plastique en ouverture de la 2e journ\u00e9e de l\u2019Unoc. Et il y a urgence. Car sur la Plan\u00e8te bleue, ce d\u00e9riv\u00e9 du p\u00e9trole a colonis\u00e9 terres&#8230; et flots dans les moindres recoins. Les chiffres sont abyssaux: chaque ann\u00e9e, entre 5 et 13 millions de tonnes de d\u00e9chets plastiques entrent dans les oc\u00e9ans. Depuis 1980, plus de 150 millions de tonnes s\u2019y sont accumul\u00e9es(1), le poids d\u20191,9 million d\u2019Airbus A320&#8230; Face \u00e0 ce constat, Agn\u00e8s Pannier-Runacher, ministre de la Transition \u00e9cologique, entour\u00e9e d\u2019homologues internationaux, a lanc\u00e9 en fin de journ\u00e9e \u00ab\u00a0l\u2019appel de Nice pour un trait\u00e9 ambitieux sur les plastiques\u00a0\u00bb, annon\u00e7ant sa signature par 95 pays. \u00ab\u00a0C\u2019est un message fort et clair: nous n\u2019abandonnerons pas!\u00a0\u00bb, a-t-elle martel\u00e9, deux fois, arguant qu\u2019il \u00ab\u00a0est temps d\u2019agir\u00a0\u00bb.<\/p>\n<p>Pour cela, plusieurs axes: fixer un objectif mondial de r\u00e9duction de la production et de la consommation de polym\u00e8res plastiques primaires, soutenir la cr\u00e9ation d\u2019une liste noire des plastiques les plus toxiques \u00e0 bannir mais aussi r\u00e9unir les fonds pour assurer cette transition, bien in\u00e9gale selon les contr\u00e9es du Globe&#8230; \u00ab\u00a0Le continent africain est le plus gros consommateur de plastique et le plus petit producteur. L\u2019effort doit \u00eatre collectif\u00a0\u00bb, a notamment soulign\u00e9 le repr\u00e9sentant du Ghana.<\/p>\n<p>\u00ab\u00a0C\u2019est un souffle!\u00a0\u00bb<\/p>\n<p>De quoi donner un coup d\u2019acc\u00e9l\u00e9rateur \u00e0 l\u2019action concr\u00e8te? Henri Bourgeois-Costa, directeur des affaires publiques au sein de la Fondation Tara oc\u00e9an, veut y croire. Voil\u00e0 pr\u00e8s de 3 ans qu\u2019il assiste aux r\u00e9unions de n\u00e9gociations entam\u00e9es en 2022 par l\u2019ONU pour tenter d\u2019\u00e9laborer ce Trait\u00e9 international contre la pollution plastique et le faire signer par les pays membres. Derni\u00e8res en date: en Cor\u00e9e du Sud, \u00e0 l\u2019hiver 2024, \u00ab\u00a0avec un moment d\u2019agacement envers les pays qui font de l\u2019obstruction, puissances p\u00e9troli\u00e8res en t\u00eate\u00a0\u00bb, se souvient-il. Ce mardi, l\u2019expert a tenu \u00e0 saluer \u00ab\u00a0le souffle\u00a0\u00bb donn\u00e9 par la prise de position fran\u00e7aise, \u00ab\u00a0plus volontariste\u00a0\u00bb. \u00ab\u00a0On en a enfin fini avec ce discours centr\u00e9 sur le recyclage. La r\u00e9duction \u00e0 la source mais aussi l\u2019impact du plastique sur le climat, sa toxicit\u00e9 ont \u00e9t\u00e9 au centre\u00a0\u00bb, se r\u00e9jouit-il. Si l\u2019appel de Nice a eu de l\u2019\u00e9cho ce mardi, \u00ab\u00a0il faut continuer \u00e0 en parler, on est proche des 100 pays\u00a0\u00bb, a conclu Agn\u00e8s Pannier-Runacher. Parmi les absents: le Br\u00e9sil, la Chine&#8230; et les plus gros producteurs de p\u00e9trole. Enjeu: rallier davantage de nations d\u2019ici le 5 ao\u00fbt 2025, d\u00e9but de ce qui devrait \u00eatre l\u2019ultime phase de discussions en vue de la naissance d\u2019un trait\u00e9 international. \u00c0 Nice, le compte \u00e0 rebours a commenc\u00e9.<\/p>\n<p>1. Chiffre: Notre-environnement.gouv.fr<\/p>\n","protected":false},"excerpt":{"rendered":"\u00ab\u00a0La pollution plastique \u00e9touffe la vie marine et contamine notre alimentation, jusqu\u2019\u00e0 se retrouver dans notre sang\u2026 et&hellip;\n","protected":false},"author":2,"featured_media":167352,"comment_status":"","ping_status":"","sticky":false,"template":"","format":"standard","meta":{"footnotes":""},"categories":[2819],"tags":[1111,11,436,1777,674,1011,27,12,2401,882,25],"class_list":{"0":"post-170013","1":"post","2":"type-post","3":"status-publish","4":"format-standard","5":"has-post-thumbnail","7":"category-nice","8":"tag-actu","9":"tag-actualites","10":"tag-environnement","11":"tag-eu","12":"tag-europe","13":"tag-fr","14":"tag-france","15":"tag-news","16":"tag-nice","17":"tag-provence-alpes-cote-dazur","18":"tag-republique-francaise"},"share_on_mastodon":{"url":"https:\/\/pubeurope.com\/@fr\/114668722137959503","error":""},"_links":{"self":[{"href":"https:\/\/www.europesays.com\/fr\/wp-json\/wp\/v2\/posts\/170013","targetHints":{"allow":["GET"]}}],"collection":[{"href":"https:\/\/www.europesays.com\/fr\/wp-json\/wp\/v2\/posts"}],"about":[{"href":"https:\/\/www.europesays.com\/fr\/wp-json\/wp\/v2\/types\/post"}],"author":[{"embeddable":true,"href":"https:\/\/www.europesays.com\/fr\/wp-json\/wp\/v2\/users\/2"}],"replies":[{"embeddable":true,"href":"https:\/\/www.europesays.com\/fr\/wp-json\/wp\/v2\/comments?post=170013"}],"version-history":[{"count":0,"href":"https:\/\/www.europesays.com\/fr\/wp-json\/wp\/v2\/posts\/170013\/revisions"}],"wp:featuredmedia":[{"embeddable":true,"href":"https:\/\/www.europesays.com\/fr\/wp-json\/wp\/v2\/media\/167352"}],"wp:attachment":[{"href":"https:\/\/www.europesays.com\/fr\/wp-json\/wp\/v2\/media?parent=170013"}],"wp:term":[{"taxonomy":"category","embeddable":true,"href":"https:\/\/www.europesays.com\/fr\/wp-json\/wp\/v2\/categories?post=170013"},{"taxonomy":"post_tag","embeddable":true,"href":"https:\/\/www.europesays.com\/fr\/wp-json\/wp\/v2\/tags?post=170013"}],"curies":[{"name":"wp","href":"https:\/\/api.w.org\/{rel}","templated":true}]}}