{"id":170020,"date":"2025-06-12T05:26:16","date_gmt":"2025-06-12T05:26:16","guid":{"rendered":"https:\/\/www.europesays.com\/fr\/170020\/"},"modified":"2025-06-12T05:26:16","modified_gmt":"2025-06-12T05:26:16","slug":"les-partenariats-avec-des-universites-israeliennes-font-debat-aux-beaux-arts-et-a-sciences-po-bordeaux","status":"publish","type":"post","link":"https:\/\/www.europesays.com\/fr\/170020\/","title":{"rendered":"Les partenariats avec des universit\u00e9s isra\u00e9liennes font d\u00e9bat aux Beaux-Arts et \u00e0 Sciences Po Bordeaux"},"content":{"rendered":"<p class=\"wp-block-post-excerpt__excerpt\">Face au g\u00e9nocide en cours \u00e0 Gaza, de plus en plus de voix s\u2019\u00e9l\u00e8vent dans le milieu universitaire pour d\u00e9noncer les partenariats entre \u00e9tablissements fran\u00e7ais et institutions isra\u00e9liennes, per\u00e7us comme une forme de complicit\u00e9 avec les exactions commises par l\u2019\u00c9tat h\u00e9breu. \u00c0 Bordeaux, l\u2019\u00c9cole des Beaux-Arts est dans le viseur d\u2019une partie de ses \u00e9tudiants, tandis que la mobilisation men\u00e9e \u00e0 Sciences Po semble avoir abouti \u00e0 la suspension de ses partenariats. Deuxi\u00e8me volet de notre dossier \u00ab\u00a0Pour Gaza, le Bordeaux qui boycotte Isra\u00ebl\u00a0\u00bb. <\/p>\n<p><a href=\"https:\/\/rue89bordeaux.com\/category\/actualite\/\" rel=\"tag noopener\" target=\"_blank\">Actualit\u00e9<\/a>, <a href=\"https:\/\/rue89bordeaux.com\/category\/kiosque-abonne\/\" rel=\"tag noopener\" target=\"_blank\">\u00c9dition abonn\u00e9s<\/a><\/p>\n<p>Jade Garnier<\/p>\n<p>Publi\u00e9 le 12 juin 2025\u00a0\u00a0\u00b7\u00a0\u00a0<\/p>\n<p>Imprim\u00e9 le 12 juin 2025 \u00e0 07h26\u00a0\u00a0\u00b7\u00a0\u00a0<\/p>\n<p>\t\t\t\t\t7\u00a0minutes\n<\/p>\n<p>Forts de leur ouverture \u00e0 l\u2019international, l\u2019\u00c9cole des Beaux-Arts (Ebabx) et Sciences Po \u00e0 Bordeaux entretiennent des partenariats acad\u00e9miques avec plusieurs institutions isra\u00e9liennes. L\u2019Ebabx est li\u00e9e \u00e0 l\u2019Acad\u00e9mie Bezalel des arts et du design \u00e0 J\u00e9rusalem, ainsi qu\u2019\u00e0 l\u2019Institut de technologie de Holon. Sciences Po Bordeaux propose quant \u00e0 elle des \u00e9changes avec l\u2019universit\u00e9 Reichman \u00e0 Herzliya et l\u2019universit\u00e9 Ben-Gourion \u00e0 Beer-Sheva.<\/p>\n<p>Mais face \u00e0 la situation dramatique \u00e0 Gaza, ces relations acad\u00e9miques sont de plus en plus contest\u00e9es au sein de la communaut\u00e9 universitaire. Partout en France et \u00e0 l\u2019international, les mobilisations se multiplient, poussant certaines institutions \u00e0 suspendre leurs partenariats avec des universit\u00e9s isra\u00e9liennes, comme <a href=\"https:\/\/www.rtbf.be\/article\/l-ulb-suspend-ses-partenariats-avec-les-universites-israeliennes-11380533\" target=\"_blank\" rel=\"noopener\">l\u2019Universit\u00e9 Libre de Bruxelles<\/a>, <a href=\"https:\/\/www.rts.ch\/info\/regions\/geneve\/2025\/article\/l-unige-rompt-son-partenariat-avec-l-universite-hebraique-de-jerusalem-28903674.html\" target=\"_blank\" rel=\"noopener\">l\u2019Universit\u00e9 de Gen\u00e8ve<\/a> ou encore <a href=\"https:\/\/www.franceinfo.fr\/monde\/proche-orient\/guerre\/guerre-au-proche-orient-de-dublin-a-geneve-plusieurs-universites-europeennes-rompent-leurs-liens-avec-israel_7291974.html\" target=\"_blank\" rel=\"noopener\">Trinity College \u00e0 Dublin<\/a>\u2026<\/p>\n<p>\t\tLes mobilisations s\u2019organisent<\/p>\n<p>D\u00e8s novembre 2023, \u00e0 la suite de l\u2019attaque terroriste du Hamas contre Isra\u00ebl le 7 octobre \u2013 qui a fait plus de 1200 morts, principalement des civils \u2013, une riposte militaire d\u2019ampleur a \u00e9t\u00e9 engag\u00e9e par le gouvernement de Benyamin Netanyahou, causant des dizaines de milliers de victimes dans la population civile palestinienne. <\/p>\n<p>Dans ce contexte, des groupes d\u2019\u00e9tudiants bordelais de l\u2019Ebabx et de Sciences Po se sont organis\u00e9s pour d\u00e9noncer les partenariats de leurs \u00e9coles respectives avec des \u00e9tablissements isra\u00e9liens.<\/p>\n<p>Si les deux mobilisations ne se sont pas coordonn\u00e9es pour mener une action commune, leurs formes de contestation ont d\u2019abord \u00e9t\u00e9 similaires : des p\u00e9titions ont circul\u00e9 pour r\u00e9clamer la suspension des accords, tandis que des ventes de nourriture ou d\u2019\u0153uvres d\u2019art ont \u00e9t\u00e9 organis\u00e9es afin de collecter des fonds au profit d\u2019organisations palestiniennes.<\/p>\n<blockquote class=\"wp-block-quote is-layout-flow wp-block-quote-is-layout-flow\">\n<p>\u00ab\u00a0Nos partenariats avec des \u00e9coles isra\u00e9liennes \u00e9taient d\u00e9j\u00e0 critiqu\u00e9s par des \u00e9tudiants bien avant le 7-Octobre, mais c\u2019est quand l\u2019occupation s\u2019est transform\u00e9e en g\u00e9nocide que la question a ressurgi pour \u00eatre port\u00e9e devant l\u2019administration et la direction\u00a0\u00bb, explique Lucile, \u00e9tudiante \u00e0 l\u2019Ebabx et d\u00e9l\u00e9gu\u00e9e au conseil d\u2019administration (CA).<\/p>\n<\/blockquote>\n<p class=\"has-warning-color has-text-color\">\n\t\t\t<strong> Cet article fait partie de l\u2019\u00e9dition abonn\u00e9s.<\/strong><br \/>\n\t\t\t| D\u00e9j\u00e0 abonn\u00e9\u00a0?<br \/>\n\t\t\t<a href=\"https:\/\/rue89bordeaux.com\/user\/login\/\" data-type=\"page\" data-id=\"26256\" target=\"_blank\" rel=\"noopener\">Connectez-vous<\/a>\n\t\t<\/p>\n<p>Abonnez-vous maintenant pour poursuivre votre lecture<\/p>\n<p><img loading=\"lazy\" decoding=\"async\" width=\"607\" height=\"480\" src=\"https:\/\/www.europesays.com\/fr\/wp-content\/uploads\/2025\/04\/1744387698_768_04-paywall.png\" alt=\"Abonnez-vous\" class=\"wp-image-128438\"  \/><\/p>\n<p>\t\t\t<a href=\"https:\/\/rue89bordeaux.com\/\" class=\"custom-logo-link\" rel=\"home noopener\" target=\"_blank\"><img loading=\"lazy\" decoding=\"async\" width=\"290\" height=\"49\" src=\"https:\/\/www.europesays.com\/fr\/wp-content\/uploads\/2025\/04\/logo.png\" class=\"custom-logo\" alt=\"Rue89Bordeaux Enqu\u00eates et informations de proximit\u00e9\"  \/><\/a><\/p>\n<p>\n\t\t\t\tAbonnez-vous maintenant pour suivre l\u2019actualit\u00e9 locale.\t\t\t<\/p>\n<p class=\"font-bold font-serif-heading mb-2 text-4xl\">\n\t\t\t\t\t\tL\u2019investigation locale \u00e0 port\u00e9e de main.\n\t\t\t\t\t<\/p>\n<p>\n\t\t\t\t\t\tAbonnez-vous et profitez d\u2019un acc\u00e8s illimit\u00e9 \u00e0 Rue89Bordeaux. Annulez quand vous voulez.\n\t\t\t\t\t<\/p>\n<p class=\"xl:text-sm\">\n\t\t\t\t\tD\u00e9j\u00e0 abonn\u00e9\u00a0?<br \/>\n\t\t\t\t\t<a class=\"border border-transparent text-center transition-colors duration-instant focus:border-info focus:rounded focus:shadow-focus cursor-pointer text-black hover:text-gray-700 active:bg-black-700 font-semibold inline-block\" href=\"https:\/\/rue89bordeaux.com\/user\/login\/?redirect=\/2025\/06\/les-partenariats-avec-des-universites-israeliennes-font-debat-aux-beaux-arts-et-a-sciences-po-bordeaux\/\" target=\"_blank\" rel=\"noopener\">Connectez-vous<\/a>\t\t\t\t<\/p>\n<p>\n\t\t\t\tChoisissez votre formule\u00a0:\n\t\t\t<\/p>\n<p>\t\t\t\tFermer<\/p>\n","protected":false},"excerpt":{"rendered":"Face au g\u00e9nocide en cours \u00e0 Gaza, de plus en plus de voix s\u2019\u00e9l\u00e8vent dans le milieu universitaire&hellip;\n","protected":false},"author":2,"featured_media":170021,"comment_status":"","ping_status":"","sticky":false,"template":"","format":"standard","meta":{"footnotes":""},"categories":[2817],"tags":[1111,11,1997,30448,1777,674,1011,27,664,12,2219,3518,25,30449],"class_list":{"0":"post-170020","1":"post","2":"type-post","3":"status-publish","4":"format-standard","5":"has-post-thumbnail","7":"category-bordeaux","8":"tag-actu","9":"tag-actualites","10":"tag-bordeaux","11":"tag-ecole-des-beaux-arts-de-bordeaux","12":"tag-eu","13":"tag-europe","14":"tag-fr","15":"tag-france","16":"tag-israel","17":"tag-news","18":"tag-nouvelle-aquitaine","19":"tag-palestine","20":"tag-republique-francaise","21":"tag-sciences-po-bordeaux"},"share_on_mastodon":{"url":"https:\/\/pubeurope.com\/@fr\/114668738050804752","error":""},"_links":{"self":[{"href":"https:\/\/www.europesays.com\/fr\/wp-json\/wp\/v2\/posts\/170020","targetHints":{"allow":["GET"]}}],"collection":[{"href":"https:\/\/www.europesays.com\/fr\/wp-json\/wp\/v2\/posts"}],"about":[{"href":"https:\/\/www.europesays.com\/fr\/wp-json\/wp\/v2\/types\/post"}],"author":[{"embeddable":true,"href":"https:\/\/www.europesays.com\/fr\/wp-json\/wp\/v2\/users\/2"}],"replies":[{"embeddable":true,"href":"https:\/\/www.europesays.com\/fr\/wp-json\/wp\/v2\/comments?post=170020"}],"version-history":[{"count":0,"href":"https:\/\/www.europesays.com\/fr\/wp-json\/wp\/v2\/posts\/170020\/revisions"}],"wp:featuredmedia":[{"embeddable":true,"href":"https:\/\/www.europesays.com\/fr\/wp-json\/wp\/v2\/media\/170021"}],"wp:attachment":[{"href":"https:\/\/www.europesays.com\/fr\/wp-json\/wp\/v2\/media?parent=170020"}],"wp:term":[{"taxonomy":"category","embeddable":true,"href":"https:\/\/www.europesays.com\/fr\/wp-json\/wp\/v2\/categories?post=170020"},{"taxonomy":"post_tag","embeddable":true,"href":"https:\/\/www.europesays.com\/fr\/wp-json\/wp\/v2\/tags?post=170020"}],"curies":[{"name":"wp","href":"https:\/\/api.w.org\/{rel}","templated":true}]}}