{"id":170024,"date":"2025-06-12T05:28:12","date_gmt":"2025-06-12T05:28:12","guid":{"rendered":"https:\/\/www.europesays.com\/fr\/170024\/"},"modified":"2025-06-12T05:28:12","modified_gmt":"2025-06-12T05:28:12","slug":"toulouse-a-peine-achevee-cette-nouvelle-place-connait-deja-son-succes-dans-un-quartier-jusque-la-peu-vivant","status":"publish","type":"post","link":"https:\/\/www.europesays.com\/fr\/170024\/","title":{"rendered":"Toulouse. A peine achev\u00e9e, cette nouvelle place conna\u00eet d\u00e9j\u00e0 son succ\u00e8s dans un quartier jusque-l\u00e0 peu vivant"},"content":{"rendered":"<p>            Par<br \/>\n        <strong><br \/>\n            <a href=\"https:\/\/actu.fr\/auteur\/mareva-laville-actu-fr\" title=\"Consulter tous les articles de Mar\u00e9va Laville\" target=\"_blank\" rel=\"noopener\">Mar\u00e9va Laville<\/a><br \/>\n        <\/strong><\/p>\n<p>        Publi\u00e9 le<\/p>\n<p>            12 juin 2025 \u00e0 7h10        <\/p>\n<p>Elle leur avait \u00e9t\u00e9 promise depuis bon nombre d\u2019ann\u00e9es. Fin mai\u00a02025, <strong><a href=\"https:\/\/actu.fr\/occitanie\/toulouse_31555\/toulouse-les-travaux-sont-termines-sur-cette-place-du-centre-ville-voici-a-quoi-elle-ressemble_62684715.html\" target=\"_blank\" rel=\"noopener\">la nouvelle place du Parlement de Toulouse<\/a><\/strong>, \u00e0 deux pas du Palais de Justice, s\u2019est finalement achev\u00e9e, apr\u00e8s <a href=\"https:\/\/actu.fr\/occitanie\/toulouse_31555\/toulouse-cette-place-du-centre-ville-est-en-pleine-renovation-voici-ce-qui-est-prevu_62204570.html\" target=\"_blank\" rel=\"noopener\">cinq mois de travaux<\/a>. Cinq mois qui ont tap\u00e9 sur la caisse des deux restaurants de la place, <strong>Notes et Saveurs<\/strong> et <strong>Le Petit Salin.<\/strong> Mais seulement quelques jours apr\u00e8s la r\u00e9ouverture de l\u2019espace, lib\u00e9r\u00e9 des machines de chantier, ce r\u00e9am\u00e9nagement porte d\u00e9j\u00e0 ses fruits. Au point de faire na\u00eetre une v\u00e9ritable vie de quartier. Reportage.<\/p>\n<p>    <a href=\"https:\/\/www.google.com\/maps\/embed?pb=!1m18!1m12!1m3!1d9353.616686747091!2d1.4391818536139882!3d43.59377919263212!2m3!1f0!2f0!3f0!3m2!1i1024!2i768!4f13.1!3m3!1m2!1s0x12aebc81e0d91697%3A0xef1afaaaef0185ac!2s4%20Pl.%20du%20Parlement%2C%2031000%20Toulouse!5e1!3m2!1sfr!2sfr!4v1749651659626!5m2!1sfr!2sfr\" title=\"Ouvrie le lien\" target=\"_blank\" rel=\"noopener\">Cliquez ici pour visualiser le contenu<\/a><\/p>\n<p>\u00ab\u2009Avant le quartier \u00e9tait mort le soir\u2009\u00bb, maintenant \u00ab\u2009les gens s\u2019arr\u00eatent\u2009\u00bb<\/p>\n<p class=\" wall-content\">Des gravillons, un parterre clair pour \u00e9viter toute retenue de chaleur, <a href=\"https:\/\/actu.fr\/occitanie\/toulouse_31555\/vegetalisee-cette-petite-place-de-toulouse-va-completement-changer-de-physionomie_60145596.html\" target=\"_blank\" rel=\"noopener\">sept arbres<\/a> et surtout, <a href=\"https:\/\/actu.fr\/occitanie\/toulouse_31555\/l-image-dans-le-centre-de-toulouse-cette-petite-place-vire-au-vert-elle-est-refaite-a-neuf_62456477.html\" target=\"_blank\" rel=\"noopener\">un vaste espace.<\/a> C\u2019est d\u00e9sormais ce \u00e0 quoi peuvent pr\u00e9tendre les deux restaurants de ce bout de quartier toulousain, autrefois coinc\u00e9 et oubli\u00e9 entre la zone du Palais de Justice, la place du Salin et la rue Pharaon. \u00ab\u2009Avant, ici, le quartier \u00e9tait mort le soir. Les gens passaient entre 19h et 21h le soir pour rejoindre ou revenir de la rue Pharaon et prendre le tram ou le m\u00e9tro\u2009\u00bb, raconte <strong>Guillaume Laba\u00ef, g\u00e9rant du Petit Salin.<\/strong><\/p>\n<p class=\" wall-content\">Mais depuis la livraison de la toute nouvelle place, \u00ab\u2009les gens s\u2019arr\u00eatent\u2009! Ils voient une terrasse, c\u2019est joli\u2026\u2009\u00bb, r\u00e9sume le restaurateur.<\/p>\n<blockquote class=\"ac-article-quote wall-content\">\n<p>J&rsquo;ai m\u00eame eu des clients qui habitent dans le quartier et avant \u00e7a, ils ne savaient m\u00eame pas qu&rsquo;un restaurant existait ici !<\/p>\n<p>    <strong>Guillaume Laba\u00ef<\/strong><br \/>\n        patron du Petit Salin    <\/p><\/blockquote>\n<p>    <img   decoding=\"async\" loading=\"lazy\" src=\"https:\/\/www.europesays.com\/fr\/wp-content\/uploads\/2025\/06\/place-du-parlement-toulouse-960x640.jpeg\" alt=\"La nouvelle place du Parlement a \u00e9t\u00e9 livr\u00e9e \u00e0 la fin du mois de mai 2025.\" width=\"960\" height=\"640\"\/><br \/>\n    La nouvelle place du Parlement a \u00e9t\u00e9 livr\u00e9e \u00e0 la fin du mois de mai\u00a02025. (\u00a9Mar\u00e9va Laville \/ Actu Toulouse)Double, voire triple de places en terrasse<\/p>\n<p class=\" wall-content\">Il faut dire que le changement saute aux yeux. Il y a encore cinq mois, la place du Parlement n\u2019\u00e9tait autre <a href=\"https:\/\/actu.fr\/occitanie\/toulouse_31555\/l-image-dans-le-centre-de-toulouse-cette-petite-place-vire-au-vert-elle-est-refaite-a-neuf_62456477.html\" target=\"_blank\" rel=\"noopener\">qu\u2019un bout de trottoir, une contre-all\u00e9e de circulation, un petit \u00eelot et des places de parking<\/a>. Un agencement qui ne laissait gu\u00e8re la place aux pr\u00e9cieuses <strong>terrasses<\/strong>, <a href=\"https:\/\/actu.fr\/occitanie\/toulouse_31555\/toulouse-bars-du-centre-ville-contre-guinguettes-la-guerre-des-terrasses_60972537.html\" target=\"_blank\" rel=\"noopener\">tr\u00e8s convoit\u00e9es par les bars et restaurants de la Ville rose<\/a>. Alors forc\u00e9ment, maintenant que les stationnements et la route ne mangent plus l\u2019espace, les deux restaurants peuvent en profiter pour \u00e9tendre leur service.<\/p>\n<p class=\" wall-content\">Notes et Saveurs a doubl\u00e9 son nombre de places, passant de \u00ab\u200912 \u00e0 16 couverts en terrasse l\u2019\u00e9t\u00e9 contre <strong>30 couverts aujourd\u2019hui\u2009\u00bb<\/strong>, assure le responsable <strong>Adrien Lambert<\/strong>. Au Petit Salin, cela a m\u00eame<strong> tripl\u00e9 \u00ab\u2009passant de 16 couverts l\u2019\u00e9t\u00e9 \u00e0 une cinquantaine\u2009\u00bb.<\/strong> Un cadeau qui se faisait attendre pour l\u2019un, une aubaine pour l\u2019autre.<\/p>\n<p>Un chantier dans les dossiers depuis longtemps<\/p>\n<p class=\" wall-content\">Car si Guillaume Laba\u00ef savait de pr\u00e8s ou de loin, en <a href=\"https:\/\/actu.fr\/occitanie\/toulouse_31555\/toulouse-cette-brasserie-proche-du-tribunal-est-la-jumelle-d-une-adresse-bien-connue-de-victor-hugo_55093241.html\" target=\"_blank\" rel=\"noopener\">ouvrant le Petit Salin en 2022<\/a>, que la place du Parlement pourrait \u00eatre refaite, <a href=\"https:\/\/actu.fr\/occitanie\/toulouse_31555\/toulouse-resto-bar-vin-epicerie-nouveau-lieu-aiguise-papilles-centre-ville_18814915.html\" target=\"_blank\" rel=\"noopener\">Adrien Lambert de Notes et Saveurs<\/a> tr\u00e9pignait presque de la voir na\u00eetre.<\/p>\n<blockquote class=\"ac-article-quote wall-content\">\n<p>Quand on a achet\u00e9 le fonds de commerce en septembre 2018, on nous en parlait d\u00e9j\u00e0. Donc il y a bient\u00f4t sept ans maintenant. La r\u00e9novation de cette place devait entrer dans un projet global qui concernait la place du Salin et Saint-Michel, entre autres. Puis faute de budget, peut-\u00eatre parce que \u00e7a faisait trop de travaux en m\u00eame temps aussi, le chantier a \u00e9t\u00e9 repouss\u00e9. C&rsquo;\u00e9tait pr\u00e9vu en 2023 et finalement, les travaux ont d\u00e9marr\u00e9 en janvier 2024. On \u00e9tait impatients.<\/p>\n<p>    <strong>Adrien Lambert<\/strong><br \/>\n        g\u00e9rant de Notes et Saveurs    <\/p><\/blockquote>\n<p>Jusqu\u2019\u00e0 35\u2009% de baisse de chiffre d\u2019affaires pendant les travaux<\/p>\n<p class=\" wall-content\">Car m\u00eame si les deux commerces marchaient bien auparavant, \u00ab\u2009le cadre \u00e9tait quand m\u00eame moins agr\u00e9able\u2009\u00bb, d\u00e9clare Adrien Lambert. Et pour l\u2019affaire d\u2019un commer\u00e7ant, \u00e7a joue. Le beau temps aussi. \u00ab\u2009D\u00e8s qu\u2019il y a du soleil, on voit de suite qu\u2019on a moins de difficult\u00e9s \u00e0 remplir la terrasse. \u00c7a permet de faire des bons chiffres pour les d\u00e9jeuners comme les d\u00eeners.\u2009\u00bb<\/p>\n<p class=\" wall-content\">Suffisamment pour rattraper la perte\u2009? Pendant les travaux, Notes et Saveurs accusait <strong>une baisse allant de 30 \u00e0 35\u2009% du chiffre d\u2019affaires.<\/strong> Un chiffre que n\u2019a pas souhait\u00e9 r\u00e9v\u00e9ler le g\u00e9rant du Petit Salin, de son c\u00f4t\u00e9. Mais sans conteste, il affirme que l\u2019unique acc\u00e8s laiss\u00e9 possible par les travaux a fait du tort \u00e0 son business. \u00ab\u2009On a fait moins de chiffre d\u2019affaires, c\u2019est certain. Et une fois que c\u2019est perdu, on sait qu\u2019on ne r\u00e9cup\u00e9rera pas. Par contre, oui, l\u00e0, je gagne plus d\u2019argent, mais en contrepartie, j\u2019ai rachet\u00e9 du mat\u00e9riel, j\u2019ai doubl\u00e9 mes effectifs\u2026 Concr\u00e8tement, je ne sais donc pas encore si j\u2019y gagne\u2009\u00bb, assure Guillaume Laba\u00ef.<\/p>\n<p>    <img   decoding=\"async\" loading=\"lazy\" src=\"https:\/\/www.europesays.com\/fr\/wp-content\/uploads\/2025\/06\/guillaume-labai-terrasse-960x640.jpeg\" alt=\"Guillaume Laba\u00ef, g\u00e9rant du Petit Salin, a tripl\u00e9 sa terrasse et doubl\u00e9 ses effectifs depuis la r\u00e9novation de la place du Parlement de Toulouse.\" width=\"960\" height=\"640\"\/><br \/>\n    Guillaume Laba\u00ef, g\u00e9rant du Petit Salin, a tripl\u00e9 sa terrasse et doubl\u00e9 ses effectifs depuis la r\u00e9novation de la place du Parlement de Toulouse. (\u00a9Mar\u00e9va Laville \/ Actu Toulouse)\u00ab\u2009On s\u2019attendait \u00e0 mieux, mais pas autant\u2009!\u2009\u00bb<\/p>\n<p class=\" wall-content\">Des investissements plus cons\u00e9quents que pr\u00e9vu d\u2019ailleurs. \u00ab\u2009L\u2019affluence est arriv\u00e9e du jour au lendemain\u2009! Le premier jour, on \u00e9tait en sous-effectifs. <strong>On s\u2019attendait \u00e0 du mieux, mais pas \u00e0 autant\u2009!\u2009<\/strong>\u00bb, se souvient l\u2019entrepreneur. Tant et si bien que d\u00e9sormais, Le Petit Salin qui tournait davantage le midi, notamment gr\u00e2ce aux travailleurs du Palais de justice, conna\u00eet aussi un succ\u00e8s le soir. Et m\u00eame l\u2019apr\u00e8s-midi\u2009!<\/p>\n<p class=\" wall-content\">Hasard heureux du calendrier\u2009: Le Petit Salin a obtenu sa licence 3 pour ouvrir entre le service du midi et du soir. \u00c0 ce rythme, Guillaume Laba\u00ef pourrait presque envisager d\u2019ouvrir le week-end. \u00ab\u2009J\u2019ai r\u00e2l\u00e9 pendant quatre-cinq mois, mais l\u00e0, je suis carr\u00e9ment content\u2009!\u2009\u00bb, reconna\u00eet-il. Mais chaque chose en son temps. Aujourd\u2019hui, c\u2019est surtout \u00e0 un nouveau rythme et une nouvelle vie de quartier auxquels il faut s\u2019habituer. Pour son plus grand bonheur et celui de son voisin.<\/p>\n<p class=\" wall-content\">Suivez toute l\u2019actualit\u00e9 de vos villes et m\u00e9dias favoris en vous inscrivant \u00e0 <a href=\"https:\/\/moncompte.actu.fr\" title=\"D\u00e9couvez Mon Actu\" rel=\"nofollow noopener\" data-trk=\"{&quot;cta&quot;:{&quot;action&quot;:&quot;https:\\\/\\\/moncompte.actu.fr&quot;,&quot;category&quot;:&quot;mon compte&quot;,&quot;from&quot;:&quot;article footer&quot;,&quot;name&quot;:&quot;Mon actu&quot;,&quot;type&quot;:&quot;cta&quot;}}\" target=\"_blank\">Mon Actu<\/a>.<\/p>\n<ul class=\"ac-article-tag wall-content\">\n<li><a href=\"https:\/\/actu.fr\/tag\/restaurants-de-toulouse\" data-trk=\"{&quot;cta&quot;:{&quot;action&quot;:&quot;Restaurants de Toulouse&quot;,&quot;category&quot;:&quot;tag&quot;,&quot;from&quot;:&quot;article footer&quot;,&quot;name&quot;:&quot;Restaurants de Toulouse&quot;,&quot;type&quot;:&quot;cta&quot;}}\" target=\"_blank\" rel=\"noopener\">#Restaurants de Toulouse<\/a><\/li>\n<li><a href=\"https:\/\/actu.fr\/tag\/urbanisme\" data-trk=\"{&quot;cta&quot;:{&quot;action&quot;:&quot;Urbanisme&quot;,&quot;category&quot;:&quot;tag&quot;,&quot;from&quot;:&quot;article footer&quot;,&quot;name&quot;:&quot;Urbanisme&quot;,&quot;type&quot;:&quot;cta&quot;}}\" target=\"_blank\" rel=\"noopener\">#Urbanisme<\/a><\/li>\n<\/ul>\n","protected":false},"excerpt":{"rendered":"Par Mar\u00e9va Laville Publi\u00e9 le 12 juin 2025 \u00e0 7h10 Elle leur avait \u00e9t\u00e9 promise depuis bon nombre&hellip;\n","protected":false},"author":2,"featured_media":170025,"comment_status":"","ping_status":"","sticky":false,"template":"","format":"standard","meta":{"footnotes":""},"categories":[2816],"tags":[1111,11,1777,674,1011,27,12,2680,25,2850,104,2312,1352],"class_list":{"0":"post-170024","1":"post","2":"type-post","3":"status-publish","4":"format-standard","5":"has-post-thumbnail","7":"category-toulouse","8":"tag-actu","9":"tag-actualites","10":"tag-eu","11":"tag-europe","12":"tag-fr","13":"tag-france","14":"tag-news","15":"tag-occitanie","16":"tag-republique-francaise","17":"tag-restaurants-de-toulouse","18":"tag-societe","19":"tag-toulouse","20":"tag-urbanisme"},"share_on_mastodon":{"url":"https:\/\/pubeurope.com\/@fr\/114668745890669503","error":""},"_links":{"self":[{"href":"https:\/\/www.europesays.com\/fr\/wp-json\/wp\/v2\/posts\/170024","targetHints":{"allow":["GET"]}}],"collection":[{"href":"https:\/\/www.europesays.com\/fr\/wp-json\/wp\/v2\/posts"}],"about":[{"href":"https:\/\/www.europesays.com\/fr\/wp-json\/wp\/v2\/types\/post"}],"author":[{"embeddable":true,"href":"https:\/\/www.europesays.com\/fr\/wp-json\/wp\/v2\/users\/2"}],"replies":[{"embeddable":true,"href":"https:\/\/www.europesays.com\/fr\/wp-json\/wp\/v2\/comments?post=170024"}],"version-history":[{"count":0,"href":"https:\/\/www.europesays.com\/fr\/wp-json\/wp\/v2\/posts\/170024\/revisions"}],"wp:featuredmedia":[{"embeddable":true,"href":"https:\/\/www.europesays.com\/fr\/wp-json\/wp\/v2\/media\/170025"}],"wp:attachment":[{"href":"https:\/\/www.europesays.com\/fr\/wp-json\/wp\/v2\/media?parent=170024"}],"wp:term":[{"taxonomy":"category","embeddable":true,"href":"https:\/\/www.europesays.com\/fr\/wp-json\/wp\/v2\/categories?post=170024"},{"taxonomy":"post_tag","embeddable":true,"href":"https:\/\/www.europesays.com\/fr\/wp-json\/wp\/v2\/tags?post=170024"}],"curies":[{"name":"wp","href":"https:\/\/api.w.org\/{rel}","templated":true}]}}