{"id":170030,"date":"2025-06-12T05:31:10","date_gmt":"2025-06-12T05:31:10","guid":{"rendered":"https:\/\/www.europesays.com\/fr\/170030\/"},"modified":"2025-06-12T05:31:10","modified_gmt":"2025-06-12T05:31:10","slug":"emploi-a-laeroport-de-lille-decouvrez-votre-futur-metier-lors-dun-grand-forum","status":"publish","type":"post","link":"https:\/\/www.europesays.com\/fr\/170030\/","title":{"rendered":"Emploi. \u00c0 l&rsquo;a\u00e9roport de Lille, d\u00e9couvrez votre futur m\u00e9tier lors d&rsquo;un grand forum"},"content":{"rendered":"<p>            Par<br \/>\n        <strong><br \/>\n            <a href=\"https:\/\/actu.fr\/auteur\/hervine-mahaud\" title=\"Consulter tous les articles de Hervine Mahaud\" target=\"_blank\" rel=\"noopener\">Hervine Mahaud<\/a><br \/>\n        <\/strong><\/p>\n<p>        Publi\u00e9 le<\/p>\n<p>            12 juin 2025 \u00e0 6h32        <\/p>\n<p>Si l\u2019univers de l\u2019aviation vous fascine et que vous r\u00eavez d\u2019y travailler, alors c\u2019est un rendez-vous \u00e0 ne surtout pas louper. Vendredi 20 et samedi 21 juin 2025, le <b>Club a\u00e9rien Lille M\u00e9tropole (Calm)<\/b> organise la 3e \u00e9dition du <b>Forum des m\u00e9tiers de l\u2019a\u00e9ronautique<\/b>, dans ses hangars, situ\u00e9s sur la plateforme de l\u2019<b>a\u00e9roport de Lille<\/b>. <b>Un \u00e9v\u00e9nement unique en r\u00e9gion<\/b> qui r\u00e9unit pendant deux jours l\u2019ensemble de l\u2019\u00e9cosyst\u00e8me a\u00e9ronautique : <b>\u00e9coles, entreprises, arm\u00e9es, institutions, professionnels et futurs talents<\/b>. Il sera ainsi possible de <b>d\u00e9couvrir plus de 100 m\u00e9tiers de l\u2019a\u00e9rien<\/b> \u00e0 travers des <b>rencontres<\/b>, <b>d\u00e9monstrations<\/b>, <b>conf\u00e9rences<\/b> et <b>vols d\u00e9couverte<\/b>.<\/p>\n<p>Un forum pour briser les barri\u00e8res et ouvrir le champ des possibles<\/p>\n<p class=\" wall-content\">Ce forum vise \u00e0 r\u00e9pondre \u00e0 une urgence nationale : le d\u00e9ficit d\u2019attractivit\u00e9 des m\u00e9tiers de l\u2019a\u00e9rien et de l\u2019a\u00e9ronautique aupr\u00e8s des jeunes. En effet, selon un rapport r\u00e9cent, <b>65 % des jeunes de 15 \u00e0 24 ans n\u2019ont jamais envisag\u00e9 une carri\u00e8re dans ces secteurs<\/b>, et <b>52 % s\u2019autocensurent<\/b>, estimant ces m\u00e9tiers inaccessibles ou r\u00e9serv\u00e9s \u00e0 une \u00e9lite.\u00a0<\/p>\n<p class=\" wall-content\"><a href=\"https:\/\/www.instagram.com\/p\/DKbfSOTs3jn\/embed\" title=\"Ouvrir le lien sur Instagram\" target=\"_blank\" rel=\"noopener\">Visualiser le contenu sur Instagram<\/a><\/p>\n<p class=\" wall-content\">Cons\u00e9quence : <b>le secteur a\u00e9ronautique fait face \u00e0 une p\u00e9nurie de main-d\u2019\u0153uvre pr\u00e9occupante<\/b>, notamment dans les m\u00e9tiers industriels essentiels tels que chaudronnier, stratifieur-drapeur, technicien composites, m\u00e9connus de plus de 70 % des jeunes. \u00a0<\/p>\n<p>Un enjeu strat\u00e9gique pour la fili\u00e8re a\u00e9ronautique<\/p>\n<p class=\" wall-content\">L\u2019objectif de ce forum est donc double. D\u2019une part, il vise \u00e0 \u00ab\u00a0<b>sensibiliser les jeunes<\/b> d\u00e8s le plus jeune \u00e2ge, en facilitant leurs choix <a href=\"https:\/\/actu.fr\/tag\/parcoursup\" target=\"_blank\" rel=\"noopener\">parcoursup<\/a>, en leur montrant que <b>ces m\u00e9tiers sont accessibles et porteurs d\u2019avenir<\/b>, et \u00e0 valoriser les efforts du secteur en mati\u00e8re de conditions de travail et d\u2019engagement environnemental\u00a0\u00bb, explique le Club a\u00e9rien Lille M\u00e9tropole.<\/p>\n<p class=\" wall-content\"><a href=\"https:\/\/www.instagram.com\/p\/DKTv3WzMmAz\/embed\" title=\"Ouvrir le lien sur Instagram\" target=\"_blank\" rel=\"noopener\">Visualiser le contenu sur Instagram<\/a><\/p>\n<p class=\" wall-content\">D\u2019autre part, cet \u00e9v\u00e9nement permet de\u00a0faire d\u00e9couvrir plus de 100 m\u00e9tiers de l\u2019a\u00e9rien. \u00ab\u00a0Du contr\u00f4leur a\u00e9rien au m\u00e9canicien, de l\u2019h\u00f4tesse au pompier d\u2019a\u00e9roport, en passant par les pilotes de ligne, instructeurs, agents d\u2019escale ou techniciens avioniques\u2026 <b>ce forum s\u2019adresse autant aux jeunes en recherche d\u2019orientation qu\u2019aux adultes en reconversion professionnelle<\/b>.\u00a0\u00bb<\/p>\n<p>Vid\u00e9os : en ce moment sur ActuRencontres, expo, vols\u2026 Tout un programme<\/p>\n<p class=\" wall-content\">Le Forum des m\u00e9tiers de l\u2019a\u00e9ronautique 2025 a pour ambition de d\u00e9construire ces id\u00e9es re\u00e7ues en offrant une immersion concr\u00e8te dans la diversit\u00e9 des m\u00e9tiers du secteur : il n\u2019y pas que des pilotes et des h\u00f4tesses !\u00a0 Et pour cela, un riche programme a \u00e9t\u00e9 con\u00e7u pour donner envie aux visiteurs de passer le cap.<\/p>\n<ul class=\" wall-content\">\n<li><b>Rencontres avec plus de 30 exposants<\/b>\u00a0repr\u00e9sentant l\u2019ensemble des fili\u00e8res : compagnies a\u00e9riennes, arm\u00e9es, \u00e9coles, services de s\u00e9curit\u00e9, m\u00e9tiers techniques, maintenance a\u00e9ronautique, gestion a\u00e9roportuaire, etc.<\/li>\n<li><b>Conf\u00e9rences, d\u00e9monstrations<\/b>\u00a0(pompiers, simulateurs de vol, gendarmerie, arm\u00e9e de l\u2019air, a\u00e9roclubs r\u00e9gionaux), animations pour tous, remise des BIA aux \u00e9l\u00e8ves de l\u2019a\u00e9roclub, exposition sur les femmes fran\u00e7aises pilotes professionnelles, focus sur la recherche de l\u2019aviation d\u00e9carbon\u00e9e<\/li>\n<li><b>Exposition d\u2019a\u00e9ronefs\u00a0: <\/b>Elixir, avion l\u00e9ger de 4e\u00a0g\u00e9n\u00e9ration\u00a0; Cap 10, avion de voltige\u00a0; Super Puma, h\u00e9licopt\u00e8re de combat\u00a0; drone militaire ; Stamp, avion de collection<\/li>\n<li><b>Vols d\u00e9couverte<\/b>\u00a0pour exp\u00e9rimenter le pilotage aux c\u00f4t\u00e9s de professionnels.<\/li>\n<\/ul>\n<p class=\" wall-content\">L\u2019entr\u00e9e \u00e0 ce forum est bien \u00e9videmment gratuite. Il est conseill\u00e9 de se pr\u00e9-inscrire avant de venir <a href=\"https:\/\/calm.club\/forum2025\/\" target=\"_blank\" rel=\"noopener\">en remplissant le formulaire en ligne<\/a> (bonus : un porte-cl\u00e9s vous sera offert).<\/p>\n<p>Infos pratiques : Forum des m\u00e9tiers de l\u2019a\u00e9ronautique, au CALM, Route de l\u2019A\u00e9roport, Lesquin. Vendredi 20 et samedi 21 juin 2025, de\u00a010h \u00e0 17h30.\u00a0<\/p>\n<p class=\" wall-content\">Suivez toute l\u2019actualit\u00e9 de vos villes et m\u00e9dias favoris en vous inscrivant \u00e0 <a href=\"https:\/\/moncompte.actu.fr\" title=\"D\u00e9couvez Mon Actu\" rel=\"nofollow noopener\" data-trk=\"{&quot;cta&quot;:{&quot;action&quot;:&quot;https:\\\/\\\/moncompte.actu.fr&quot;,&quot;category&quot;:&quot;mon compte&quot;,&quot;from&quot;:&quot;article footer&quot;,&quot;name&quot;:&quot;Mon actu&quot;,&quot;type&quot;:&quot;cta&quot;}}\" target=\"_blank\">Mon Actu<\/a>.<\/p>\n<p>                    <script async src=\"\/\/www.instagram.com\/embed.js\"><\/script><\/p>\n","protected":false},"excerpt":{"rendered":"Par Hervine Mahaud Publi\u00e9 le 12 juin 2025 \u00e0 6h32 Si l\u2019univers de l\u2019aviation vous fascine et que&hellip;\n","protected":false},"author":2,"featured_media":170031,"comment_status":"","ping_status":"","sticky":false,"template":"","format":"standard","meta":{"footnotes":""},"categories":[2815],"tags":[1111,11,296,33,341,1064,1777,674,1011,27,811,1307,12,25],"class_list":{"0":"post-170030","1":"post","2":"type-post","3":"status-publish","4":"format-standard","5":"has-post-thumbnail","7":"category-lille","8":"tag-actu","9":"tag-actualites","10":"tag-aeronautique","11":"tag-economie","12":"tag-emploi","13":"tag-etudiantses","14":"tag-eu","15":"tag-europe","16":"tag-fr","17":"tag-france","18":"tag-hauts-de-france","19":"tag-lille","20":"tag-news","21":"tag-republique-francaise"},"share_on_mastodon":{"url":"https:\/\/pubeurope.com\/@fr\/114668757531721023","error":""},"_links":{"self":[{"href":"https:\/\/www.europesays.com\/fr\/wp-json\/wp\/v2\/posts\/170030","targetHints":{"allow":["GET"]}}],"collection":[{"href":"https:\/\/www.europesays.com\/fr\/wp-json\/wp\/v2\/posts"}],"about":[{"href":"https:\/\/www.europesays.com\/fr\/wp-json\/wp\/v2\/types\/post"}],"author":[{"embeddable":true,"href":"https:\/\/www.europesays.com\/fr\/wp-json\/wp\/v2\/users\/2"}],"replies":[{"embeddable":true,"href":"https:\/\/www.europesays.com\/fr\/wp-json\/wp\/v2\/comments?post=170030"}],"version-history":[{"count":0,"href":"https:\/\/www.europesays.com\/fr\/wp-json\/wp\/v2\/posts\/170030\/revisions"}],"wp:featuredmedia":[{"embeddable":true,"href":"https:\/\/www.europesays.com\/fr\/wp-json\/wp\/v2\/media\/170031"}],"wp:attachment":[{"href":"https:\/\/www.europesays.com\/fr\/wp-json\/wp\/v2\/media?parent=170030"}],"wp:term":[{"taxonomy":"category","embeddable":true,"href":"https:\/\/www.europesays.com\/fr\/wp-json\/wp\/v2\/categories?post=170030"},{"taxonomy":"post_tag","embeddable":true,"href":"https:\/\/www.europesays.com\/fr\/wp-json\/wp\/v2\/tags?post=170030"}],"curies":[{"name":"wp","href":"https:\/\/api.w.org\/{rel}","templated":true}]}}