{"id":170032,"date":"2025-06-12T05:32:09","date_gmt":"2025-06-12T05:32:09","guid":{"rendered":"https:\/\/www.europesays.com\/fr\/170032\/"},"modified":"2025-06-12T05:32:09","modified_gmt":"2025-06-12T05:32:09","slug":"ces-magasins-vont-fermer-a-marseille-et-dans-les-bouches-du-rhone","status":"publish","type":"post","link":"https:\/\/www.europesays.com\/fr\/170032\/","title":{"rendered":"ces magasins vont fermer \u00e0 Marseille et dans les Bouches-du-Rh\u00f4ne"},"content":{"rendered":"<p>            Par<br \/>\n        <strong><br \/>\n            <a href=\"https:\/\/actu.fr\/auteur\/fabien-binacchi\" title=\"Consulter tous les articles de Fabien Binacchi\" rel=\"nofollow noopener\" target=\"_blank\">Fabien Binacchi<\/a><br \/>\n        <\/strong><\/p>\n<p>        Publi\u00e9 le<\/p>\n<p>            12 juin 2025 \u00e0 7h12        <\/p>\n<p>Neuf offres de reprise \u00ab\u2009irrecevables\u2009\u00bb et <strong>143 magasins<\/strong> qui vont baisser le rideau un peu partout en France. L\u2019enseigne belge de d\u00e9coration Casa, qui avait demand\u00e9 son placement en redressement judiciaire fin mars, <strong>se dirige vers une liquidation judiciaire,<\/strong> a-t-elle annonc\u00e9 dans l\u2019attente de la d\u00e9cision finale du tribunal de commerce le 27\u00a0juin.<\/p>\n<p class=\" wall-content\">\u00c0 <a href=\"https:\/\/actu.fr\/marseille\/\" rel=\"nofollow noopener\" target=\"_blank\">Marseille<\/a> et dans les <a href=\"https:\/\/actu.fr\/provence-alpes-cote-d-azur\/bouches-du-rhone_13\" rel=\"nofollow noopener\" target=\"_blank\">Bouches-du-Rh\u00f4ne<\/a>, sept boutiques sont concern\u00e9es.<\/p>\n<p>Concurrence d\u2019Ikea et en ligne<\/p>\n<p class=\" wall-content\">Son logo vert pomme devrait bient\u00f4t \u00eatre d\u00e9croch\u00e9 de toutes les devantures. <strong>700 salari\u00e9s sont concern\u00e9s<\/strong> dans tout l\u2019Hexagone. Casa va fermer ses portes en France apr\u00e8s la faillite de sa branche belge qui assurait la logistique de tout le groupe.<\/p>\n<blockquote class=\"ac-article-quote wall-content\">\n<p>La d\u00e9faillance de cette entit\u00e9 [&#8230;] a entra\u00een\u00e9 l\u2019arr\u00eat brutal de l\u2019organisation op\u00e9rationnelle des filiales en Europe. Casa France subit ainsi les cons\u00e9quences d\u2019un choc exog\u00e8ne dont elle n\u2019est pas \u00e0 l\u2019origine et ind\u00e9pendant de sa gestion.<\/p>\n<p>    <strong>Casa France<\/strong>\n            <\/p><\/blockquote>\n<p class=\" wall-content\">L\u2019entreprise a \u00e9galement souffert d\u2019un ralentissement des affaires li\u00e9 \u00e0 la crise de l\u2019immobilier, mais aussi de la concurrence du g\u00e9ant su\u00e9dois Ikea et du commerce en ligne.<\/p>\n<p>\u00c0 la Valentine notamment<\/p>\n<p class=\" wall-content\">En France, faute de repreneur \u2013 les neuf offres re\u00e7ues ne devant pas aboutir \u00ab\u2009au regard des crit\u00e8res exig\u00e9s par la loi\u2009\u00bb, 143 magasins vont baisser le rideau, dont <strong>sept dans le d\u00e9partement des Bouches-du-Rh\u00f4ne.<\/strong> Voici la liste\u2009:<\/p>\n<p>Vid\u00e9os : en ce moment sur Actu<\/p>\n<ul class=\" wall-content\">\n<li>Marseille (11e) Valentine, CC Grand V, 117 traverse de la Montre<\/li>\n<li>La Ciotat, ZAC de l\u2019Ancre Marine, 5287F chemin du Puits de Brunet<\/li>\n<li>Aix-en-Provence, 73-75 Rue des Cordeliers<\/li>\n<li>Venelle, avenue de la Grande Begude, rond-point de la gare<\/li>\n<li>Istres, zone d\u2019am\u00e9nagement concert\u00e9 Cognets Sud<\/li>\n<li>Salon-de-Provence, 9207 boulevard de la Reine-Jeanne<\/li>\n<li>Arles, zone du chemin de Fourchon.<\/li>\n<\/ul>\n<p class=\" wall-content\">Suivez toute l\u2019actualit\u00e9 de vos villes et m\u00e9dias favoris en vous inscrivant \u00e0 <a href=\"https:\/\/moncompte.actu.fr\" title=\"D\u00e9couvez Mon Actu\" rel=\"nofollow noopener\" data-trk=\"{&quot;cta&quot;:{&quot;action&quot;:&quot;https:\\\/\\\/moncompte.actu.fr&quot;,&quot;category&quot;:&quot;mon compte&quot;,&quot;from&quot;:&quot;article footer&quot;,&quot;name&quot;:&quot;Mon actu&quot;,&quot;type&quot;:&quot;cta&quot;}}\" target=\"_blank\">Mon Actu<\/a>.<\/p>\n","protected":false},"excerpt":{"rendered":"Par Fabien Binacchi Publi\u00e9 le 12 juin 2025 \u00e0 7h12 Neuf offres de reprise \u00ab\u2009irrecevables\u2009\u00bb et 143 magasins&hellip;\n","protected":false},"author":2,"featured_media":170033,"comment_status":"","ping_status":"","sticky":false,"template":"","format":"standard","meta":{"footnotes":""},"categories":[2814],"tags":[1111,11,215,33,1777,674,1011,27,884,12,882,25],"class_list":{"0":"post-170032","1":"post","2":"type-post","3":"status-publish","4":"format-standard","5":"has-post-thumbnail","7":"category-marseille","8":"tag-actu","9":"tag-actualites","10":"tag-commerce","11":"tag-economie","12":"tag-eu","13":"tag-europe","14":"tag-fr","15":"tag-france","16":"tag-marseille","17":"tag-news","18":"tag-provence-alpes-cote-dazur","19":"tag-republique-francaise"},"share_on_mastodon":{"url":"https:\/\/pubeurope.com\/@fr\/114668761648613592","error":""},"_links":{"self":[{"href":"https:\/\/www.europesays.com\/fr\/wp-json\/wp\/v2\/posts\/170032","targetHints":{"allow":["GET"]}}],"collection":[{"href":"https:\/\/www.europesays.com\/fr\/wp-json\/wp\/v2\/posts"}],"about":[{"href":"https:\/\/www.europesays.com\/fr\/wp-json\/wp\/v2\/types\/post"}],"author":[{"embeddable":true,"href":"https:\/\/www.europesays.com\/fr\/wp-json\/wp\/v2\/users\/2"}],"replies":[{"embeddable":true,"href":"https:\/\/www.europesays.com\/fr\/wp-json\/wp\/v2\/comments?post=170032"}],"version-history":[{"count":0,"href":"https:\/\/www.europesays.com\/fr\/wp-json\/wp\/v2\/posts\/170032\/revisions"}],"wp:featuredmedia":[{"embeddable":true,"href":"https:\/\/www.europesays.com\/fr\/wp-json\/wp\/v2\/media\/170033"}],"wp:attachment":[{"href":"https:\/\/www.europesays.com\/fr\/wp-json\/wp\/v2\/media?parent=170032"}],"wp:term":[{"taxonomy":"category","embeddable":true,"href":"https:\/\/www.europesays.com\/fr\/wp-json\/wp\/v2\/categories?post=170032"},{"taxonomy":"post_tag","embeddable":true,"href":"https:\/\/www.europesays.com\/fr\/wp-json\/wp\/v2\/tags?post=170032"}],"curies":[{"name":"wp","href":"https:\/\/api.w.org\/{rel}","templated":true}]}}