{"id":170034,"date":"2025-06-12T05:33:09","date_gmt":"2025-06-12T05:33:09","guid":{"rendered":"https:\/\/www.europesays.com\/fr\/170034\/"},"modified":"2025-06-12T05:33:09","modified_gmt":"2025-06-12T05:33:09","slug":"a-marseille-une-slow-fashion-week-pour-penser-la-mode-autrement-liberation","status":"publish","type":"post","link":"https:\/\/www.europesays.com\/fr\/170034\/","title":{"rendered":"A Marseille, une \u00abslow fashion week\u00bb pour penser la mode autrement \u2013 Lib\u00e9ration"},"content":{"rendered":"<p class=\"sc-ksZaOG ehjQrN text-element\">Entass\u00e9s sur un tissu rouge pos\u00e9 \u00e0 m\u00eame le sol du centre de la Vieille Charit\u00e9 de Marseille, de vieux v\u00eatements, un peu d\u00e9suets, parfois ab\u00eem\u00e9s, tr\u00f4nent en plein soleil. Au top d\u00e9part lanc\u00e9 ce samedi 7 juin \u00e0 9 heures, sept jeunes, tous cr\u00e9ateurs amateurs depuis leur chambre, s\u2019y jettent avec pour mission d\u2019\u00abupcycler\u00bb. En d\u2019autres termes : redonner \u00e0 de la mati\u00e8re inutilis\u00e9e une vie et un style pour ne pas d\u00e9truire, jeter ou racheter. Une fois quelques pi\u00e8ces en mains, direction leur poste o\u00f9 machine \u00e0 coudre et mat\u00e9riel ad\u00e9quat les attendent pour un challenge de trois heures en plein milieu du c\u00e9l\u00e8bre clo\u00eetre du XVIIe. Pour Louise, \u00e9tudiante en droit d\u2019une petite vingtaine d\u2019ann\u00e9es, \u00e7a sera un bleu de travail, de la dentelle proven\u00e7ale et du jean, \u00abune mati\u00e8re importante \u00e0 retravailler\u00bb, car n\u00e9cessitant beaucoup d\u2019eau lors de sa fabrication. Autre candidat en lice issu de la m\u00eame g\u00e9n\u00e9ration, Matis, \u00e0 l\u2019origine promis \u00e0 un avenir de d\u00e9corateur d\u2019int\u00e9rieur mais qui, devant la s\u00e9rie Netflix Next In Fashion, \u00aba ressenti des frissons partout dans le corps\u00bb en se rendant compte que lui aussi \u00abpeut cr\u00e9er ses v\u00eatements\u00bb. Deux ans plus tard, le voil\u00e0 qui brode sur une \u00e9tiquette le nom de sa marque \u2013 Maison Cattaneo \u2013 pour l\u2019afficher fi\u00e8rement, une fois sa pi\u00e8ce achev\u00e9e.<\/p>\n<p class=\"sc-ksZaOG ehjQrN text-element\">Avec ce challenge d\u2019upcycling, la version marseillaise de la fashion week est lanc\u00e9e, organis\u00e9e pour la premi\u00e8re fois par Baga. Ce collectif a \u00e9t\u00e9 cr\u00e9\u00e9 en 2023 pour \u00absensibiliser \u00e0 <\/p>\n","protected":false},"excerpt":{"rendered":"Entass\u00e9s sur un tissu rouge pos\u00e9 \u00e0 m\u00eame le sol du centre de la Vieille Charit\u00e9 de Marseille,&hellip;\n","protected":false},"author":2,"featured_media":170035,"comment_status":"","ping_status":"","sticky":false,"template":"","format":"standard","meta":{"footnotes":""},"categories":[2814],"tags":[1111,11,413,1777,674,992,764,1011,27,884,12,882,25],"class_list":{"0":"post-170034","1":"post","2":"type-post","3":"status-publish","4":"format-standard","5":"has-post-thumbnail","7":"category-marseille","8":"tag-actu","9":"tag-actualites","10":"tag-ca-va-mieux-lisant","11":"tag-eu","12":"tag-europe","13":"tag-fashion-week","14":"tag-fast-fashion","15":"tag-fr","16":"tag-france","17":"tag-marseille","18":"tag-news","19":"tag-provence-alpes-cote-dazur","20":"tag-republique-francaise"},"share_on_mastodon":{"url":"https:\/\/pubeurope.com\/@fr\/114668765446604214","error":""},"_links":{"self":[{"href":"https:\/\/www.europesays.com\/fr\/wp-json\/wp\/v2\/posts\/170034","targetHints":{"allow":["GET"]}}],"collection":[{"href":"https:\/\/www.europesays.com\/fr\/wp-json\/wp\/v2\/posts"}],"about":[{"href":"https:\/\/www.europesays.com\/fr\/wp-json\/wp\/v2\/types\/post"}],"author":[{"embeddable":true,"href":"https:\/\/www.europesays.com\/fr\/wp-json\/wp\/v2\/users\/2"}],"replies":[{"embeddable":true,"href":"https:\/\/www.europesays.com\/fr\/wp-json\/wp\/v2\/comments?post=170034"}],"version-history":[{"count":0,"href":"https:\/\/www.europesays.com\/fr\/wp-json\/wp\/v2\/posts\/170034\/revisions"}],"wp:featuredmedia":[{"embeddable":true,"href":"https:\/\/www.europesays.com\/fr\/wp-json\/wp\/v2\/media\/170035"}],"wp:attachment":[{"href":"https:\/\/www.europesays.com\/fr\/wp-json\/wp\/v2\/media?parent=170034"}],"wp:term":[{"taxonomy":"category","embeddable":true,"href":"https:\/\/www.europesays.com\/fr\/wp-json\/wp\/v2\/categories?post=170034"},{"taxonomy":"post_tag","embeddable":true,"href":"https:\/\/www.europesays.com\/fr\/wp-json\/wp\/v2\/tags?post=170034"}],"curies":[{"name":"wp","href":"https:\/\/api.w.org\/{rel}","templated":true}]}}