{"id":170042,"date":"2025-06-12T05:37:17","date_gmt":"2025-06-12T05:37:17","guid":{"rendered":"https:\/\/www.europesays.com\/fr\/170042\/"},"modified":"2025-06-12T05:37:17","modified_gmt":"2025-06-12T05:37:17","slug":"cushman-wakefield-france-arrivee-darnaud-cosny","status":"publish","type":"post","link":"https:\/\/www.europesays.com\/fr\/170042\/","title":{"rendered":"Cushman &#038; Wakefield France : arriv\u00e9e d\u2019Arnaud Cosny"},"content":{"rendered":"<p><img loading=\"lazy\" decoding=\"async\" alt=\"\u00a9 DR - Arnaud Cosny est nomm\u00e9 Responsable D\u00e9veloppement Bureaux \u00cele-de-France C&amp;W Design+Build chez Cushman &amp; Wakefield France.\" data-zoom-src=\"https:\/\/www.europesays.com\/fr\/wp-content\/uploads\/2025\/06\/initial-arnaud-cosny.jpg\" data-zoomable=\"\" height=\"702\" src=\"https:\/\/www.europesays.com\/fr\/wp-content\/uploads\/2025\/06\/initial-arnaud-cosny.jpg\" width=\"1248\"\/>  <\/p>\n<p class=\"article-desc\">\u00a9 DR &#8211; Arnaud Cosny est nomm\u00e9 Responsable D\u00e9veloppement Bureaux \u00cele-de-France C&amp;W Design+Build chez Cushman &amp; Wakefield France. <\/p>\n<p>Le groupe <strong>Cushman &amp; Wakefield France<\/strong>, bas\u00e9 \u00e0 <strong>Neuilly-sur-Seine,<\/strong> a nomm\u00e9 Arnaud Cosny en tant Responsable D\u00e9veloppement <a href=\"https:\/\/mesinfos.fr\/92200-neuilly-sur-seine\/record-des-valeurs-locatives-des-bureaux-dans-paris-212332.html\" rel=\"noopener\" target=\"_blank\">Bureaux<\/a> \u00cele-de-France chez Cushman &amp; Wakefield Design + Build France. <\/p>\n<p>Sous la direction d\u2019Herv\u00e9 Picard, directeur g\u00e9n\u00e9ral adjoint de Cushman &amp; Wakefield Design+Build France, <strong>Arnaud Cosny<\/strong> aura pour mission de piloter et structurer le d\u00e9veloppement commercial de l\u2019offre en bureaux de <strong>Design+Build<\/strong> et <strong>Project Management<\/strong>, \u00e0 destination des utilisateurs et des investisseurs. Il interviendra en synergie avec les \u00e9quipes internes pour identifier de nouvelles opportunit\u00e9s, promouvoir des solutions int\u00e9gr\u00e9es d\u2019am\u00e9nagement et renforcer la position de Cushman &amp; Wakefield Design+Build en <strong>\u00cele-de-France.<\/strong> <\/p>\n<p>Une forte exp\u00e9rience dans l\u2019am\u00e9nagement de bureaux\u00a0 <\/p>\n<p>Fort de plus de 20 ans d\u2019exp\u00e9rience dans l\u2019am\u00e9nagement de bureaux et la gestion de projets cl\u00e9s en main, Arnaud Cosny a occup\u00e9 des fonctions de direction commerciale et op\u00e9rationnelle chez CBRE, Knight Frank, T\u00e9tris et Patriarche. De formation juridique (Paris II \u2013 Panth\u00e9on Assas), il a progressivement orient\u00e9 sa carri\u00e8re vers l\u2019univers du Design &amp; Build, en accompagnant investisseurs et utilisateurs dans leurs projets de transformation immobili\u00e8re \u00e0 fort enjeu. <\/p>\n<p>\u201cL\u2019arriv\u00e9e d\u2019Arnaud renforce notre dynamique de croissance sur le march\u00e9 francilien. Sa parfaite connaissance de l\u2019\u00e9cosyst\u00e8me utilisateurs et investisseurs, combin\u00e9e \u00e0 son exp\u00e9rience des montages complexes en contractant g\u00e9n\u00e9ral, seront des atouts majeurs pour accompagner nos clients avec exigence et r\u00e9activit\u00e9\u201d, d\u00e9clare Herv\u00e9 Picard, directeur g\u00e9n\u00e9ral adjoint de Cushman &amp; Wakefield Design+Build France.<\/p>\n<p> Portrait <\/p>\n<p>Arnaud Cosny, titulaire d\u2019un troisi\u00e8me cycle en droit priv\u00e9 de l\u2019Universit\u00e9 Paris II \u2013 Panth\u00e9on Assas, a d\u00e9but\u00e9 sa carri\u00e8re chez CBRE en 2001 en tant que n\u00e9gociateur immobilier, en charge de la location et de l\u2019acquisition de bureaux en \u00cele-de-France. Il a ensuite \u00e9volu\u00e9 comme consultant senior au sein du d\u00e9partement Am\u00e9nagement de bureaux de CBRE Design&amp;Project (anciennement CBRE Workspace), avant de rejoindre Knight Frank en 2011 o\u00f9 il a pris la direction du d\u00e9partement d\u2019am\u00e9nagement de bureaux.\u00a0 <\/p>\n<p>En 2016, il int\u00e8gre T\u00e9tris (groupe JLL), d\u2019abord comme directeur de projets, puis directeur r\u00e9gional, avant d\u2019\u00eatre promu directeur national du d\u00e9partement Investisseurs en 2022, avec pour mission de d\u00e9velopper l\u2019activit\u00e9 contractant g\u00e9n\u00e9ral aupr\u00e8s d\u2019investisseurs.\u00a0 <\/p>\n<p>En 2024, il rejoint Patriarche, agence d\u2019architecture parmi les leaders en France, en tant que directeur du d\u00e9veloppement commercial du p\u00f4le Contractant G\u00e9n\u00e9ral, avant de prendre en mai 2025 la responsabilit\u00e9 du d\u00e9veloppement bureaux \u00cele-de-France de l\u2019offre Design+Build de Cushman &amp; Wakefield France.<\/p>\n","protected":false},"excerpt":{"rendered":"\u00a9 DR &#8211; Arnaud Cosny est nomm\u00e9 Responsable D\u00e9veloppement Bureaux \u00cele-de-France C&amp;W Design+Build chez Cushman &amp; Wakefield France.&hellip;\n","protected":false},"author":2,"featured_media":170043,"comment_status":"","ping_status":"","sticky":false,"template":"","format":"standard","meta":{"footnotes":""},"categories":[1592],"tags":[1111,11,7655,1777,674,1011,27,662,12,626,25],"class_list":{"0":"post-170042","1":"post","2":"type-post","3":"status-publish","4":"format-standard","5":"has-post-thumbnail","7":"category-ile-de-france","8":"tag-actu","9":"tag-actualites","10":"tag-bureaux","11":"tag-eu","12":"tag-europe","13":"tag-fr","14":"tag-france","15":"tag-ile-de-france","16":"tag-news","17":"tag-paris","18":"tag-republique-francaise"},"share_on_mastodon":{"url":"https:\/\/pubeurope.com\/@fr\/114668781276192386","error":""},"_links":{"self":[{"href":"https:\/\/www.europesays.com\/fr\/wp-json\/wp\/v2\/posts\/170042","targetHints":{"allow":["GET"]}}],"collection":[{"href":"https:\/\/www.europesays.com\/fr\/wp-json\/wp\/v2\/posts"}],"about":[{"href":"https:\/\/www.europesays.com\/fr\/wp-json\/wp\/v2\/types\/post"}],"author":[{"embeddable":true,"href":"https:\/\/www.europesays.com\/fr\/wp-json\/wp\/v2\/users\/2"}],"replies":[{"embeddable":true,"href":"https:\/\/www.europesays.com\/fr\/wp-json\/wp\/v2\/comments?post=170042"}],"version-history":[{"count":0,"href":"https:\/\/www.europesays.com\/fr\/wp-json\/wp\/v2\/posts\/170042\/revisions"}],"wp:featuredmedia":[{"embeddable":true,"href":"https:\/\/www.europesays.com\/fr\/wp-json\/wp\/v2\/media\/170043"}],"wp:attachment":[{"href":"https:\/\/www.europesays.com\/fr\/wp-json\/wp\/v2\/media?parent=170042"}],"wp:term":[{"taxonomy":"category","embeddable":true,"href":"https:\/\/www.europesays.com\/fr\/wp-json\/wp\/v2\/categories?post=170042"},{"taxonomy":"post_tag","embeddable":true,"href":"https:\/\/www.europesays.com\/fr\/wp-json\/wp\/v2\/tags?post=170042"}],"curies":[{"name":"wp","href":"https:\/\/api.w.org\/{rel}","templated":true}]}}