{"id":170050,"date":"2025-06-12T05:41:22","date_gmt":"2025-06-12T05:41:22","guid":{"rendered":"https:\/\/www.europesays.com\/fr\/170050\/"},"modified":"2025-06-12T05:41:22","modified_gmt":"2025-06-12T05:41:22","slug":"ali-dernier-crieur-de-journaux-a-paris-va-etre-decore-par-emmanuel-macron","status":"publish","type":"post","link":"https:\/\/www.europesays.com\/fr\/170050\/","title":{"rendered":"Ali, dernier crieur de journaux \u00e0 Paris, va \u00eatre d\u00e9cor\u00e9 par Emmanuel Macron"},"content":{"rendered":"<p class=\"article-p mdl\">Il fait partie du paysage parisien depuis plus d\u2019un demi-si\u00e8cle. <strong>Ali Akbar<\/strong>, dernier vendeur de journaux \u00e0 la cri\u00e9e dans la capitale, va \u00eatre <strong>d\u00e9cor\u00e9 par le pr\u00e9sident Emmanuel Macron<\/strong>. Il recevra <strong>le grade de chevalier de l\u2019ordre national du M\u00e9rite<\/strong> pour l\u2019ensemble de sa carri\u00e8re.<\/p>\n<p>Ali est <strong>le dernier repr\u00e9sentant d\u2019un m\u00e9tier disparu<\/strong> : celui de crieur de journaux. Depuis plus de 50 ans, il arpente les rues de <strong>Saint-Germain-des-Pr\u00e9s<\/strong>, journal \u00e0 la main, annon\u00e7ant les nouvelles du jour \u00e0 haute voix. Aujourd\u2019hui \u00e2g\u00e9 de 73 ans, il est devenu une v\u00e9ritable figure locale. Son \u00e9nergie, sa voix chaleureuse, et son humour ont marqu\u00e9 des g\u00e9n\u00e9rations de Parisiens et de passants.\n<\/p>\n<p>            Une vie commenc\u00e9e au Pakistan, un destin trac\u00e9 \u00e0 Paris<\/p>\n<p class=\"article-p mdl\">N\u00e9 au <strong>Pakistan<\/strong>, Ali arrive en France \u00e0 <strong>20 ans<\/strong>, en 1972. Il d\u00e9barque par bateau et commence par travailler comme <strong>plongeur<\/strong> dans un restaurant \u00e0 Rouen.<br \/>\n<br \/>Mais c\u2019est lors d\u2019une visite \u00e0 Paris que sa vie prend un tournant inattendu. Il croise un vendeur de journaux \u00e0 la cri\u00e9e, dans le quartier latin. Intrigu\u00e9, il se rapproche de ce m\u00e9tier, alors tr\u00e8s r\u00e9pandu. Il fait la rencontre du professeur Choron, fondateur de Charlie Hebdo, qui l\u2019introduit au journal. Ali commence alors \u00e0 vendre la presse dans les rues du VI\u1d49 arrondissement.<\/p>\n<p>\u00c0 l\u2019\u00e9poque, ils sont une quarantaine \u00e0 vendre les journaux \u00e0 la cri\u00e9e dans Paris. Peu \u00e0 peu, ils disparaissent. Ali, lui, continue.\u00a0<strong>\u00ab\u00a0J\u2019adore marcher et parler aux gens\u00a0\u00bb<\/strong>, explique-t-il \u00e0 nos confr\u00e8res\u00a0<a class=\"link\" href=\"https:\/\/actu.fr\/ile-de-france\/paris_75056\/ali-marchand-de-journaux-historique-de-paris-va-etre-recompense-par-emmanuel-macron_62746024.html\" target=\"_blank\" rel=\"nofollow noopener\">d&rsquo;ActuParis<\/a>. Son style est unique, il annonce les unes avec humour, d\u00e9tourne les titres pour faire rire les passants. Il travaille parfois \u00e0 v\u00e9lo, passe entre les tables des brasseries, discute avec les habitu\u00e9s.\u00a0<\/p>\n<\/p>\n<p class=\"article-p mdl\">Apr\u00e8s plus de 50 ans de m\u00e9tier, <strong>Ali Akbar va \u00eatre d\u00e9cor\u00e9 par l\u2019\u00c9lys\u00e9e<\/strong>. Le pr\u00e9sident Emmanuel Macron lui a adress\u00e9 un courrier officiel pour lui annoncer sa <strong>nomination au grade de chevalier de l\u2019ordre national du M\u00e9rite<\/strong>. Ali est bien plus qu\u2019un vendeur de journaux. Il est <strong>une m\u00e9moire vivante<\/strong>, un <strong>embl\u00e8me populaire<\/strong> du Paris de proximit\u00e9. Dans quelques jours, une fois n\u2019est pas coutume, ce ne sera pas lui qui parlera des journaux\u2026\u00a0<strong>Mais les journaux qui parleront de lui.<\/strong><\/p>\n<p>    La r\u00e9daction vous recommande<\/p>\n<p class=\"s-newsletter__title\">\n                L\u2019actualit\u00e9 par la r\u00e9daction de RTL dans votre bo\u00eete mail.\n            <\/p>\n<p class=\"s-newsletter__subtitle\">\n                Gr\u00e2ce \u00e0 votre compte RTL abonnez-vous \u00e0 la newsletter RTL info pour suivre toute l&rsquo;actualit\u00e9 au quotidien\n            <\/p>\n<p>\n                                    Lire la suite\n                                <\/p>\n","protected":false},"excerpt":{"rendered":"Il fait partie du paysage parisien depuis plus d\u2019un demi-si\u00e8cle. Ali Akbar, dernier vendeur de journaux \u00e0 la&hellip;\n","protected":false},"author":2,"featured_media":170051,"comment_status":"","ping_status":"","sticky":false,"template":"","format":"standard","meta":{"footnotes":""},"categories":[1888],"tags":[11,1777,674,107,1011,27,25917,12,626,25],"class_list":{"0":"post-170050","1":"post","2":"type-post","3":"status-publish","4":"format-standard","5":"has-post-thumbnail","7":"category-paris","8":"tag-actualites","9":"tag-eu","10":"tag-europe","11":"tag-fil-info","12":"tag-fr","13":"tag-france","14":"tag-journaux","15":"tag-news","16":"tag-paris","17":"tag-republique-francaise"},"share_on_mastodon":{"url":"https:\/\/pubeurope.com\/@fr\/114668796843055689","error":""},"_links":{"self":[{"href":"https:\/\/www.europesays.com\/fr\/wp-json\/wp\/v2\/posts\/170050","targetHints":{"allow":["GET"]}}],"collection":[{"href":"https:\/\/www.europesays.com\/fr\/wp-json\/wp\/v2\/posts"}],"about":[{"href":"https:\/\/www.europesays.com\/fr\/wp-json\/wp\/v2\/types\/post"}],"author":[{"embeddable":true,"href":"https:\/\/www.europesays.com\/fr\/wp-json\/wp\/v2\/users\/2"}],"replies":[{"embeddable":true,"href":"https:\/\/www.europesays.com\/fr\/wp-json\/wp\/v2\/comments?post=170050"}],"version-history":[{"count":0,"href":"https:\/\/www.europesays.com\/fr\/wp-json\/wp\/v2\/posts\/170050\/revisions"}],"wp:featuredmedia":[{"embeddable":true,"href":"https:\/\/www.europesays.com\/fr\/wp-json\/wp\/v2\/media\/170051"}],"wp:attachment":[{"href":"https:\/\/www.europesays.com\/fr\/wp-json\/wp\/v2\/media?parent=170050"}],"wp:term":[{"taxonomy":"category","embeddable":true,"href":"https:\/\/www.europesays.com\/fr\/wp-json\/wp\/v2\/categories?post=170050"},{"taxonomy":"post_tag","embeddable":true,"href":"https:\/\/www.europesays.com\/fr\/wp-json\/wp\/v2\/tags?post=170050"}],"curies":[{"name":"wp","href":"https:\/\/api.w.org\/{rel}","templated":true}]}}